{"id":110,"date":"2018-05-12T09:56:00","date_gmt":"2018-05-12T07:56:00","guid":{"rendered":""},"modified":"2024-11-24T22:14:51","modified_gmt":"2024-11-24T21:14:51","slug":"reflexion-historial-centro","status":"publish","type":"post","link":"https:\/\/blogsaverroes.juntadeandalucia.es\/chemaef\/2018\/05\/12\/reflexion-historial-centro\/","title":{"rendered":"REFLEXI\u00d3N HISTORIAL CENTRO"},"content":{"rendered":"<div style=\"text-align: justify\">\n&nbsp; &nbsp; Desde el a\u00f1o 2006 que llegu\u00e9 a mi centro y del cual soy director desde el 2009 hasta la fecha y renovado para cuatro a\u00f1os m\u00e1s; el centro ha ido cambiando a nivel metodol\u00f3gico en la forma de&nbsp; ense\u00f1ar y trabajar con los alumnos\/as.<\/p>\n<\/div>\n<div style=\"text-align: justify\">\n&nbsp; &nbsp; En Educaci\u00f3n Infantil, desde que llegu\u00e9 siempre ha trabajado por proyectos y esa continuidad en primaria no exist\u00eda. Desde hace 3 a\u00f1os atr\u00e1s desde Infantil a Primaria se desarrolla un proyecto anual todo el centro y desde este a\u00f1o se est\u00e1 implantando el aprendizaje cooperativo en el centro junto con el aprendizaje por proyectos.<\/p>\n<p>&nbsp; &nbsp; Puedo decir que mi centro es un centro favorable para el aprendizaje basado en proyectos por la continuidad del profesorado del centro, por la implicaci\u00f3n de las familias y por el nuevo proyecto de direcci\u00f3n presentado por m\u00ed que va encaminado hacia esa forma de trabajar.<\/p>\n<p>&nbsp; &nbsp; Ayer mismo terminamos el proyecto C\u00d3MIC empezado el 2 de Abril, que ha tenido como colof\u00f3n final la celebraci\u00f3n de la XXXIX Feria del Libro de Mor\u00f3n de la Frontera.<\/p>\n<div style=\"clear: both;text-align: center\">\n<a href=\"https:\/\/blogsaverroes.juntadeandalucia.es\/chemaef\/files\/2018\/05\/WhatsApp-Image-2018-05-10-at-14.44.08-1.jpeg\" style=\"margin-left: 1em;margin-right: 1em\"><img loading=\"lazy\" decoding=\"async\" border=\"0\" data-original-height=\"1600\" data-original-width=\"1200\" height=\"400\" src=\"https:\/\/blogsaverroes.juntadeandalucia.es\/chemaef\/files\/2018\/05\/WhatsApp-Image-2018-05-10-at-14.44.08-1-225x300.jpeg\" width=\"300\" \/><\/a><\/div>\n<p><\/p>\n<div style=\"clear: both;text-align: center\">\n<a href=\"https:\/\/blogsaverroes.juntadeandalucia.es\/chemaef\/files\/2018\/05\/WhatsApp-Image-2018-05-10-at-14.44.10-1.jpeg\" style=\"margin-left: 1em;margin-right: 1em\"><img loading=\"lazy\" decoding=\"async\" border=\"0\" data-original-height=\"1600\" data-original-width=\"1200\" height=\"400\" src=\"https:\/\/blogsaverroes.juntadeandalucia.es\/chemaef\/files\/2018\/05\/WhatsApp-Image-2018-05-10-at-14.44.10-1-225x300.jpeg\" width=\"300\" \/><\/a><\/div>\n<p><\/p>\n<div style=\"clear: both;text-align: center\">\n<a href=\"https:\/\/blogsaverroes.juntadeandalucia.es\/chemaef\/files\/2018\/05\/WhatsApp-Image-2018-05-10-at-18.23.34-1.jpeg\" style=\"margin-left: 1em;margin-right: 1em\"><img loading=\"lazy\" decoding=\"async\" border=\"0\" data-original-height=\"900\" data-original-width=\"1600\" height=\"225\" src=\"https:\/\/blogsaverroes.juntadeandalucia.es\/chemaef\/files\/2018\/05\/WhatsApp-Image-2018-05-10-at-18.23.34-1-300x169.jpeg\" width=\"400\" \/><\/a><\/div>\n<p><\/p>\n<div style=\"clear: both;text-align: center\">\n<a href=\"https:\/\/blogsaverroes.juntadeandalucia.es\/chemaef\/files\/2018\/05\/WhatsApp-Image-2018-05-10-at-18.23.32-1.jpeg\" style=\"margin-left: 1em;margin-right: 1em\"><img loading=\"lazy\" decoding=\"async\" border=\"0\" data-original-height=\"900\" data-original-width=\"1600\" height=\"225\" src=\"https:\/\/blogsaverroes.juntadeandalucia.es\/chemaef\/files\/2018\/05\/WhatsApp-Image-2018-05-10-at-18.23.32-1-300x169.jpeg\" width=\"400\" \/><\/a><\/div>\n<div style=\"clear: both;text-align: center\">\n<\/div>\n<div style=\"clear: both;text-align: center\">\n<a href=\"https:\/\/blogsaverroes.juntadeandalucia.es\/chemaef\/files\/2018\/05\/WhatsApp-Image-2018-05-12-at-19.31.30-1.jpeg\" style=\"margin-left: 1em;margin-right: 1em\"><img loading=\"lazy\" decoding=\"async\" border=\"0\" data-original-height=\"1024\" data-original-width=\"768\" height=\"400\" src=\"https:\/\/blogsaverroes.juntadeandalucia.es\/chemaef\/files\/2018\/05\/WhatsApp-Image-2018-05-12-at-19.31.30-1-225x300.jpeg\" width=\"300\" \/><\/a><\/div>\n<\/div>\n","protected":false},"excerpt":{"rendered":"<p>&nbsp; &nbsp; Desde el a\u00f1o 2006 que llegu\u00e9 a mi centro y del cual soy director desde el 2009 hasta la fecha y renovado para cuatro a\u00f1os m\u00e1s; el centro ha ido cambiando a&#46;&#46;&#46;<\/p>\n","protected":false},"author":19722,"featured_media":151,"comment_status":"open","ping_status":"closed","sticky":false,"template":"","format":"standard","meta":{"footnotes":""},"categories":[11,12],"tags":[],"aioseo_notices":[],"_links":{"self":[{"href":"https:\/\/blogsaverroes.juntadeandalucia.es\/chemaef\/wp-json\/wp\/v2\/posts\/110"}],"collection":[{"href":"https:\/\/blogsaverroes.juntadeandalucia.es\/chemaef\/wp-json\/wp\/v2\/posts"}],"about":[{"href":"https:\/\/blogsaverroes.juntadeandalucia.es\/chemaef\/wp-json\/wp\/v2\/types\/post"}],"author":[{"embeddable":true,"href":"https:\/\/blogsaverroes.juntadeandalucia.es\/chemaef\/wp-json\/wp\/v2\/users\/19722"}],"replies":[{"embeddable":true,"href":"https:\/\/blogsaverroes.juntadeandalucia.es\/chemaef\/wp-json\/wp\/v2\/comments?post=110"}],"version-history":[{"count":1,"href":"https:\/\/blogsaverroes.juntadeandalucia.es\/chemaef\/wp-json\/wp\/v2\/posts\/110\/revisions"}],"predecessor-version":[{"id":156,"href":"https:\/\/blogsaverroes.juntadeandalucia.es\/chemaef\/wp-json\/wp\/v2\/posts\/110\/revisions\/156"}],"wp:featuredmedia":[{"embeddable":true,"href":"https:\/\/blogsaverroes.juntadeandalucia.es\/chemaef\/wp-json\/wp\/v2\/media\/151"}],"wp:attachment":[{"href":"https:\/\/blogsaverroes.juntadeandalucia.es\/chemaef\/wp-json\/wp\/v2\/media?parent=110"}],"wp:term":[{"taxonomy":"category","embeddable":true,"href":"https:\/\/blogsaverroes.juntadeandalucia.es\/chemaef\/wp-json\/wp\/v2\/categories?post=110"},{"taxonomy":"post_tag","embeddable":true,"href":"https:\/\/blogsaverroes.juntadeandalucia.es\/chemaef\/wp-json\/wp\/v2\/tags?post=110"}],"curies":[{"name":"wp","href":"https:\/\/api.w.org\/{rel}","templated":true}]}}