{"id":276,"date":"2025-01-30T11:08:03","date_gmt":"2025-01-30T10:08:03","guid":{"rendered":"https:\/\/blogsaverroes.juntadeandalucia.es\/chemaef\/?p=276"},"modified":"2025-07-06T16:07:08","modified_gmt":"2025-07-06T14:07:08","slug":"orientacion","status":"publish","type":"post","link":"https:\/\/blogsaverroes.juntadeandalucia.es\/chemaef\/2025\/01\/30\/orientacion\/","title":{"rendered":"Orientaci\u00f3n"},"content":{"rendered":"<h2 data-start=\"240\" data-end=\"314\">\ud83e\udded La orientaci\u00f3n en Educaci\u00f3n F\u00edsica: mucho m\u00e1s que un juego de pistas<\/h2>\n<p data-start=\"316\" data-end=\"666\">La <strong data-start=\"319\" data-end=\"354\">orientaci\u00f3n en Educaci\u00f3n F\u00edsica<\/strong> es una herramienta did\u00e1ctica muy rica que permite trabajar habilidades espaciales, autonom\u00eda, toma de decisiones y cooperaci\u00f3n, todo ello en entornos naturales o simulados. No es solo una \u201cb\u00fasqueda del tesoro\u201d, sino un medio para desarrollar competencias clave del alumnado seg\u00fan la normativa educativa vigente.<\/p>\n<h3 data-start=\"673\" data-end=\"706\">\ud83e\uddd1\u200d\ud83c\udfeb \u00bfQu\u00e9 dice la normativa?<\/h3>\n<p data-start=\"708\" data-end=\"1201\">De acuerdo con el <strong data-start=\"726\" data-end=\"746\">Decreto 101\/2023<\/strong> de la Junta de Andaluc\u00eda, que establece el curr\u00edculo de Educaci\u00f3n Primaria, la orientaci\u00f3n aparece integrada en el \u00e1rea de Educaci\u00f3n F\u00edsica como una <strong data-start=\"896\" data-end=\"941\">situaci\u00f3n motriz de percepci\u00f3n y decisi\u00f3n<\/strong>, que contribuye al desarrollo de la <strong data-start=\"978\" data-end=\"1043\">competencia personal, social y de aprender a aprender (CPSAA)<\/strong>, as\u00ed como de la <strong data-start=\"1060\" data-end=\"1121\">competencia en conciencia y expresiones culturales (CCEC)<\/strong> y la <strong data-start=\"1127\" data-end=\"1200\">competencia en el conocimiento e interacci\u00f3n con el mundo f\u00edsico (CD)<\/strong>.<\/p>\n<p data-start=\"1203\" data-end=\"1291\">\ud83d\udd0d En particular, los <strong data-start=\"1225\" data-end=\"1244\">saberes b\u00e1sicos<\/strong> incluyen la orientaci\u00f3n como parte del bloque:<\/p>\n<blockquote data-start=\"1293\" data-end=\"1546\">\n<p data-start=\"1295\" data-end=\"1358\"><strong data-start=\"1295\" data-end=\"1344\">\u00abDesplazamientos y orientaci\u00f3n en el espacio\u00bb<\/strong>, que incluye:<\/p>\n<ul data-start=\"1361\" data-end=\"1546\">\n<li data-start=\"1361\" data-end=\"1415\">\n<p data-start=\"1363\" data-end=\"1415\">Desplazamientos en entornos conocidos y controlados.<\/p>\n<\/li>\n<li data-start=\"1418\" data-end=\"1473\">\n<p data-start=\"1420\" data-end=\"1473\">Toma de decisiones ante est\u00edmulos espaciales simples.<\/p>\n<\/li>\n<li data-start=\"1476\" data-end=\"1546\">\n<p data-start=\"1478\" data-end=\"1546\">Uso de referentes espaciales, puntos de referencia y planos simples.<\/p>\n<\/li>\n<\/ul>\n<\/blockquote>\n<h3 data-start=\"1553\" data-end=\"1595\">\ud83e\udde0 \u00bfQu\u00e9 se trabaja con la orientaci\u00f3n?<\/h3>\n<p data-start=\"1597\" data-end=\"1647\">La orientaci\u00f3n permite desarrollar en el alumnado:<\/p>\n<ul>\n<li data-start=\"1649\" data-end=\"1885\">Percepci\u00f3n del espacio y la direccionalidad.<\/li>\n<li data-start=\"1649\" data-end=\"1885\">Uso de referentes espaciales (planos, se\u00f1ales, br\u00fajulas).<\/li>\n<li data-start=\"1649\" data-end=\"1885\">Resoluci\u00f3n de retos en equipo.<\/li>\n<li data-start=\"1649\" data-end=\"1885\">Mejora de la autonom\u00eda personal.<\/li>\n<li data-start=\"1649\" data-end=\"1885\">Disfrute y respeto por el entorno natural y urbano.<\/li>\n<\/ul>\n<h3 data-start=\"1892\" data-end=\"1930\">\ud83c\udfaf Ejemplo de criterio relacionado<\/h3>\n<p data-start=\"1932\" data-end=\"2265\"><strong data-start=\"1932\" data-end=\"1951\">Criterio 5.1.a:<\/strong><br data-start=\"1951\" data-end=\"1954\" \/><em data-start=\"1954\" data-end=\"2265\">Explorar el entorno natural y urbano, aprendiendo a utilizarlo de forma segura, conociendo otros usos desde la motricidad, adoptando actitudes de respeto hacia ellos durante el desarrollo de distintas pr\u00e1cticas l\u00fadico-recreativas en contextos terrestres o acu\u00e1ticos e inici\u00e1ndose en su cuidado y conservaci\u00f3n.<\/em><\/p>\n<h3 data-start=\"2797\" data-end=\"2814\">\ud83d\udcda Conclusi\u00f3n<\/h3>\n<p data-start=\"2816\" data-end=\"3098\">La <strong data-start=\"2819\" data-end=\"2854\">orientaci\u00f3n en Educaci\u00f3n F\u00edsica<\/strong> no es solo una pr\u00e1ctica f\u00edsica, sino un veh\u00edculo pedag\u00f3gico para <strong data-start=\"2920\" data-end=\"2987\">educar en valores, pensamiento estrat\u00e9gico y autonom\u00eda personal<\/strong>. Su inclusi\u00f3n en el \u00e1rea de EF responde al enfoque competencial y vivencial que promueve la normativa vigente.<\/p>\n<h3 data-start=\"2272\" data-end=\"2336\">\ud83c\udfac \u00bfC\u00f3mo lo aplico en clase?<\/h3>\n<p data-start=\"2338\" data-end=\"2457\">A continuaci\u00f3n compartir\u00e9 v\u00eddeos de algunas propuestas pr\u00e1cticas de orientaci\u00f3n realizadas con mi alumnado, tales como:<\/p>\n<ul>\n<li>Orientaci\u00f3n con planos del patio escolar<\/li>\n<li>Juegos de pistas en el parque<\/li>\n<li>B\u00fasquedas por estaciones con retos motrices<\/li>\n<li>Uso de br\u00fajulas simb\u00f3licas y mapas creados por el propio alumnado<\/li>\n<\/ul>\n<p data-start=\"2655\" data-end=\"2790\">\ud83d\udc49 Estos v\u00eddeos mostrar\u00e1n c\u00f3mo se integran las competencias, los criterios y los valores del curr\u00edculo de forma l\u00fadica y significativa.<\/p>\n<p data-start=\"2655\" data-end=\"2790\"><strong>Curso 2024-25<\/strong><\/p>\n<p style=\"text-align: center\" data-start=\"2655\" data-end=\"2790\"><iframe loading=\"lazy\" src=\"\/\/www.youtube.com\/embed\/w_QjaNbdiNI\" width=\"560\" height=\"314\"><\/iframe><\/p>\n<ul>\n<li>Orientaci\u00f3n 6.\u00ba de primaria\u00a0<a href=\"https:\/\/www.instagram.com\/p\/DHCQlCAtl_Z\/\">https:\/\/www.instagram.com\/p\/DHCQlCAtl_Z\/<\/a><\/li>\n<li>Orientaci\u00f3n 2.\u00ba de primaria\u00a0<a href=\"https:\/\/www.instagram.com\/p\/DHCR53ANoE5\/\">https:\/\/www.instagram.com\/p\/DHCR53ANoE5\/<\/a><\/li>\n<li>Orientaci\u00f3n 3.\u00ba y 4.\u00ba de primaria:\u00a0<a href=\"https:\/\/www.instagram.com\/p\/DHEtEFZtIv8\/\">https:\/\/www.instagram.com\/p\/DHEtEFZtIv8\/\u00a0 \u00a0 \u00a0 \u00a0 \u00a0 \u00a0 \u00a0 \u00a0 \u00a0 \u00a0 \u00a0 \u00a0 \u00a0 \u00a0 \u00a0 \u00a0 \u00a0 <\/a><a href=\"https:\/\/www.instagram.com\/p\/DHGmTnYtG8B\/\">https:\/\/www.instagram.com\/p\/DHGmTnYtG8B\/<\/a><\/li>\n<li>Orientaci\u00f3n 5.\u00ba de primaria:\u00a0<a href=\"https:\/\/www.instagram.com\/p\/DHGFmbFtx4H\/\">https:\/\/www.instagram.com\/p\/DHGFmbFtx4H\/<\/a><\/li>\n<li>kahoot sobre el deporte de la orientaci\u00f3n 2.\u00ba primaria:\u00a0<a href=\"https:\/\/www.instagram.com\/p\/DFm4OfmtQfQ\/\">https:\/\/www.instagram.com\/p\/DFm4OfmtQfQ\/<\/a><\/li>\n<\/ul>\n<p data-start=\"2655\" data-end=\"2790\"><strong>Curso 2023-24<\/strong><\/p>\n<p style=\"text-align: center\" data-start=\"2655\" data-end=\"2790\"><iframe loading=\"lazy\" src=\"\/\/www.youtube.com\/embed\/Ak7ISAlpVK8\" width=\"560\" height=\"314\"><\/iframe><\/p>\n<p style=\"text-align: center\" data-start=\"2655\" data-end=\"2790\"><iframe loading=\"lazy\" src=\"\/\/www.youtube.com\/embed\/GqDR_1KCbdw\" width=\"560\" height=\"314\"><\/iframe><\/p>\n<p style=\"text-align: center\" data-start=\"2655\" data-end=\"2790\"><iframe loading=\"lazy\" src=\"\/\/www.youtube.com\/embed\/R7Snb3mz1Ik\" width=\"560\" height=\"314\"><\/iframe><\/p>\n<p style=\"text-align: center\" data-start=\"2655\" data-end=\"2790\"><iframe loading=\"lazy\" src=\"\/\/www.youtube.com\/embed\/Y-iz_Yk6Zuk\" width=\"560\" height=\"314\"><\/iframe><\/p>\n<p data-start=\"2655\" data-end=\"2790\"><strong>Curso 2022-23<\/strong><\/p>\n<p style=\"text-align: center\" data-start=\"2655\" data-end=\"2790\"><iframe loading=\"lazy\" src=\"\/\/www.youtube.com\/embed\/lXslZOwtMzw\" width=\"560\" height=\"314\"><\/iframe><\/p>\n<ul>\n<li data-start=\"2655\" data-end=\"2790\">Utilizaci\u00f3n de mapas:\u00a0<a href=\"https:\/\/www.instagram.com\/p\/CnwJ-KJtX9q\/?img_index=6\">https:\/\/www.instagram.com\/p\/CnwJ-KJtX9q\/?img_index=6<\/a><\/li>\n<\/ul>\n<p data-start=\"2655\" data-end=\"2790\"><strong>Curso 2021-22<\/strong><\/p>\n<p style=\"text-align: center\" data-start=\"2655\" data-end=\"2790\"><iframe loading=\"lazy\" src=\"\/\/www.youtube.com\/embed\/MAdGRK31Odg\" width=\"560\" height=\"314\"><\/iframe><\/p>\n<ul>\n<li data-start=\"2655\" data-end=\"2790\">Uso del mapa y hoja de registro de las pistas:\u00a0<a href=\"https:\/\/www.instagram.com\/p\/CZuPMoGt-_O\/?img_index=1\">https:\/\/www.instagram.com\/p\/CZuPMoGt-_O\/?img_index=1<\/a><\/li>\n<li data-start=\"2655\" data-end=\"2790\">Carrera de orientaci\u00f3n en el cole con el uso de mapas:\u00a0<a href=\"https:\/\/www.instagram.com\/p\/CZuP3LXtLDO\/?img_index=1\">https:\/\/www.instagram.com\/p\/CZuP3LXtLDO\/?img_index=1<\/a><\/li>\n<li data-start=\"2655\" data-end=\"2790\">Orientaci\u00f3n en el primer ciclo:\u00a0<a href=\"https:\/\/www.instagram.com\/p\/CZuRZaINO9T\/?img_index=1\">https:\/\/www.instagram.com\/p\/CZuRZaINO9T\/?img_index=1<\/a><\/li>\n<\/ul>\n<p data-start=\"2655\" data-end=\"2790\"><strong>Curso 2020-21<\/strong><\/p>\n<ul>\n<li data-start=\"2655\" data-end=\"2790\">Uso de la br\u00fajula en 3\u00ba de primaria y preparando al alumnado para el rally fotogr\u00e1fico:\u00a0<a href=\"https:\/\/www.instagram.com\/p\/B5D7TC4oWLm\/?igshid=1s7iw1l01c66&amp;img_index=1\">https:\/\/www.instagram.com\/p\/B5D7TC4oWLm\/?igshid=1s7iw1l01c66&amp;img_index=1<\/a><\/li>\n<li data-start=\"2655\" data-end=\"2790\">Resultados de nuestro rally fotogr\u00e1fico realizado por nuestro pueblo Mor\u00f3n de la Frontera:\u00a0<a href=\"https:\/\/www.instagram.com\/p\/B6O9yYEisTy\/?igshid=1vfawtackbm6x&amp;img_index=2\">https:\/\/www.instagram.com\/p\/B6O9yYEisTy\/?igshid=1vfawtackbm6x&amp;img_index=2<\/a><\/li>\n<\/ul>\n","protected":false},"excerpt":{"rendered":"<p>\ud83e\udded La orientaci\u00f3n en Educaci\u00f3n F\u00edsica: mucho m\u00e1s que un juego de pistas La orientaci\u00f3n en Educaci\u00f3n F\u00edsica es una herramienta did\u00e1ctica muy rica que permite trabajar habilidades espaciales, autonom\u00eda, toma de decisiones y&#46;&#46;&#46;<\/p>\n","protected":false},"author":19722,"featured_media":283,"comment_status":"open","ping_status":"closed","sticky":false,"template":"","format":"standard","meta":{"footnotes":""},"categories":[6,9,7,16,1,4,5],"tags":[],"aioseo_notices":[],"_links":{"self":[{"href":"https:\/\/blogsaverroes.juntadeandalucia.es\/chemaef\/wp-json\/wp\/v2\/posts\/276"}],"collection":[{"href":"https:\/\/blogsaverroes.juntadeandalucia.es\/chemaef\/wp-json\/wp\/v2\/posts"}],"about":[{"href":"https:\/\/blogsaverroes.juntadeandalucia.es\/chemaef\/wp-json\/wp\/v2\/types\/post"}],"author":[{"embeddable":true,"href":"https:\/\/blogsaverroes.juntadeandalucia.es\/chemaef\/wp-json\/wp\/v2\/users\/19722"}],"replies":[{"embeddable":true,"href":"https:\/\/blogsaverroes.juntadeandalucia.es\/chemaef\/wp-json\/wp\/v2\/comments?post=276"}],"version-history":[{"count":13,"href":"https:\/\/blogsaverroes.juntadeandalucia.es\/chemaef\/wp-json\/wp\/v2\/posts\/276\/revisions"}],"predecessor-version":[{"id":306,"href":"https:\/\/blogsaverroes.juntadeandalucia.es\/chemaef\/wp-json\/wp\/v2\/posts\/276\/revisions\/306"}],"wp:featuredmedia":[{"embeddable":true,"href":"https:\/\/blogsaverroes.juntadeandalucia.es\/chemaef\/wp-json\/wp\/v2\/media\/283"}],"wp:attachment":[{"href":"https:\/\/blogsaverroes.juntadeandalucia.es\/chemaef\/wp-json\/wp\/v2\/media?parent=276"}],"wp:term":[{"taxonomy":"category","embeddable":true,"href":"https:\/\/blogsaverroes.juntadeandalucia.es\/chemaef\/wp-json\/wp\/v2\/categories?post=276"},{"taxonomy":"post_tag","embeddable":true,"href":"https:\/\/blogsaverroes.juntadeandalucia.es\/chemaef\/wp-json\/wp\/v2\/tags?post=276"}],"curies":[{"name":"wp","href":"https:\/\/api.w.org\/{rel}","templated":true}]}}