{"id":809,"date":"2025-07-01T09:16:04","date_gmt":"2025-07-01T07:16:04","guid":{"rendered":"https:\/\/blogsaverroes.juntadeandalucia.es\/cimaalmeria\/?p=809"},"modified":"2025-07-02T13:03:59","modified_gmt":"2025-07-02T11:03:59","slug":"certificacion-del-programa-cima","status":"publish","type":"post","link":"https:\/\/blogsaverroes.juntadeandalucia.es\/cimaalmeria\/2025\/07\/01\/certificacion-del-programa-cima\/","title":{"rendered":"Certificaci\u00f3n del Programa CIMA"},"content":{"rendered":"<p>Ya est\u00e1 abierto el proceso de certificaci\u00f3n del programa CIMA correspondiente al curso 2024\/2025 y que se cerrar\u00e1 el pr\u00f3ximo 31 de agosto. Desde el perfil Coordinador de Programa Educativo o Direcci\u00f3n puede generarse el acta de certificaci\u00f3n siguiendo el proceso descrito en el siguiente <a href=\"https:\/\/www.juntadeandalucia.es\/educacion\/eaprendizaje\/wp-content\/uploads\/2025\/06\/Tutorial-certificacion-Programa-CIMA.pdf\" target=\"_blank\" rel=\"noopener\">MANUAL<\/a><\/p>\n<p>Tambi\u00e9n se puede descargar un versi\u00f3n reducida del manual desde<a href=\"https:\/\/www.juntadeandalucia.es\/educacion\/eaprendizaje\/wp-content\/uploads\/2025\/06\/Tutorial-certificacion-Programa-CIMA-version-reducida.pdf\" target=\"_blank\" rel=\"noopener\"> este enlace<\/a><\/p>\n<p>&nbsp;<\/p>\n<p><a href=\"https:\/\/blogsaverroes.juntadeandalucia.es\/cimaalmeria\/files\/2024\/07\/ci.png\"><img decoding=\"async\" class=\"aligncenter size-medium wp-image-115\" src=\"https:\/\/blogsaverroes.juntadeandalucia.es\/cimaalmeria\/files\/2024\/07\/ci-300x163.png\" alt=\"\" width=\"300\" height=\"163\" srcset=\"https:\/\/blogsaverroes.juntadeandalucia.es\/cimaalmeria\/files\/2024\/07\/ci-300x163.png 300w, https:\/\/blogsaverroes.juntadeandalucia.es\/cimaalmeria\/files\/2024\/07\/ci-24x13.png 24w, https:\/\/blogsaverroes.juntadeandalucia.es\/cimaalmeria\/files\/2024\/07\/ci-36x20.png 36w, https:\/\/blogsaverroes.juntadeandalucia.es\/cimaalmeria\/files\/2024\/07\/ci-48x26.png 48w, https:\/\/blogsaverroes.juntadeandalucia.es\/cimaalmeria\/files\/2024\/07\/ci.png 577w\" sizes=\"(max-width: 300px) 100vw, 300px\" \/><\/a><\/p>\n","protected":false},"excerpt":{"rendered":"<p>Ya est\u00e1 abierto el proceso de certificaci\u00f3n del programa CIMA correspondiente al curso 2024\/2025 y que se cerrar\u00e1 el pr\u00f3ximo 31 de agosto. Desde el perfil Coordinador de Programa Educativo o Direcci\u00f3n puede generarse&#46;&#46;&#46;<\/p>\n","protected":false},"author":1269,"featured_media":64,"comment_status":"open","ping_status":"open","sticky":false,"template":"","format":"standard","meta":{"footnotes":""},"categories":[57],"tags":[],"aioseo_notices":[],"_links":{"self":[{"href":"https:\/\/blogsaverroes.juntadeandalucia.es\/cimaalmeria\/wp-json\/wp\/v2\/posts\/809"}],"collection":[{"href":"https:\/\/blogsaverroes.juntadeandalucia.es\/cimaalmeria\/wp-json\/wp\/v2\/posts"}],"about":[{"href":"https:\/\/blogsaverroes.juntadeandalucia.es\/cimaalmeria\/wp-json\/wp\/v2\/types\/post"}],"author":[{"embeddable":true,"href":"https:\/\/blogsaverroes.juntadeandalucia.es\/cimaalmeria\/wp-json\/wp\/v2\/users\/1269"}],"replies":[{"embeddable":true,"href":"https:\/\/blogsaverroes.juntadeandalucia.es\/cimaalmeria\/wp-json\/wp\/v2\/comments?post=809"}],"version-history":[{"count":4,"href":"https:\/\/blogsaverroes.juntadeandalucia.es\/cimaalmeria\/wp-json\/wp\/v2\/posts\/809\/revisions"}],"predecessor-version":[{"id":822,"href":"https:\/\/blogsaverroes.juntadeandalucia.es\/cimaalmeria\/wp-json\/wp\/v2\/posts\/809\/revisions\/822"}],"wp:featuredmedia":[{"embeddable":true,"href":"https:\/\/blogsaverroes.juntadeandalucia.es\/cimaalmeria\/wp-json\/wp\/v2\/media\/64"}],"wp:attachment":[{"href":"https:\/\/blogsaverroes.juntadeandalucia.es\/cimaalmeria\/wp-json\/wp\/v2\/media?parent=809"}],"wp:term":[{"taxonomy":"category","embeddable":true,"href":"https:\/\/blogsaverroes.juntadeandalucia.es\/cimaalmeria\/wp-json\/wp\/v2\/categories?post=809"},{"taxonomy":"post_tag","embeddable":true,"href":"https:\/\/blogsaverroes.juntadeandalucia.es\/cimaalmeria\/wp-json\/wp\/v2\/tags?post=809"}],"curies":[{"name":"wp","href":"https:\/\/api.w.org\/{rel}","templated":true}]}}