{"id":170,"date":"2022-03-06T09:53:05","date_gmt":"2022-03-06T09:53:05","guid":{"rendered":"https:\/\/blogsaverroes.juntadeandalucia.es\/claraorientacion\/?p=170"},"modified":"2022-03-06T20:20:35","modified_gmt":"2022-03-06T20:20:35","slug":"visita-a-la-universidad-de-almeria","status":"publish","type":"post","link":"https:\/\/blogsaverroes.juntadeandalucia.es\/claraorientacion\/2022\/03\/06\/visita-a-la-universidad-de-almeria\/","title":{"rendered":"JORNADAS PRE-UNIVERSITARIAS EN LA UAL 2021\/22"},"content":{"rendered":"<p>Despu\u00e9s de 2 a\u00f1os sin poder asistir a las jornadas pre-universitarias debido a la pandemia, este curso se han retomado las visitas del alumnado de los distintos IES de la provincia a la Universidad de Almer\u00eda.<\/p>\n<p>Aqu\u00ed tenemos a nuestros alumnos y alumnas de 2\u00ba de bachillerato asistiendo el pasado 3 de marzo a la charla informativa en el Edificio Paraninfo del Campus donde se les ha explicado fechas, horarios y desarrollo de la PevAU, matriculaci\u00f3n, becas y otras cuestiones de inter\u00e9s de cara al curso pr\u00f3ximo y para los alumnos\/as que decidan continuar sus estudios realizando un grado universitario.<\/p>\n<p>Tambi\u00e9n han estado conociendo las instalaciones y recorriendo las distintas facultades seg\u00fan su inter\u00e9s en los grados ofertados por&nbsp; \u00e1reas de conocimiento, terminando la jornada comiendo y dando un paseo por &nbsp;la ciudad de Almer\u00eda.<\/p>\n<p><img loading=\"lazy\" decoding=\"async\" class=\"size-large wp-image-172 aligncenter\" src=\"https:\/\/blogsaverroes.juntadeandalucia.es\/claraorientacion\/files\/2022\/03\/Grupo-delante-UAL-1024x473.jpeg\" alt=\"Alumnado en la entrada de la UAL\" width=\"640\" height=\"296\" srcset=\"https:\/\/blogsaverroes.juntadeandalucia.es\/claraorientacion\/files\/2022\/03\/Grupo-delante-UAL-1024x473.jpeg 1024w, https:\/\/blogsaverroes.juntadeandalucia.es\/claraorientacion\/files\/2022\/03\/Grupo-delante-UAL-300x139.jpeg 300w, https:\/\/blogsaverroes.juntadeandalucia.es\/claraorientacion\/files\/2022\/03\/Grupo-delante-UAL-768x355.jpeg 768w, https:\/\/blogsaverroes.juntadeandalucia.es\/claraorientacion\/files\/2022\/03\/Grupo-delante-UAL.jpeg 1280w\" sizes=\"(max-width: 640px) 100vw, 640px\" \/><img loading=\"lazy\" decoding=\"async\" class=\"alignnone wp-image-173\" src=\"https:\/\/blogsaverroes.juntadeandalucia.es\/claraorientacion\/files\/2022\/03\/Alumnos-1-fila.jpeg\" alt=\"\" width=\"393\" height=\"149\" srcset=\"https:\/\/blogsaverroes.juntadeandalucia.es\/claraorientacion\/files\/2022\/03\/Alumnos-1-fila.jpeg 952w, https:\/\/blogsaverroes.juntadeandalucia.es\/claraorientacion\/files\/2022\/03\/Alumnos-1-fila-300x113.jpeg 300w, https:\/\/blogsaverroes.juntadeandalucia.es\/claraorientacion\/files\/2022\/03\/Alumnos-1-fila-768x290.jpeg 768w\" sizes=\"(max-width: 393px) 100vw, 393px\" \/><img loading=\"lazy\" decoding=\"async\" class=\"alignnone wp-image-174\" src=\"https:\/\/blogsaverroes.juntadeandalucia.es\/claraorientacion\/files\/2022\/03\/Alumnos-2-filas-1024x474.jpeg\" alt=\"\" width=\"322\" height=\"150\" srcset=\"https:\/\/blogsaverroes.juntadeandalucia.es\/claraorientacion\/files\/2022\/03\/Alumnos-2-filas-1024x474.jpeg 1024w, https:\/\/blogsaverroes.juntadeandalucia.es\/claraorientacion\/files\/2022\/03\/Alumnos-2-filas-300x139.jpeg 300w, https:\/\/blogsaverroes.juntadeandalucia.es\/claraorientacion\/files\/2022\/03\/Alumnos-2-filas-768x356.jpeg 768w, https:\/\/blogsaverroes.juntadeandalucia.es\/claraorientacion\/files\/2022\/03\/Alumnos-2-filas.jpeg 1118w\" sizes=\"(max-width: 322px) 100vw, 322px\" \/><\/p>\n<p style=\"text-align: left\">Un buen d\u00eda, que ayudar\u00e1 a nuestro alumnado a acercarse m\u00e1s a la vida universitaria.<\/p>\n<p><img loading=\"lazy\" decoding=\"async\" class=\"wp-image-171 alignleft\" src=\"https:\/\/blogsaverroes.juntadeandalucia.es\/claraorientacion\/files\/2022\/03\/Logo_UAL_Transparente.png\" alt=\"\" width=\"83\" height=\"83\" srcset=\"https:\/\/blogsaverroes.juntadeandalucia.es\/claraorientacion\/files\/2022\/03\/Logo_UAL_Transparente.png 387w, https:\/\/blogsaverroes.juntadeandalucia.es\/claraorientacion\/files\/2022\/03\/Logo_UAL_Transparente-300x300.png 300w, https:\/\/blogsaverroes.juntadeandalucia.es\/claraorientacion\/files\/2022\/03\/Logo_UAL_Transparente-150x150.png 150w\" sizes=\"(max-width: 83px) 100vw, 83px\" \/><span style=\"color: #000000\">M\u00e1s informaci\u00f3n:<\/span><\/p>\n<p><span style=\"text-decoration: underline\"><span style=\"color: #ff00ff;text-decoration: underline\"><a style=\"color: #ff00ff;text-decoration: underline\" href=\"https:\/\/www.ual.es\/estudios\/gestionesacademicas\/acceso\/jornadas-preuniversitarias\">Videos y otros.<\/a><\/span><\/span><\/p>\n<p><span style=\"text-decoration: underline\"><span style=\"color: #ff00ff;text-decoration: underline\"><a style=\"color: #ff00ff;text-decoration: underline\" href=\"https:\/\/www.ual.es\/\">Universidad de Almer\u00eda<\/a>.<\/span><\/span><\/p>\n","protected":false},"excerpt":{"rendered":"<p>Despu\u00e9s de 2 a\u00f1os sin poder asistir a las jornadas pre-universitarias debido a la pandemia, este curso se han retomado las visitas del alumnado de los distintos IES de la provincia a la Universidad&#46;&#46;&#46;<\/p>\n","protected":false},"author":14281,"featured_media":0,"comment_status":"open","ping_status":"open","sticky":false,"template":"","format":"standard","meta":{"ngg_post_thumbnail":0,"footnotes":""},"categories":[4,31,32],"tags":[],"aioseo_notices":[],"_links":{"self":[{"href":"https:\/\/blogsaverroes.juntadeandalucia.es\/claraorientacion\/wp-json\/wp\/v2\/posts\/170"}],"collection":[{"href":"https:\/\/blogsaverroes.juntadeandalucia.es\/claraorientacion\/wp-json\/wp\/v2\/posts"}],"about":[{"href":"https:\/\/blogsaverroes.juntadeandalucia.es\/claraorientacion\/wp-json\/wp\/v2\/types\/post"}],"author":[{"embeddable":true,"href":"https:\/\/blogsaverroes.juntadeandalucia.es\/claraorientacion\/wp-json\/wp\/v2\/users\/14281"}],"replies":[{"embeddable":true,"href":"https:\/\/blogsaverroes.juntadeandalucia.es\/claraorientacion\/wp-json\/wp\/v2\/comments?post=170"}],"version-history":[{"count":11,"href":"https:\/\/blogsaverroes.juntadeandalucia.es\/claraorientacion\/wp-json\/wp\/v2\/posts\/170\/revisions"}],"predecessor-version":[{"id":212,"href":"https:\/\/blogsaverroes.juntadeandalucia.es\/claraorientacion\/wp-json\/wp\/v2\/posts\/170\/revisions\/212"}],"wp:attachment":[{"href":"https:\/\/blogsaverroes.juntadeandalucia.es\/claraorientacion\/wp-json\/wp\/v2\/media?parent=170"}],"wp:term":[{"taxonomy":"category","embeddable":true,"href":"https:\/\/blogsaverroes.juntadeandalucia.es\/claraorientacion\/wp-json\/wp\/v2\/categories?post=170"},{"taxonomy":"post_tag","embeddable":true,"href":"https:\/\/blogsaverroes.juntadeandalucia.es\/claraorientacion\/wp-json\/wp\/v2\/tags?post=170"}],"curies":[{"name":"wp","href":"https:\/\/api.w.org\/{rel}","templated":true}]}}