{"id":234,"date":"2022-06-14T09:27:44","date_gmt":"2022-06-14T09:27:44","guid":{"rendered":"https:\/\/blogsaverroes.juntadeandalucia.es\/claraorientacion\/?p=234"},"modified":"2022-06-16T07:07:04","modified_gmt":"2022-06-16T07:07:04","slug":"informacion-sobre-escolarizacion-en-formacion-profesional-junio-2022","status":"publish","type":"post","link":"https:\/\/blogsaverroes.juntadeandalucia.es\/claraorientacion\/2022\/06\/14\/informacion-sobre-escolarizacion-en-formacion-profesional-junio-2022\/","title":{"rendered":"INFORMACI\u00d3N SOBRE ESCOLARIZACI\u00d3N EN FORMACI\u00d3N PROFESIONAL- JUNIO 2022"},"content":{"rendered":"<p style=\"text-align: left\"><span style=\"text-decoration: underline\"><span style=\"color: #000000\"><strong>PERIODO ORDINARIO<\/strong><\/span><\/span><\/p>\n<p><img loading=\"lazy\" decoding=\"async\" class=\"size-large wp-image-236 aligncenter\" src=\"https:\/\/blogsaverroes.juntadeandalucia.es\/claraorientacion\/files\/2022\/06\/fp-1-1024x310.png\" alt=\"\" width=\"640\" height=\"194\" srcset=\"https:\/\/blogsaverroes.juntadeandalucia.es\/claraorientacion\/files\/2022\/06\/fp-1-1024x310.png 1024w, https:\/\/blogsaverroes.juntadeandalucia.es\/claraorientacion\/files\/2022\/06\/fp-1-300x91.png 300w, https:\/\/blogsaverroes.juntadeandalucia.es\/claraorientacion\/files\/2022\/06\/fp-1-768x233.png 768w, https:\/\/blogsaverroes.juntadeandalucia.es\/claraorientacion\/files\/2022\/06\/fp-1.png 1128w\" sizes=\"(max-width: 640px) 100vw, 640px\" \/><\/p>\n<p><img loading=\"lazy\" decoding=\"async\" class=\"alignnone size-large wp-image-237 aligncenter\" src=\"https:\/\/blogsaverroes.juntadeandalucia.es\/claraorientacion\/files\/2022\/06\/FP-2-1024x751.png\" alt=\"\" width=\"640\" height=\"469\" srcset=\"https:\/\/blogsaverroes.juntadeandalucia.es\/claraorientacion\/files\/2022\/06\/FP-2-1024x751.png 1024w, https:\/\/blogsaverroes.juntadeandalucia.es\/claraorientacion\/files\/2022\/06\/FP-2-300x220.png 300w, https:\/\/blogsaverroes.juntadeandalucia.es\/claraorientacion\/files\/2022\/06\/FP-2-768x563.png 768w, https:\/\/blogsaverroes.juntadeandalucia.es\/claraorientacion\/files\/2022\/06\/FP-2.png 1137w\" sizes=\"(max-width: 640px) 100vw, 640px\" \/><img loading=\"lazy\" decoding=\"async\" class=\"wp-image-238 aligncenter\" src=\"https:\/\/blogsaverroes.juntadeandalucia.es\/claraorientacion\/files\/2022\/06\/FP-3.png\" alt=\"\" width=\"552\" height=\"322\" srcset=\"https:\/\/blogsaverroes.juntadeandalucia.es\/claraorientacion\/files\/2022\/06\/FP-3.png 998w, https:\/\/blogsaverroes.juntadeandalucia.es\/claraorientacion\/files\/2022\/06\/FP-3-300x175.png 300w, https:\/\/blogsaverroes.juntadeandalucia.es\/claraorientacion\/files\/2022\/06\/FP-3-768x448.png 768w\" sizes=\"(max-width: 552px) 100vw, 552px\" \/><\/p>\n<p style=\"text-align: left\"><span style=\"text-decoration: underline\"><span style=\"color: #ff0000\"><strong>PERIODO\u00a0 EXTRAORDINARIO<\/strong><\/span><\/span><\/p>\n<p><img loading=\"lazy\" decoding=\"async\" class=\"alignnone size-large wp-image-242 aligncenter\" src=\"https:\/\/blogsaverroes.juntadeandalucia.es\/claraorientacion\/files\/2022\/06\/FP.-Extraordinario-1-1024x262.png\" alt=\"\" width=\"640\" height=\"164\" srcset=\"https:\/\/blogsaverroes.juntadeandalucia.es\/claraorientacion\/files\/2022\/06\/FP.-Extraordinario-1-1024x262.png 1024w, https:\/\/blogsaverroes.juntadeandalucia.es\/claraorientacion\/files\/2022\/06\/FP.-Extraordinario-1-300x77.png 300w, https:\/\/blogsaverroes.juntadeandalucia.es\/claraorientacion\/files\/2022\/06\/FP.-Extraordinario-1-768x196.png 768w, https:\/\/blogsaverroes.juntadeandalucia.es\/claraorientacion\/files\/2022\/06\/FP.-Extraordinario-1.png 1036w\" sizes=\"(max-width: 640px) 100vw, 640px\" \/><\/p>\n<p>&nbsp;<\/p>\n<p><span style=\"text-decoration: underline\"><span style=\"color: #808080\"><strong>LISTAS DE ESPERA Y SOLICITUDES EXTEMPOR\u00c1NEAS<\/strong><\/span><\/span><\/p>\n<p><span style=\"text-decoration: underline\"><span style=\"color: #808080\"><strong><img loading=\"lazy\" decoding=\"async\" class=\"wp-image-243 aligncenter\" src=\"https:\/\/blogsaverroes.juntadeandalucia.es\/claraorientacion\/files\/2022\/06\/Listas-de-espera.png\" alt=\"\" width=\"672\" height=\"132\" srcset=\"https:\/\/blogsaverroes.juntadeandalucia.es\/claraorientacion\/files\/2022\/06\/Listas-de-espera.png 1012w, https:\/\/blogsaverroes.juntadeandalucia.es\/claraorientacion\/files\/2022\/06\/Listas-de-espera-300x59.png 300w, https:\/\/blogsaverroes.juntadeandalucia.es\/claraorientacion\/files\/2022\/06\/Listas-de-espera-768x150.png 768w\" sizes=\"(max-width: 672px) 100vw, 672px\" \/><\/strong><\/span><\/span><\/p>\n<p style=\"text-align: left\"><strong>\u00a0<span style=\"color: #000000\">CALENDARIO\u00a0 ESCOLARIZACI\u00d3N<\/span><\/strong><\/p>\n<p><img loading=\"lazy\" decoding=\"async\" class=\" wp-image-244 aligncenter\" src=\"https:\/\/blogsaverroes.juntadeandalucia.es\/claraorientacion\/files\/2022\/06\/Calendario-provisional-1024x603.png\" alt=\"\" width=\"681\" height=\"401\" srcset=\"https:\/\/blogsaverroes.juntadeandalucia.es\/claraorientacion\/files\/2022\/06\/Calendario-provisional-1024x603.png 1024w, https:\/\/blogsaverroes.juntadeandalucia.es\/claraorientacion\/files\/2022\/06\/Calendario-provisional-300x177.png 300w, https:\/\/blogsaverroes.juntadeandalucia.es\/claraorientacion\/files\/2022\/06\/Calendario-provisional-768x452.png 768w, https:\/\/blogsaverroes.juntadeandalucia.es\/claraorientacion\/files\/2022\/06\/Calendario-provisional.png 1341w\" sizes=\"(max-width: 681px) 100vw, 681px\" \/><\/p>\n<p>&nbsp;<\/p>\n<p style=\"text-align: center\"><strong>WEBS DE FORMACI\u00d3N PROFESIONAL<\/strong><\/p>\n<p><strong>Web de Formaci\u00f3n Profesional del\u00a0 Ministerio de Educaci\u00f3n:<\/strong> <a href=\"https:\/\/www.todofp.es\/inicio.html\"><span style=\"text-decoration: underline\">https:\/\/www.todofp.es\/inicio.html<\/span><\/a><\/p>\n<p><strong>Web de Formaci\u00f3n Profesional de la Consejer\u00eda de Educaci\u00f3n:<\/strong> <a href=\"https:\/\/www.juntadeandalucia.es\/educacion\/portals\/web\/formacion-profesional-andaluza\">https:\/\/www.juntadeandalucia.es\/educacion\/portals\/web\/formacion-profesional-andaluza<\/a><\/p>\n<p><strong>Web de la SECRETAR\u00cdA VIRTUAL DE LOS CENTROS:<\/strong> <a href=\"https:\/\/www.juntadeandalucia.es\/educacion\/secretariavirtual\/\">https:\/\/www.juntadeandalucia.es\/educacion\/secretariavirtual\/<\/a><\/p>\n<p><strong>V\u00eddeo Tutorial C\u00f3mo solicitar admisi\u00f3n en Formaci\u00f3n profesional:<\/strong>\u00a0 <a href=\"https:\/\/www.youtube.com\/watch?v=ezcBivjnMJw\">https:\/\/www.youtube.com\/watch?v=ezcBivjnMJw<\/a><\/p>\n<p><strong>Consulta los centros docentes que ofrecen el ciclo de tu inter\u00e9s (selecciona Formaci\u00f3n Profesional):<\/strong><\/p>\n<p><a href=\"https:\/\/www.juntadeandalucia.es\/educacion\/secretariavirtual\/consultas\/\">https:\/\/www.juntadeandalucia.es\/educacion\/secretariavirtual\/consultas\/<\/a><\/p>\n<p>&nbsp;<\/p>\n<p><strong>RESUME FECHAS PARA PRESENTAR SOLICITUDES:<\/strong><\/p>\n<p>Oferta completa presencial: <span style=\"color: #ff0000\">15 &#8211; 30 de junio<\/span><\/p>\n<p>Formaci\u00f3n profesional B\u00e1sica: <span style=\"color: #ff0000\">15 &#8211; 30 de junio<\/span><\/p>\n<p>Curso de acceso a ciclos de grado medio: <span style=\"color: #ff0000\">15- 27 de junio<\/span><\/p>\n<p>Oferta completa 2\u00ba curso: <span style=\"color: #ff0000\">25- 30 de junio<\/span><\/p>\n<p>Oferta parcial diferenciada (semi-presencial y a distancia): <span style=\"color: #ff0000\">10-27 de junio<\/span><\/p>\n<p>&nbsp;<\/p>\n","protected":false},"excerpt":{"rendered":"<p>PERIODO ORDINARIO PERIODO\u00a0 EXTRAORDINARIO &nbsp; LISTAS DE ESPERA Y SOLICITUDES EXTEMPOR\u00c1NEAS \u00a0CALENDARIO\u00a0 ESCOLARIZACI\u00d3N &nbsp; WEBS DE FORMACI\u00d3N PROFESIONAL Web de Formaci\u00f3n Profesional del\u00a0 Ministerio de Educaci\u00f3n: https:\/\/www.todofp.es\/inicio.html Web de Formaci\u00f3n Profesional de la Consejer\u00eda&#46;&#46;&#46;<\/p>\n","protected":false},"author":14281,"featured_media":0,"comment_status":"open","ping_status":"open","sticky":false,"template":"","format":"standard","meta":{"ngg_post_thumbnail":0,"footnotes":""},"categories":[36,37,42,1],"tags":[],"aioseo_notices":[],"_links":{"self":[{"href":"https:\/\/blogsaverroes.juntadeandalucia.es\/claraorientacion\/wp-json\/wp\/v2\/posts\/234"}],"collection":[{"href":"https:\/\/blogsaverroes.juntadeandalucia.es\/claraorientacion\/wp-json\/wp\/v2\/posts"}],"about":[{"href":"https:\/\/blogsaverroes.juntadeandalucia.es\/claraorientacion\/wp-json\/wp\/v2\/types\/post"}],"author":[{"embeddable":true,"href":"https:\/\/blogsaverroes.juntadeandalucia.es\/claraorientacion\/wp-json\/wp\/v2\/users\/14281"}],"replies":[{"embeddable":true,"href":"https:\/\/blogsaverroes.juntadeandalucia.es\/claraorientacion\/wp-json\/wp\/v2\/comments?post=234"}],"version-history":[{"count":6,"href":"https:\/\/blogsaverroes.juntadeandalucia.es\/claraorientacion\/wp-json\/wp\/v2\/posts\/234\/revisions"}],"predecessor-version":[{"id":247,"href":"https:\/\/blogsaverroes.juntadeandalucia.es\/claraorientacion\/wp-json\/wp\/v2\/posts\/234\/revisions\/247"}],"wp:attachment":[{"href":"https:\/\/blogsaverroes.juntadeandalucia.es\/claraorientacion\/wp-json\/wp\/v2\/media?parent=234"}],"wp:term":[{"taxonomy":"category","embeddable":true,"href":"https:\/\/blogsaverroes.juntadeandalucia.es\/claraorientacion\/wp-json\/wp\/v2\/categories?post=234"},{"taxonomy":"post_tag","embeddable":true,"href":"https:\/\/blogsaverroes.juntadeandalucia.es\/claraorientacion\/wp-json\/wp\/v2\/tags?post=234"}],"curies":[{"name":"wp","href":"https:\/\/api.w.org\/{rel}","templated":true}]}}