{"id":273,"date":"2023-05-18T08:59:52","date_gmt":"2023-05-18T08:59:52","guid":{"rendered":"https:\/\/blogsaverroes.juntadeandalucia.es\/claraorientacion\/?p=273"},"modified":"2023-05-18T09:06:40","modified_gmt":"2023-05-18T09:06:40","slug":"becas-neae-abierto-el-plazo-de-solicitud-del-8-mayo-al-20-septiembre","status":"publish","type":"post","link":"https:\/\/blogsaverroes.juntadeandalucia.es\/claraorientacion\/2023\/05\/18\/becas-neae-abierto-el-plazo-de-solicitud-del-8-mayo-al-20-septiembre\/","title":{"rendered":"BECAS NEAE. ABIERTO EL PLAZO DE SOLICITUD: DEL 8 MAYO AL 20 SEPTIEMBRE."},"content":{"rendered":"<p>Ha sido publicada la <strong>nueva Resoluci\u00f3n, por la que se convocan Ayudas para alumnado con NEAE para el curso acad\u00e9mico 2023\/2024.<\/strong> Se adjunta Resoluci\u00f3n as\u00ed como enlaces de inter\u00e9s para su conocimiento y difusi\u00f3n&nbsp; entre familias de alumnado NEAE (necesidad espec\u00edfica de apoyo educativo).<\/p>\n<p>Plazo de presentaci\u00f3n es desde <strong>el 8 de mayo hasta el 20 de septiembre de 2023, ambos inclusive<\/strong>. Algunas novedades est\u00e1n relacionadas con la finalizaci\u00f3n del plazo, que se adelanta a 20 de septiembre con respecto a la convocatoria anterior, y con que se incluye un Subsidio de cuant\u00eda fija (400 euros) para gastos adicionales de car\u00e1cter general derivados de la escolarizaci\u00f3n, entre otras.<\/p>\n<p>\u00bfQU\u00c9 PERSONAS PUEDEN SOLICITAR ESTA AYUDA?<\/p>\n<p>&#8211; Discapacidad.<\/p>\n<p>&#8211; Trastornos grave de conducta o de la comunicaci\u00f3n y el lenguaje.<\/p>\n<p>&#8211; Trastornos del espectro autista.<\/p>\n<p>&#8211; Altas capacidades.<\/p>\n<p>Enlaces de inter\u00e9s relacionados:<\/p>\n<p><a class=\"moz-txt-link-freetext\" href=\"https:\/\/www.educacionyfp.gob.es\/servicios-al-ciudadano\/catalogo\/general\/05\/050140\/ficha\/050140-2023.html#ds1\">https:\/\/www.educacionyfp.gob.es\/servicios-al-ciudadano\/catalogo\/general\/05\/050140\/ficha\/050140-2023.html#ds1<\/a><\/p>\n<p><a class=\"moz-txt-link-freetext\" href=\"https:\/\/www.becaseducacion.gob.es\/becas-y-ayudas\/ayudas-apoyo-educativo\/tipos-de-becas.html\">https:\/\/www.becaseducacion.gob.es\/becas-y-ayudas\/ayudas-apoyo-educativo\/tipos-de-becas.html<\/a><\/p>\n<p>&nbsp;<\/p>\n<p>Un abrazo<\/p>\n","protected":false},"excerpt":{"rendered":"<p>Ha sido publicada la nueva Resoluci\u00f3n, por la que se convocan Ayudas para alumnado con NEAE para el curso acad\u00e9mico 2023\/2024. Se adjunta Resoluci\u00f3n as\u00ed como enlaces de inter\u00e9s para su conocimiento y difusi\u00f3n&nbsp;&#46;&#46;&#46;<\/p>\n","protected":false},"author":12785,"featured_media":0,"comment_status":"open","ping_status":"open","sticky":false,"template":"","format":"standard","meta":{"ngg_post_thumbnail":0,"footnotes":""},"categories":[1],"tags":[],"aioseo_notices":[],"_links":{"self":[{"href":"https:\/\/blogsaverroes.juntadeandalucia.es\/claraorientacion\/wp-json\/wp\/v2\/posts\/273"}],"collection":[{"href":"https:\/\/blogsaverroes.juntadeandalucia.es\/claraorientacion\/wp-json\/wp\/v2\/posts"}],"about":[{"href":"https:\/\/blogsaverroes.juntadeandalucia.es\/claraorientacion\/wp-json\/wp\/v2\/types\/post"}],"author":[{"embeddable":true,"href":"https:\/\/blogsaverroes.juntadeandalucia.es\/claraorientacion\/wp-json\/wp\/v2\/users\/12785"}],"replies":[{"embeddable":true,"href":"https:\/\/blogsaverroes.juntadeandalucia.es\/claraorientacion\/wp-json\/wp\/v2\/comments?post=273"}],"version-history":[{"count":3,"href":"https:\/\/blogsaverroes.juntadeandalucia.es\/claraorientacion\/wp-json\/wp\/v2\/posts\/273\/revisions"}],"predecessor-version":[{"id":276,"href":"https:\/\/blogsaverroes.juntadeandalucia.es\/claraorientacion\/wp-json\/wp\/v2\/posts\/273\/revisions\/276"}],"wp:attachment":[{"href":"https:\/\/blogsaverroes.juntadeandalucia.es\/claraorientacion\/wp-json\/wp\/v2\/media?parent=273"}],"wp:term":[{"taxonomy":"category","embeddable":true,"href":"https:\/\/blogsaverroes.juntadeandalucia.es\/claraorientacion\/wp-json\/wp\/v2\/categories?post=273"},{"taxonomy":"post_tag","embeddable":true,"href":"https:\/\/blogsaverroes.juntadeandalucia.es\/claraorientacion\/wp-json\/wp\/v2\/tags?post=273"}],"curies":[{"name":"wp","href":"https:\/\/api.w.org\/{rel}","templated":true}]}}