{"id":282,"date":"2023-12-20T12:31:22","date_gmt":"2023-12-20T12:31:22","guid":{"rendered":"https:\/\/blogsaverroes.juntadeandalucia.es\/claraorientacion\/?p=282"},"modified":"2023-12-20T12:31:22","modified_gmt":"2023-12-20T12:31:22","slug":"plazo-solicitud-pruebas-de-acceso-ciclos-formativos","status":"publish","type":"post","link":"https:\/\/blogsaverroes.juntadeandalucia.es\/claraorientacion\/2023\/12\/20\/plazo-solicitud-pruebas-de-acceso-ciclos-formativos\/","title":{"rendered":"PLAZO SOLICITUD PRUEBAS DE ACCESO CICLOS FORMATIVOS"},"content":{"rendered":"\r\n<p>El plazo de solicitud para la convocatoria de las pruebas de acceso a los ciclos formativos se abrir\u00e1 del <strong>15 al 26 de<\/strong> <strong>enero de 2024<\/strong>.<\/p>\r\n<p>Se tramitar\u00e1 la solicitud por <a href=\"https:\/\/www.juntadeandalucia.es\/educacion\/secretariavirtual\/\">secretar\u00eda virtual de los centros docentes de Andaluc\u00eda.<\/a><\/p>\r\n<p>Los plazos a tener en cuenta son:<\/p>\r\n<table style=\"border-collapse: collapse;width: 100%;height: 312px\">\r\n<tbody>\r\n<tr style=\"height: 24px\">\r\n<td style=\"width: 50%;height: 24px\"><strong>Hito<\/strong><\/td>\r\n<td style=\"width: 50%;height: 24px\"><strong>Plazo <\/strong><\/td>\r\n<\/tr>\r\n<tr style=\"height: 24px\">\r\n<td style=\"width: 50%;height: 24px\"><strong>Plazo de inscripci\u00f3n<\/strong><\/td>\r\n<td style=\"width: 50%;height: 24px\"><strong>Del 15 al 26 de enero 2024<\/strong><\/td>\r\n<\/tr>\r\n<tr style=\"height: 48px\">\r\n<td style=\"width: 50%;height: 48px\">Publicaci\u00f3n de la relaci\u00f3n provisional de personas admitidas y excluidas<\/td>\r\n<td style=\"width: 50%;height: 48px\">12 de febrero 2024<\/td>\r\n<\/tr>\r\n<tr style=\"height: 24px\">\r\n<td style=\"width: 50%;height: 24px\">Reclamaciones<\/td>\r\n<td style=\"width: 50%;height: 24px\">Del 13 al 15 de febrero 2024<\/td>\r\n<\/tr>\r\n<tr style=\"height: 48px\">\r\n<td style=\"width: 50%;height: 48px\"><strong>Publicaci\u00f3n de la relaci\u00f3n definitiva de personas admitidas y excluidas<\/strong><\/td>\r\n<td style=\"width: 50%;height: 48px\"><strong>19 de febrero 2024<\/strong><\/td>\r\n<\/tr>\r\n<tr style=\"height: 24px\">\r\n<td style=\"width: 50%;height: 24px\">Plazo para la realizaci\u00f3n de las pruebas<\/td>\r\n<td style=\"width: 50%;height: 24px\">Del 1 al 26 de abril de 2024<\/td>\r\n<\/tr>\r\n<tr style=\"height: 48px\">\r\n<td style=\"width: 50%;height: 48px\"><strong>Publicaci\u00f3n del acta con los resultados de las pruebas de acceso a los ciclos formativos<\/strong><\/td>\r\n<td style=\"width: 50%;height: 48px\"><strong>3 de mayo 2024<\/strong><\/td>\r\n<\/tr>\r\n<tr style=\"height: 24px\">\r\n<td style=\"width: 50%;height: 24px\">Reclamaci\u00f3n a la calificaci\u00f3n<\/td>\r\n<td style=\"width: 50%;height: 24px\">Del 6 al 8 de mayo 2024<\/td>\r\n<\/tr>\r\n<tr style=\"height: 48px\">\r\n<td style=\"width: 50%;height: 48px\">Publicaci\u00f3n del acta con los resultados definitivos de las pruebas de acceso a los ciclos formativos<\/td>\r\n<td style=\"width: 50%;height: 48px\">10 de mayo<\/td>\r\n<\/tr>\r\n<\/tbody>\r\n<\/table>\r\n<p><strong>Qui\u00e9n puede solicitar la&nbsp; prueba de acceso a los ciclos&nbsp; de GRADO MEDIO:<\/strong><\/p>\r\n<div class=\"inner_cuerpo\">\r\n<ul>\r\n<li><strong>No poseo<\/strong> los <strong>requisitos <\/strong>acad\u00e9micos exigidos para <strong>acceder al ciclo formativo de grado medio<\/strong>.<\/li>\r\n<li>Tengo cumplidos <strong>17 a\u00f1os de edad<\/strong> o los cumplo en el a\u00f1o natural de celebraci\u00f3n de la prueba.<\/li>\r\n<\/ul>\r\n<p>Qui\u00e9n puede solicitar la&nbsp; prueba de acceso a los ciclos&nbsp; de GRADO SUPERIOR:<\/p>\r\n<div class=\"inner_cuerpo\">\r\n<ul>\r\n<li><strong>No poseo<\/strong> los <strong>requisitos<\/strong> acad\u00e9micos exigidos para <strong>acceder al ciclo formativo de grado superior<\/strong>.&nbsp;<\/li>\r\n<li>Tengo cumplidos <strong>19 a\u00f1os<\/strong> de edad o los cumplo en el a\u00f1o natural de celebraci\u00f3n de la prueba.<\/li>\r\n<\/ul>\r\n<p><a href=\"https:\/\/blogsaverroes.juntadeandalucia.es\/claraorientacion\/files\/2023\/12\/Cartel-P\u00f3ster-prueba-de-acceso-a-ciclos-formativos.pdf\">Cartel P\u00f3ster prueba de acceso a ciclos formativos<\/a><\/p>\r\n<\/div>\r\n<p><a href=\"https:\/\/www.juntadeandalucia.es\/educacion\/portals\/delegate\/content\/3c6edb0f-cdbd-47a0-98cd-4412d216be47\/Texto%20de%20la%20Resoluci%C3%B3n%20(BOJA)\">Informaci\u00f3n de la resoluci\u00f3n de 17 de noviembre de 2023.<\/a><\/p>\r\n<\/div>\r\n","protected":false},"excerpt":{"rendered":"<p>El plazo de solicitud para la convocatoria de las pruebas de acceso a los ciclos formativos se abrir\u00e1 del 15 al 26 de enero de 2024. Se tramitar\u00e1 la solicitud por secretar\u00eda virtual de&#46;&#46;&#46;<\/p>\n","protected":false},"author":12785,"featured_media":0,"comment_status":"open","ping_status":"open","sticky":false,"template":"","format":"standard","meta":{"ngg_post_thumbnail":0,"footnotes":""},"categories":[1],"tags":[],"aioseo_notices":[],"_links":{"self":[{"href":"https:\/\/blogsaverroes.juntadeandalucia.es\/claraorientacion\/wp-json\/wp\/v2\/posts\/282"}],"collection":[{"href":"https:\/\/blogsaverroes.juntadeandalucia.es\/claraorientacion\/wp-json\/wp\/v2\/posts"}],"about":[{"href":"https:\/\/blogsaverroes.juntadeandalucia.es\/claraorientacion\/wp-json\/wp\/v2\/types\/post"}],"author":[{"embeddable":true,"href":"https:\/\/blogsaverroes.juntadeandalucia.es\/claraorientacion\/wp-json\/wp\/v2\/users\/12785"}],"replies":[{"embeddable":true,"href":"https:\/\/blogsaverroes.juntadeandalucia.es\/claraorientacion\/wp-json\/wp\/v2\/comments?post=282"}],"version-history":[{"count":3,"href":"https:\/\/blogsaverroes.juntadeandalucia.es\/claraorientacion\/wp-json\/wp\/v2\/posts\/282\/revisions"}],"predecessor-version":[{"id":287,"href":"https:\/\/blogsaverroes.juntadeandalucia.es\/claraorientacion\/wp-json\/wp\/v2\/posts\/282\/revisions\/287"}],"wp:attachment":[{"href":"https:\/\/blogsaverroes.juntadeandalucia.es\/claraorientacion\/wp-json\/wp\/v2\/media?parent=282"}],"wp:term":[{"taxonomy":"category","embeddable":true,"href":"https:\/\/blogsaverroes.juntadeandalucia.es\/claraorientacion\/wp-json\/wp\/v2\/categories?post=282"},{"taxonomy":"post_tag","embeddable":true,"href":"https:\/\/blogsaverroes.juntadeandalucia.es\/claraorientacion\/wp-json\/wp\/v2\/tags?post=282"}],"curies":[{"name":"wp","href":"https:\/\/api.w.org\/{rel}","templated":true}]}}