{"id":563,"date":"2020-06-09T08:15:29","date_gmt":"2020-06-09T06:15:29","guid":{"rendered":"https:\/\/blogsaverroes.juntadeandalucia.es\/claseinfantilcincob\/?p=563"},"modified":"2020-06-09T08:15:29","modified_gmt":"2020-06-09T06:15:29","slug":"martes-9-de-junio-de-2020","status":"publish","type":"post","link":"https:\/\/blogsaverroes.juntadeandalucia.es\/claseinfantilcincob\/2020\/06\/09\/martes-9-de-junio-de-2020\/","title":{"rendered":"MARTES, 9 DE JUNIO DE 2020"},"content":{"rendered":"<p><span style=\"font-family: 'comic sans ms', sans-serif;font-size: 14pt\">\u00a1Hola a todas las familias! El libro de Pienso y C\u00e1lculo ya est\u00e1 terminado, ya s\u00f3lo nos queda el libro de la UD.6 de los b\u00fahos. A continuaci\u00f3n os mando un audio con una peque\u00f1a explicaci\u00f3n.<\/span><\/p>\n<!--[if lt IE 9]><script>document.createElement('audio');<\/script><![endif]-->\n<audio class=\"wp-audio-shortcode\" id=\"audio-563-1\" preload=\"none\" style=\"width: 100%;\" controls=\"controls\"><source type=\"audio\/mpeg\" src=\"https:\/\/blogsaverroes.juntadeandalucia.es\/claseinfantilcincob\/files\/2020\/06\/audio_martes_9_junio1.mp3?_=1\" \/><a href=\"https:\/\/blogsaverroes.juntadeandalucia.es\/claseinfantilcincob\/files\/2020\/06\/audio_martes_9_junio1.mp3\">https:\/\/blogsaverroes.juntadeandalucia.es\/claseinfantilcincob\/files\/2020\/06\/audio_martes_9_junio1.mp3<\/a><\/audio>\n<p><span style=\"font-family: 'comic sans ms', sans-serif;font-size: 14pt\"> La tarea para hoy es la siguiente:<\/span><\/p>\n<p><span style=\"font-family: 'comic sans ms', sans-serif;font-size: 14pt\"><strong>Tarea 1<\/strong>: Ficha del libro del B\u00faho; MI CARA TIENE FORMA DE CORAZ\u00d3N: LA LECHUZA<\/span><\/p>\n<p><span style=\"font-family: 'comic sans ms', sans-serif;font-size: 14pt\">Conceptos para aprender:&nbsp;<\/span><\/p>\n<ul style=\"list-style-type: disc\">\n<li><span style=\"font-family: 'comic sans ms', sans-serif;font-size: 14pt\">La familia de los b\u00fahos: la lechuza que tiene forma de coraz\u00f3n y el mochuelo que es como los b\u00fahos pero m\u00e1s peque\u00f1os.<\/span><\/li>\n<li><span style=\"font-family: 'comic sans ms', sans-serif;font-size: 14pt\">Concepto JUNTO-SEPARADO. D\u00f3nde hay corazones juntos y d\u00f3nde est\u00e1n separados.<\/span><\/li>\n<\/ul>\n<p>&nbsp;<\/p>\n<p style=\"text-align: center\"><img loading=\"lazy\" decoding=\"async\" class=\"alignnone size-medium wp-image-564\" src=\"https:\/\/blogsaverroes.juntadeandalucia.es\/claseinfantilcincob\/files\/2020\/06\/IMG_20200605_1343041-300x225.jpg\" alt=\"\" width=\"300\" height=\"225\" srcset=\"https:\/\/blogsaverroes.juntadeandalucia.es\/claseinfantilcincob\/files\/2020\/06\/IMG_20200605_1343041-300x225.jpg 300w, https:\/\/blogsaverroes.juntadeandalucia.es\/claseinfantilcincob\/files\/2020\/06\/IMG_20200605_1343041-768x576.jpg 768w, https:\/\/blogsaverroes.juntadeandalucia.es\/claseinfantilcincob\/files\/2020\/06\/IMG_20200605_1343041-1024x768.jpg 1024w, https:\/\/blogsaverroes.juntadeandalucia.es\/claseinfantilcincob\/files\/2020\/06\/IMG_20200605_1343041-24x18.jpg 24w, https:\/\/blogsaverroes.juntadeandalucia.es\/claseinfantilcincob\/files\/2020\/06\/IMG_20200605_1343041-36x27.jpg 36w, https:\/\/blogsaverroes.juntadeandalucia.es\/claseinfantilcincob\/files\/2020\/06\/IMG_20200605_1343041-48x36.jpg 48w\" sizes=\"(max-width: 300px) 100vw, 300px\" \/><\/p>\n<ul style=\"list-style-type: disc\">\n<li><span style=\"font-family: 'comic sans ms', sans-serif;font-size: 14pt\">Repasar las l\u00edneas discontinuas de los corazones.<\/span><\/li>\n<li><span style=\"font-family: 'comic sans ms', sans-serif;font-size: 14pt\">Colorear de rojo oscuro los que est\u00e1n juntos y de rojo claro los que est\u00e1n separados.&nbsp;<\/span><\/li>\n<\/ul>\n<p><span style=\"font-family: 'comic sans ms', sans-serif;font-size: 14pt\"><strong>Tarea 2:<\/strong> Actividades matem\u00e1ticas ABN . <\/span><\/p>\n<ol>\n<li><span style=\"font-family: 'comic sans ms', sans-serif;font-size: 14pt\">Tabla del 100. Completar los n\u00fameros que faltan. Si a\u00fan vuestros ni\u00f1os no tienen ninguna tabla del 100 impresa es conveniente que la imprim\u00e1is o se la copi\u00e9is en en un folio para que la tengan y la observen.&nbsp;<\/span><\/li>\n<\/ol>\n<p style=\"text-align: center\"><img loading=\"lazy\" decoding=\"async\" class=\"alignnone size-medium wp-image-572\" src=\"https:\/\/blogsaverroes.juntadeandalucia.es\/claseinfantilcincob\/files\/2020\/06\/TRABAJAMOS-LA-TABLA-DEL-100-3-300x208.jpg\" alt=\"\" width=\"300\" height=\"208\" srcset=\"https:\/\/blogsaverroes.juntadeandalucia.es\/claseinfantilcincob\/files\/2020\/06\/TRABAJAMOS-LA-TABLA-DEL-100-3-300x208.jpg 300w, https:\/\/blogsaverroes.juntadeandalucia.es\/claseinfantilcincob\/files\/2020\/06\/TRABAJAMOS-LA-TABLA-DEL-100-3-24x17.jpg 24w, https:\/\/blogsaverroes.juntadeandalucia.es\/claseinfantilcincob\/files\/2020\/06\/TRABAJAMOS-LA-TABLA-DEL-100-3-36x25.jpg 36w, https:\/\/blogsaverroes.juntadeandalucia.es\/claseinfantilcincob\/files\/2020\/06\/TRABAJAMOS-LA-TABLA-DEL-100-3-48x33.jpg 48w, https:\/\/blogsaverroes.juntadeandalucia.es\/claseinfantilcincob\/files\/2020\/06\/TRABAJAMOS-LA-TABLA-DEL-100-3.jpg 720w\" sizes=\"(max-width: 300px) 100vw, 300px\" \/><\/p>\n<p><span style=\"font-family: 'comic sans ms', sans-serif;font-size: 14pt\">2. Rellenar los n\u00fameros que faltan fij\u00e1ndose en el s\u00edmbolo.&nbsp;<\/span><\/p>\n<p><img loading=\"lazy\" decoding=\"async\" class=\"size-medium wp-image-571 aligncenter\" style=\"text-align: center\" src=\"https:\/\/blogsaverroes.juntadeandalucia.es\/claseinfantilcincob\/files\/2020\/06\/tabla-del-100-abn-primavera-300x212.jpg\" alt=\"\" width=\"300\" height=\"212\" srcset=\"https:\/\/blogsaverroes.juntadeandalucia.es\/claseinfantilcincob\/files\/2020\/06\/tabla-del-100-abn-primavera-300x212.jpg 300w, https:\/\/blogsaverroes.juntadeandalucia.es\/claseinfantilcincob\/files\/2020\/06\/tabla-del-100-abn-primavera-768x543.jpg 768w, https:\/\/blogsaverroes.juntadeandalucia.es\/claseinfantilcincob\/files\/2020\/06\/tabla-del-100-abn-primavera.jpg 1024w, https:\/\/blogsaverroes.juntadeandalucia.es\/claseinfantilcincob\/files\/2020\/06\/tabla-del-100-abn-primavera-24x17.jpg 24w, https:\/\/blogsaverroes.juntadeandalucia.es\/claseinfantilcincob\/files\/2020\/06\/tabla-del-100-abn-primavera-36x25.jpg 36w, https:\/\/blogsaverroes.juntadeandalucia.es\/claseinfantilcincob\/files\/2020\/06\/tabla-del-100-abn-primavera-48x34.jpg 48w\" sizes=\"(max-width: 300px) 100vw, 300px\" \/><\/p>\n<p><span style=\"font-family: 'comic sans ms', sans-serif;font-size: 14pt\">Un saludo&nbsp;<\/span><\/p>\n<p>&nbsp;<\/p>\n<p>&nbsp;<\/p>\n","protected":false},"excerpt":{"rendered":"<p>\u00a1Hola a todas las familias! El libro de Pienso y C\u00e1lculo ya est\u00e1 terminado, ya s\u00f3lo nos queda el libro de la UD.6 de los b\u00fahos. A continuaci\u00f3n os mando un audio con una&#46;&#46;&#46;<\/p>\n","protected":false},"author":9091,"featured_media":0,"comment_status":"open","ping_status":"open","sticky":false,"template":"","format":"standard","meta":{"ngg_post_thumbnail":0,"footnotes":""},"categories":[1],"tags":[],"aioseo_notices":[],"_links":{"self":[{"href":"https:\/\/blogsaverroes.juntadeandalucia.es\/claseinfantilcincob\/wp-json\/wp\/v2\/posts\/563"}],"collection":[{"href":"https:\/\/blogsaverroes.juntadeandalucia.es\/claseinfantilcincob\/wp-json\/wp\/v2\/posts"}],"about":[{"href":"https:\/\/blogsaverroes.juntadeandalucia.es\/claseinfantilcincob\/wp-json\/wp\/v2\/types\/post"}],"author":[{"embeddable":true,"href":"https:\/\/blogsaverroes.juntadeandalucia.es\/claseinfantilcincob\/wp-json\/wp\/v2\/users\/9091"}],"replies":[{"embeddable":true,"href":"https:\/\/blogsaverroes.juntadeandalucia.es\/claseinfantilcincob\/wp-json\/wp\/v2\/comments?post=563"}],"version-history":[{"count":4,"href":"https:\/\/blogsaverroes.juntadeandalucia.es\/claseinfantilcincob\/wp-json\/wp\/v2\/posts\/563\/revisions"}],"predecessor-version":[{"id":580,"href":"https:\/\/blogsaverroes.juntadeandalucia.es\/claseinfantilcincob\/wp-json\/wp\/v2\/posts\/563\/revisions\/580"}],"wp:attachment":[{"href":"https:\/\/blogsaverroes.juntadeandalucia.es\/claseinfantilcincob\/wp-json\/wp\/v2\/media?parent=563"}],"wp:term":[{"taxonomy":"category","embeddable":true,"href":"https:\/\/blogsaverroes.juntadeandalucia.es\/claseinfantilcincob\/wp-json\/wp\/v2\/categories?post=563"},{"taxonomy":"post_tag","embeddable":true,"href":"https:\/\/blogsaverroes.juntadeandalucia.es\/claseinfantilcincob\/wp-json\/wp\/v2\/tags?post=563"}],"curies":[{"name":"wp","href":"https:\/\/api.w.org\/{rel}","templated":true}]}}