{"id":213,"date":"2022-11-25T17:10:53","date_gmt":"2022-11-25T16:10:53","guid":{"rendered":"https:\/\/blogsaverroes.juntadeandalucia.es\/coeducacioneoiloja\/?p=213"},"modified":"2022-11-25T17:45:25","modified_gmt":"2022-11-25T16:45:25","slug":"antes-que-perderlo-todo","status":"publish","type":"post","link":"https:\/\/blogsaverroes.juntadeandalucia.es\/coeducacioneoiloja\/2022\/11\/25\/antes-que-perderlo-todo\/","title":{"rendered":"ANTES QUE PERDERLO TODO"},"content":{"rendered":"<p>Con motivo de la celebraci\u00f3n del <span style=\"color: #993366\"><strong>D\u00eda internacional de la eliminaci\u00f3n de la violencia contra la mujer <\/strong><\/span>(una declaraci\u00f3n de <strong>Naciones Unidas<\/strong> en honor de las hermanas Mirabal, asesinadas por el r\u00e9gimen dictatorial de la Rep\u00fablica Dominicana el 25 de noviembre de 1960), la Escuela Oficial de Idiomas de Loja acoge durante dos semanas la exposici\u00f3n fotogr\u00e1fica \u201cCon ojos de mujer\u201d, <span style=\"color: #993366\">cedida<\/span> por el Espacio Feminista del sindicato Ustea que convoca peri\u00f3dicamente un concurso de \u201cfotograf\u00edas hechas por mujeres que observan el mundo con inquietud social y feminista; fotograf\u00edas que reflejen sus miradas hacia el mundo, los temas que las inquietan, las movilizan, les despiertan sentimientos\u201d. El resultado, expuesto en nuestro centro, se puede visitar virtualmente en el siguiente c\u00f3digo:<\/p>\n<p style=\"text-align: center\">https:\/\/telegra.ph\/Exposici\u00f3n-del-VI-concurso-fotogr\u00e1fico-CON-OJOS-DE-MUJER-11-12<\/p>\n<p><img loading=\"lazy\" decoding=\"async\" class=\"alignnone size-medium wp-image-225 aligncenter\" src=\"https:\/\/blogsaverroes.juntadeandalucia.es\/coeducacioneoiloja\/files\/2022\/11\/QR-exposicion-300x300.jpg\" alt=\"\" width=\"300\" height=\"300\" srcset=\"https:\/\/blogsaverroes.juntadeandalucia.es\/coeducacioneoiloja\/files\/2022\/11\/QR-exposicion-300x300.jpg 300w, https:\/\/blogsaverroes.juntadeandalucia.es\/coeducacioneoiloja\/files\/2022\/11\/QR-exposicion-150x150.jpg 150w, https:\/\/blogsaverroes.juntadeandalucia.es\/coeducacioneoiloja\/files\/2022\/11\/QR-exposicion-80x80.jpg 80w, https:\/\/blogsaverroes.juntadeandalucia.es\/coeducacioneoiloja\/files\/2022\/11\/QR-exposicion-320x320.jpg 320w, https:\/\/blogsaverroes.juntadeandalucia.es\/coeducacioneoiloja\/files\/2022\/11\/QR-exposicion.jpg 530w\" sizes=\"(max-width: 300px) 100vw, 300px\" \/><\/p>\n<p>A lo largo de la semana, nuestro alumnado ha reflexionado sobre los mundos que se abren (o cierran) o se intuyen detr\u00e1s de cada fotograf\u00eda, algunos evidentes y desgarradores, otros m\u00e1s po\u00e9ticos o esperanzados. En las lenguas que se imparten en nuestro centro, hemos analizado extractos o tr\u00e1ileres de pel\u00edculas, as\u00ed como otros documentos (carteles, fotograf\u00edas, fragmentos de programas de radio, infograf\u00edas, testimonios) que abordan esta forma concreta de violencia transversal (en entornos sociales, econ\u00f3micos, de formaci\u00f3n o de edad) e internacional. Hemos consultado datos ofrecidos por los gobiernos de diferentes pa\u00edses, incluyendo Espa\u00f1a, y hemos observado las diferencias, en la medida de nuestras posibilidades. \u00bfQu\u00e9 datos se ofrecen, c\u00f3mo se plantean, con que af\u00e1n de actualizaci\u00f3n y, por tanto, de retrato social? \u00bfQu\u00e9 recursos se ofrecen a las mujeres v\u00edctimas de esta violencia? \u00bfD\u00f3nde pueden acudir? \u00bfC\u00f3mo debemos actuar si somos testigos de una agresi\u00f3n? \u00bfY si una v\u00edctima se nos conf\u00eda? \u00bfA qui\u00e9n concierne esta lacra que no cesa? Basta con buscar las respuestas en fuentes fiables, basta con reflexionar con amor y con el coraz\u00f3n generoso y basta con comprender que unas personas no pertenecen a otras, que una libertad o un derecho no puede ejercerse como tal si vulnera, lesiona (aunque solo fuera levemente) o cercena la libertad o el derecho del pr\u00f3jimo. En el caso que nos ocupa con motivo de esta jornada, el pr\u00f3jimo es la mujer.<\/p>\n<p>&nbsp;<\/p>\n<p>Existen muchas obras art\u00edsticas (y esta profusi\u00f3n, sin duda, es el s\u00edntoma de una desgraciada vigencia) que abordan esta realidad tr\u00e1gicamente presente en nuestra sociedad. Aqu\u00ed queremos recomendar un mediometraje franc\u00e9s que fue candidato al \u00d3scar en 2013: \u201cAvant que de tout perdre\u201d, de Xavier Legrand. Antes que perderlo todo, m\u00e1s vale abandonarlo todo\u2026 para protegerse, para sobrevivir, para renacer y para vivir libre y sin miedo. As\u00ed es como se lo plantea la protagonista con sus dos hijos.<\/p>\n<p><img loading=\"lazy\" decoding=\"async\" class=\"alignnone wp-image-218\" src=\"https:\/\/blogsaverroes.juntadeandalucia.es\/coeducacioneoiloja\/files\/2022\/11\/08-De-visita-3-300x225.jpg\" alt=\"\" width=\"238\" height=\"179\" srcset=\"https:\/\/blogsaverroes.juntadeandalucia.es\/coeducacioneoiloja\/files\/2022\/11\/08-De-visita-3-300x225.jpg 300w, https:\/\/blogsaverroes.juntadeandalucia.es\/coeducacioneoiloja\/files\/2022\/11\/08-De-visita-3-1024x768.jpg 1024w, https:\/\/blogsaverroes.juntadeandalucia.es\/coeducacioneoiloja\/files\/2022\/11\/08-De-visita-3-768x576.jpg 768w, https:\/\/blogsaverroes.juntadeandalucia.es\/coeducacioneoiloja\/files\/2022\/11\/08-De-visita-3-1536x1152.jpg 1536w, https:\/\/blogsaverroes.juntadeandalucia.es\/coeducacioneoiloja\/files\/2022\/11\/08-De-visita-3.jpg 2016w\" sizes=\"(max-width: 238px) 100vw, 238px\" \/><img loading=\"lazy\" decoding=\"async\" class=\"alignnone wp-image-217\" src=\"https:\/\/blogsaverroes.juntadeandalucia.es\/coeducacioneoiloja\/files\/2022\/11\/07-De-visita-2-300x225.jpg\" alt=\"\" width=\"236\" height=\"177\" srcset=\"https:\/\/blogsaverroes.juntadeandalucia.es\/coeducacioneoiloja\/files\/2022\/11\/07-De-visita-2-300x225.jpg 300w, https:\/\/blogsaverroes.juntadeandalucia.es\/coeducacioneoiloja\/files\/2022\/11\/07-De-visita-2-1024x768.jpg 1024w, https:\/\/blogsaverroes.juntadeandalucia.es\/coeducacioneoiloja\/files\/2022\/11\/07-De-visita-2-768x576.jpg 768w, https:\/\/blogsaverroes.juntadeandalucia.es\/coeducacioneoiloja\/files\/2022\/11\/07-De-visita-2-1536x1152.jpg 1536w, https:\/\/blogsaverroes.juntadeandalucia.es\/coeducacioneoiloja\/files\/2022\/11\/07-De-visita-2.jpg 2016w\" sizes=\"(max-width: 236px) 100vw, 236px\" \/><img loading=\"lazy\" decoding=\"async\" class=\"alignnone wp-image-216\" src=\"https:\/\/blogsaverroes.juntadeandalucia.es\/coeducacioneoiloja\/files\/2022\/11\/06-De-visita-300x225.jpg\" alt=\"\" width=\"240\" height=\"180\" srcset=\"https:\/\/blogsaverroes.juntadeandalucia.es\/coeducacioneoiloja\/files\/2022\/11\/06-De-visita-300x225.jpg 300w, https:\/\/blogsaverroes.juntadeandalucia.es\/coeducacioneoiloja\/files\/2022\/11\/06-De-visita-1024x768.jpg 1024w, https:\/\/blogsaverroes.juntadeandalucia.es\/coeducacioneoiloja\/files\/2022\/11\/06-De-visita-768x576.jpg 768w, https:\/\/blogsaverroes.juntadeandalucia.es\/coeducacioneoiloja\/files\/2022\/11\/06-De-visita-1536x1152.jpg 1536w, https:\/\/blogsaverroes.juntadeandalucia.es\/coeducacioneoiloja\/files\/2022\/11\/06-De-visita.jpg 2016w\" sizes=\"(max-width: 240px) 100vw, 240px\" \/><img loading=\"lazy\" decoding=\"async\" class=\"alignnone wp-image-215\" src=\"https:\/\/blogsaverroes.juntadeandalucia.es\/coeducacioneoiloja\/files\/2022\/11\/05-En-clase-300x225.jpg\" alt=\"\" width=\"238\" height=\"178\" srcset=\"https:\/\/blogsaverroes.juntadeandalucia.es\/coeducacioneoiloja\/files\/2022\/11\/05-En-clase-300x225.jpg 300w, https:\/\/blogsaverroes.juntadeandalucia.es\/coeducacioneoiloja\/files\/2022\/11\/05-En-clase-1024x768.jpg 1024w, https:\/\/blogsaverroes.juntadeandalucia.es\/coeducacioneoiloja\/files\/2022\/11\/05-En-clase-768x576.jpg 768w, https:\/\/blogsaverroes.juntadeandalucia.es\/coeducacioneoiloja\/files\/2022\/11\/05-En-clase-1536x1152.jpg 1536w, https:\/\/blogsaverroes.juntadeandalucia.es\/coeducacioneoiloja\/files\/2022\/11\/05-En-clase.jpg 2016w\" sizes=\"(max-width: 238px) 100vw, 238px\" \/><\/p>\n","protected":false},"excerpt":{"rendered":"<p>Con motivo de la celebraci\u00f3n del D\u00eda internacional de la eliminaci\u00f3n de la violencia contra la mujer (una declaraci\u00f3n de Naciones Unidas en honor de las hermanas Mirabal, asesinadas por el r\u00e9gimen dictatorial de&#46;&#46;&#46;<\/p>\n","protected":false},"author":8616,"featured_media":214,"comment_status":"open","ping_status":"open","sticky":false,"template":"","format":"standard","meta":{"ngg_post_thumbnail":0,"footnotes":""},"categories":[1],"tags":[],"aioseo_notices":[],"_links":{"self":[{"href":"https:\/\/blogsaverroes.juntadeandalucia.es\/coeducacioneoiloja\/wp-json\/wp\/v2\/posts\/213"}],"collection":[{"href":"https:\/\/blogsaverroes.juntadeandalucia.es\/coeducacioneoiloja\/wp-json\/wp\/v2\/posts"}],"about":[{"href":"https:\/\/blogsaverroes.juntadeandalucia.es\/coeducacioneoiloja\/wp-json\/wp\/v2\/types\/post"}],"author":[{"embeddable":true,"href":"https:\/\/blogsaverroes.juntadeandalucia.es\/coeducacioneoiloja\/wp-json\/wp\/v2\/users\/8616"}],"replies":[{"embeddable":true,"href":"https:\/\/blogsaverroes.juntadeandalucia.es\/coeducacioneoiloja\/wp-json\/wp\/v2\/comments?post=213"}],"version-history":[{"count":8,"href":"https:\/\/blogsaverroes.juntadeandalucia.es\/coeducacioneoiloja\/wp-json\/wp\/v2\/posts\/213\/revisions"}],"predecessor-version":[{"id":227,"href":"https:\/\/blogsaverroes.juntadeandalucia.es\/coeducacioneoiloja\/wp-json\/wp\/v2\/posts\/213\/revisions\/227"}],"wp:featuredmedia":[{"embeddable":true,"href":"https:\/\/blogsaverroes.juntadeandalucia.es\/coeducacioneoiloja\/wp-json\/wp\/v2\/media\/214"}],"wp:attachment":[{"href":"https:\/\/blogsaverroes.juntadeandalucia.es\/coeducacioneoiloja\/wp-json\/wp\/v2\/media?parent=213"}],"wp:term":[{"taxonomy":"category","embeddable":true,"href":"https:\/\/blogsaverroes.juntadeandalucia.es\/coeducacioneoiloja\/wp-json\/wp\/v2\/categories?post=213"},{"taxonomy":"post_tag","embeddable":true,"href":"https:\/\/blogsaverroes.juntadeandalucia.es\/coeducacioneoiloja\/wp-json\/wp\/v2\/tags?post=213"}],"curies":[{"name":"wp","href":"https:\/\/api.w.org\/{rel}","templated":true}]}}