{"id":2190,"date":"2018-11-16T12:44:52","date_gmt":"2018-11-16T12:44:52","guid":{"rendered":"https:\/\/blogsaverroes.juntadeandalucia.es\/coleabrucena\/?p=2190"},"modified":"2026-02-12T13:11:27","modified_gmt":"2026-02-12T12:11:27","slug":"cancion-con-los-colores-del-otono-en-ingles","status":"publish","type":"post","link":"https:\/\/blogsaverroes.juntadeandalucia.es\/coleabrucena\/2018\/11\/16\/cancion-con-los-colores-del-otono-en-ingles\/","title":{"rendered":"Canci\u00f3n con los colores del oto\u00f1o en ingl\u00e9s"},"content":{"rendered":"<p>Hello!<\/p>\n<p>Aqu\u00ed estamos los alumnos y las alumnas de infantil 4 y 5 a\u00f1os cantando y bailando la canci\u00f3n de los colores del oto\u00f1o. Nos lo hemos pasado muy bien aprendiendo esta canci\u00f3n con la se\u00f1o y hemos decidido poner el v\u00eddeo en el blog para que las mam\u00e1s y los pap\u00e1s tambi\u00e9n disfruten \ud83d\ude42<\/p>\n<div style=\"width: 1280px;\" class=\"wp-video\"><!--[if lt IE 9]><script>document.createElement('video');<\/script><![endif]-->\n<video class=\"wp-video-shortcode\" id=\"video-2190-1\" width=\"1280\" height=\"720\" preload=\"metadata\" controls=\"controls\"><source type=\"video\/x-flv\" src=\"https:\/\/blogsaverroes.juntadeandalucia.es\/coleabrucena\/files\/2018\/11\/canci\u00f3n-oto\u00f1o-infantil.flv?_=1\" \/><a href=\"https:\/\/blogsaverroes.juntadeandalucia.es\/coleabrucena\/files\/2018\/11\/canci\u00f3n-oto\u00f1o-infantil.flv\">https:\/\/blogsaverroes.juntadeandalucia.es\/coleabrucena\/files\/2018\/11\/canci\u00f3n-oto\u00f1o-infantil.flv<\/a><\/video><\/div>\n","protected":false},"excerpt":{"rendered":"<p>Hello! Aqu\u00ed estamos los alumnos y las alumnas de infantil 4 y 5 a\u00f1os cantando y bailando la canci\u00f3n de los colores del oto\u00f1o. Nos lo hemos pasado muy bien aprendiendo esta canci\u00f3n con&#46;&#46;&#46;<\/p>\n","protected":false},"author":5674,"featured_media":0,"comment_status":"open","ping_status":"open","sticky":false,"template":"","format":"standard","meta":{"ngg_post_thumbnail":0,"footnotes":""},"categories":[2280444],"tags":[],"aioseo_notices":[],"_links":{"self":[{"href":"https:\/\/blogsaverroes.juntadeandalucia.es\/coleabrucena\/wp-json\/wp\/v2\/posts\/2190"}],"collection":[{"href":"https:\/\/blogsaverroes.juntadeandalucia.es\/coleabrucena\/wp-json\/wp\/v2\/posts"}],"about":[{"href":"https:\/\/blogsaverroes.juntadeandalucia.es\/coleabrucena\/wp-json\/wp\/v2\/types\/post"}],"author":[{"embeddable":true,"href":"https:\/\/blogsaverroes.juntadeandalucia.es\/coleabrucena\/wp-json\/wp\/v2\/users\/5674"}],"replies":[{"embeddable":true,"href":"https:\/\/blogsaverroes.juntadeandalucia.es\/coleabrucena\/wp-json\/wp\/v2\/comments?post=2190"}],"version-history":[{"count":1,"href":"https:\/\/blogsaverroes.juntadeandalucia.es\/coleabrucena\/wp-json\/wp\/v2\/posts\/2190\/revisions"}],"predecessor-version":[{"id":2192,"href":"https:\/\/blogsaverroes.juntadeandalucia.es\/coleabrucena\/wp-json\/wp\/v2\/posts\/2190\/revisions\/2192"}],"wp:attachment":[{"href":"https:\/\/blogsaverroes.juntadeandalucia.es\/coleabrucena\/wp-json\/wp\/v2\/media?parent=2190"}],"wp:term":[{"taxonomy":"category","embeddable":true,"href":"https:\/\/blogsaverroes.juntadeandalucia.es\/coleabrucena\/wp-json\/wp\/v2\/categories?post=2190"},{"taxonomy":"post_tag","embeddable":true,"href":"https:\/\/blogsaverroes.juntadeandalucia.es\/coleabrucena\/wp-json\/wp\/v2\/tags?post=2190"}],"curies":[{"name":"wp","href":"https:\/\/api.w.org\/{rel}","templated":true}]}}