{"id":2494,"date":"2020-11-28T16:37:06","date_gmt":"2020-11-28T15:37:06","guid":{"rendered":"https:\/\/blogsaverroes.juntadeandalucia.es\/coleabrucena\/?p=2494"},"modified":"2020-11-28T17:18:57","modified_gmt":"2020-11-28T16:18:57","slug":"pacto-de-estado-curso-2019-2020","status":"publish","type":"post","link":"https:\/\/blogsaverroes.juntadeandalucia.es\/coleabrucena\/2020\/11\/28\/pacto-de-estado-curso-2019-2020\/","title":{"rendered":"PACTO DE ESTADO CURSO 2019\/2020"},"content":{"rendered":"<p>El CEIP Antonio Rela\u00f1o de Abrucena particip\u00f3 el curso pasado en el Pacto de Estado por la no violencia. Realizaci\u00f3n de talleres, murales y adquisici\u00f3n de libros para todos los niveles educativos.<\/p>\n<p><a href=\"https:\/\/blogsaverroes.juntadeandalucia.es\/coleabrucena\/files\/2020\/11\/d\u00eda-de-la-mujer-mujeres-andaluzas-scaled.jpg\"><img loading=\"lazy\" decoding=\"async\" class=\"alignnone size-full wp-image-2495\" src=\"https:\/\/blogsaverroes.juntadeandalucia.es\/coleabrucena\/files\/2020\/11\/d\u00eda-de-la-mujer-mujeres-andaluzas-scaled.jpg\" alt=\"\" width=\"1600\" height=\"1103\" srcset=\"https:\/\/blogsaverroes.juntadeandalucia.es\/coleabrucena\/files\/2020\/11\/d\u00eda-de-la-mujer-mujeres-andaluzas-scaled.jpg 1600w, https:\/\/blogsaverroes.juntadeandalucia.es\/coleabrucena\/files\/2020\/11\/d\u00eda-de-la-mujer-mujeres-andaluzas-300x207.jpg 300w, https:\/\/blogsaverroes.juntadeandalucia.es\/coleabrucena\/files\/2020\/11\/d\u00eda-de-la-mujer-mujeres-andaluzas-1024x706.jpg 1024w, https:\/\/blogsaverroes.juntadeandalucia.es\/coleabrucena\/files\/2020\/11\/d\u00eda-de-la-mujer-mujeres-andaluzas-768x529.jpg 768w, https:\/\/blogsaverroes.juntadeandalucia.es\/coleabrucena\/files\/2020\/11\/d\u00eda-de-la-mujer-mujeres-andaluzas-1536x1058.jpg 1536w, https:\/\/blogsaverroes.juntadeandalucia.es\/coleabrucena\/files\/2020\/11\/d\u00eda-de-la-mujer-mujeres-andaluzas-2048x1411.jpg 2048w, https:\/\/blogsaverroes.juntadeandalucia.es\/coleabrucena\/files\/2020\/11\/d\u00eda-de-la-mujer-mujeres-andaluzas-24x17.jpg 24w, https:\/\/blogsaverroes.juntadeandalucia.es\/coleabrucena\/files\/2020\/11\/d\u00eda-de-la-mujer-mujeres-andaluzas-36x25.jpg 36w, https:\/\/blogsaverroes.juntadeandalucia.es\/coleabrucena\/files\/2020\/11\/d\u00eda-de-la-mujer-mujeres-andaluzas-48x33.jpg 48w\" sizes=\"(max-width: 1600px) 100vw, 1600px\" \/><\/a> <a href=\"https:\/\/blogsaverroes.juntadeandalucia.es\/coleabrucena\/files\/2020\/11\/compra-de-libros-para-infantil-scaled.jpg\"><img loading=\"lazy\" decoding=\"async\" class=\"alignnone size-full wp-image-2496\" src=\"https:\/\/blogsaverroes.juntadeandalucia.es\/coleabrucena\/files\/2020\/11\/compra-de-libros-para-infantil-scaled.jpg\" alt=\"\" width=\"1600\" height=\"1001\" srcset=\"https:\/\/blogsaverroes.juntadeandalucia.es\/coleabrucena\/files\/2020\/11\/compra-de-libros-para-infantil-scaled.jpg 1600w, https:\/\/blogsaverroes.juntadeandalucia.es\/coleabrucena\/files\/2020\/11\/compra-de-libros-para-infantil-300x188.jpg 300w, https:\/\/blogsaverroes.juntadeandalucia.es\/coleabrucena\/files\/2020\/11\/compra-de-libros-para-infantil-1024x641.jpg 1024w, https:\/\/blogsaverroes.juntadeandalucia.es\/coleabrucena\/files\/2020\/11\/compra-de-libros-para-infantil-768x481.jpg 768w, https:\/\/blogsaverroes.juntadeandalucia.es\/coleabrucena\/files\/2020\/11\/compra-de-libros-para-infantil-1536x961.jpg 1536w, https:\/\/blogsaverroes.juntadeandalucia.es\/coleabrucena\/files\/2020\/11\/compra-de-libros-para-infantil-2048x1282.jpg 2048w, https:\/\/blogsaverroes.juntadeandalucia.es\/coleabrucena\/files\/2020\/11\/compra-de-libros-para-infantil-24x15.jpg 24w, https:\/\/blogsaverroes.juntadeandalucia.es\/coleabrucena\/files\/2020\/11\/compra-de-libros-para-infantil-36x23.jpg 36w, https:\/\/blogsaverroes.juntadeandalucia.es\/coleabrucena\/files\/2020\/11\/compra-de-libros-para-infantil-48x30.jpg 48w\" sizes=\"(max-width: 1600px) 100vw, 1600px\" \/><\/a> <a href=\"https:\/\/blogsaverroes.juntadeandalucia.es\/coleabrucena\/files\/2020\/11\/compra-libros-ESO-scaled.jpg\"><img loading=\"lazy\" decoding=\"async\" class=\"alignnone size-full wp-image-2497\" src=\"https:\/\/blogsaverroes.juntadeandalucia.es\/coleabrucena\/files\/2020\/11\/compra-libros-ESO-scaled.jpg\" alt=\"\" width=\"1600\" height=\"1052\" srcset=\"https:\/\/blogsaverroes.juntadeandalucia.es\/coleabrucena\/files\/2020\/11\/compra-libros-ESO-scaled.jpg 1600w, https:\/\/blogsaverroes.juntadeandalucia.es\/coleabrucena\/files\/2020\/11\/compra-libros-ESO-300x197.jpg 300w, https:\/\/blogsaverroes.juntadeandalucia.es\/coleabrucena\/files\/2020\/11\/compra-libros-ESO-1024x673.jpg 1024w, https:\/\/blogsaverroes.juntadeandalucia.es\/coleabrucena\/files\/2020\/11\/compra-libros-ESO-768x505.jpg 768w, https:\/\/blogsaverroes.juntadeandalucia.es\/coleabrucena\/files\/2020\/11\/compra-libros-ESO-1536x1010.jpg 1536w, https:\/\/blogsaverroes.juntadeandalucia.es\/coleabrucena\/files\/2020\/11\/compra-libros-ESO-2048x1346.jpg 2048w, https:\/\/blogsaverroes.juntadeandalucia.es\/coleabrucena\/files\/2020\/11\/compra-libros-ESO-24x16.jpg 24w, https:\/\/blogsaverroes.juntadeandalucia.es\/coleabrucena\/files\/2020\/11\/compra-libros-ESO-36x24.jpg 36w, https:\/\/blogsaverroes.juntadeandalucia.es\/coleabrucena\/files\/2020\/11\/compra-libros-ESO-48x32.jpg 48w\" sizes=\"(max-width: 1600px) 100vw, 1600px\" \/><\/a> <a href=\"https:\/\/blogsaverroes.juntadeandalucia.es\/coleabrucena\/files\/2020\/11\/taller-infantil-3-scaled.jpg\"><img loading=\"lazy\" decoding=\"async\" class=\"alignnone size-full wp-image-2498\" src=\"https:\/\/blogsaverroes.juntadeandalucia.es\/coleabrucena\/files\/2020\/11\/taller-infantil-3-scaled.jpg\" alt=\"\" width=\"1600\" height=\"1198\" srcset=\"https:\/\/blogsaverroes.juntadeandalucia.es\/coleabrucena\/files\/2020\/11\/taller-infantil-3-scaled.jpg 1600w, https:\/\/blogsaverroes.juntadeandalucia.es\/coleabrucena\/files\/2020\/11\/taller-infantil-3-300x225.jpg 300w, https:\/\/blogsaverroes.juntadeandalucia.es\/coleabrucena\/files\/2020\/11\/taller-infantil-3-1024x766.jpg 1024w, https:\/\/blogsaverroes.juntadeandalucia.es\/coleabrucena\/files\/2020\/11\/taller-infantil-3-768x575.jpg 768w, https:\/\/blogsaverroes.juntadeandalucia.es\/coleabrucena\/files\/2020\/11\/taller-infantil-3-1536x1150.jpg 1536w, https:\/\/blogsaverroes.juntadeandalucia.es\/coleabrucena\/files\/2020\/11\/taller-infantil-3-2048x1533.jpg 2048w, https:\/\/blogsaverroes.juntadeandalucia.es\/coleabrucena\/files\/2020\/11\/taller-infantil-3-24x18.jpg 24w, https:\/\/blogsaverroes.juntadeandalucia.es\/coleabrucena\/files\/2020\/11\/taller-infantil-3-36x27.jpg 36w, https:\/\/blogsaverroes.juntadeandalucia.es\/coleabrucena\/files\/2020\/11\/taller-infantil-3-48x36.jpg 48w\" sizes=\"(max-width: 1600px) 100vw, 1600px\" \/><\/a> <a href=\"https:\/\/blogsaverroes.juntadeandalucia.es\/coleabrucena\/files\/2020\/11\/compra-de-libros-SM-scaled.jpg\"><img loading=\"lazy\" decoding=\"async\" class=\"alignnone size-full wp-image-2499\" src=\"https:\/\/blogsaverroes.juntadeandalucia.es\/coleabrucena\/files\/2020\/11\/compra-de-libros-SM-scaled.jpg\" alt=\"\" width=\"1600\" height=\"1201\" srcset=\"https:\/\/blogsaverroes.juntadeandalucia.es\/coleabrucena\/files\/2020\/11\/compra-de-libros-SM-scaled.jpg 1600w, https:\/\/blogsaverroes.juntadeandalucia.es\/coleabrucena\/files\/2020\/11\/compra-de-libros-SM-300x225.jpg 300w, https:\/\/blogsaverroes.juntadeandalucia.es\/coleabrucena\/files\/2020\/11\/compra-de-libros-SM-1024x769.jpg 1024w, https:\/\/blogsaverroes.juntadeandalucia.es\/coleabrucena\/files\/2020\/11\/compra-de-libros-SM-768x576.jpg 768w, https:\/\/blogsaverroes.juntadeandalucia.es\/coleabrucena\/files\/2020\/11\/compra-de-libros-SM-1536x1153.jpg 1536w, https:\/\/blogsaverroes.juntadeandalucia.es\/coleabrucena\/files\/2020\/11\/compra-de-libros-SM-2048x1537.jpg 2048w, https:\/\/blogsaverroes.juntadeandalucia.es\/coleabrucena\/files\/2020\/11\/compra-de-libros-SM-24x18.jpg 24w, https:\/\/blogsaverroes.juntadeandalucia.es\/coleabrucena\/files\/2020\/11\/compra-de-libros-SM-36x27.jpg 36w, https:\/\/blogsaverroes.juntadeandalucia.es\/coleabrucena\/files\/2020\/11\/compra-de-libros-SM-48x36.jpg 48w\" sizes=\"(max-width: 1600px) 100vw, 1600px\" \/><\/a> <a href=\"https:\/\/blogsaverroes.juntadeandalucia.es\/coleabrucena\/files\/2020\/11\/d\u00eda-de-la-paz-mujeres-por-la-paz.png\"><img loading=\"lazy\" decoding=\"async\" class=\"alignnone size-full wp-image-2500\" src=\"https:\/\/blogsaverroes.juntadeandalucia.es\/coleabrucena\/files\/2020\/11\/d\u00eda-de-la-paz-mujeres-por-la-paz.png\" alt=\"\" width=\"1600\" height=\"1103\" srcset=\"https:\/\/blogsaverroes.juntadeandalucia.es\/coleabrucena\/files\/2020\/11\/d\u00eda-de-la-paz-mujeres-por-la-paz.png 1600w, https:\/\/blogsaverroes.juntadeandalucia.es\/coleabrucena\/files\/2020\/11\/d\u00eda-de-la-paz-mujeres-por-la-paz-300x207.png 300w, https:\/\/blogsaverroes.juntadeandalucia.es\/coleabrucena\/files\/2020\/11\/d\u00eda-de-la-paz-mujeres-por-la-paz-1024x706.png 1024w, https:\/\/blogsaverroes.juntadeandalucia.es\/coleabrucena\/files\/2020\/11\/d\u00eda-de-la-paz-mujeres-por-la-paz-768x529.png 768w, https:\/\/blogsaverroes.juntadeandalucia.es\/coleabrucena\/files\/2020\/11\/d\u00eda-de-la-paz-mujeres-por-la-paz-1536x1058.png 1536w, https:\/\/blogsaverroes.juntadeandalucia.es\/coleabrucena\/files\/2020\/11\/d\u00eda-de-la-paz-mujeres-por-la-paz-2048x1411.png 2048w, https:\/\/blogsaverroes.juntadeandalucia.es\/coleabrucena\/files\/2020\/11\/d\u00eda-de-la-paz-mujeres-por-la-paz-24x17.png 24w, https:\/\/blogsaverroes.juntadeandalucia.es\/coleabrucena\/files\/2020\/11\/d\u00eda-de-la-paz-mujeres-por-la-paz-36x25.png 36w, https:\/\/blogsaverroes.juntadeandalucia.es\/coleabrucena\/files\/2020\/11\/d\u00eda-de-la-paz-mujeres-por-la-paz-48x33.png 48w\" sizes=\"(max-width: 1600px) 100vw, 1600px\" \/><\/a> <a href=\"https:\/\/blogsaverroes.juntadeandalucia.es\/coleabrucena\/files\/2020\/11\/taller-infantil-41-scaled.jpg\"><img loading=\"lazy\" decoding=\"async\" class=\"alignnone size-full wp-image-2501\" src=\"https:\/\/blogsaverroes.juntadeandalucia.es\/coleabrucena\/files\/2020\/11\/taller-infantil-41-scaled.jpg\" alt=\"\" width=\"1600\" height=\"1198\" srcset=\"https:\/\/blogsaverroes.juntadeandalucia.es\/coleabrucena\/files\/2020\/11\/taller-infantil-41-scaled.jpg 1600w, https:\/\/blogsaverroes.juntadeandalucia.es\/coleabrucena\/files\/2020\/11\/taller-infantil-41-300x225.jpg 300w, https:\/\/blogsaverroes.juntadeandalucia.es\/coleabrucena\/files\/2020\/11\/taller-infantil-41-1024x766.jpg 1024w, https:\/\/blogsaverroes.juntadeandalucia.es\/coleabrucena\/files\/2020\/11\/taller-infantil-41-768x575.jpg 768w, https:\/\/blogsaverroes.juntadeandalucia.es\/coleabrucena\/files\/2020\/11\/taller-infantil-41-1536x1150.jpg 1536w, https:\/\/blogsaverroes.juntadeandalucia.es\/coleabrucena\/files\/2020\/11\/taller-infantil-41-2048x1533.jpg 2048w, https:\/\/blogsaverroes.juntadeandalucia.es\/coleabrucena\/files\/2020\/11\/taller-infantil-41-24x18.jpg 24w, https:\/\/blogsaverroes.juntadeandalucia.es\/coleabrucena\/files\/2020\/11\/taller-infantil-41-36x27.jpg 36w, https:\/\/blogsaverroes.juntadeandalucia.es\/coleabrucena\/files\/2020\/11\/taller-infantil-41-48x36.jpg 48w\" sizes=\"(max-width: 1600px) 100vw, 1600px\" \/><\/a> <a href=\"https:\/\/blogsaverroes.juntadeandalucia.es\/coleabrucena\/files\/2020\/11\/compra-libros-1\u00ba-ciclo-de-primaria-scaled.jpg\"><img loading=\"lazy\" decoding=\"async\" class=\"alignnone size-full wp-image-2502\" src=\"https:\/\/blogsaverroes.juntadeandalucia.es\/coleabrucena\/files\/2020\/11\/compra-libros-1\u00ba-ciclo-de-primaria-scaled.jpg\" alt=\"\" width=\"1600\" height=\"1036\" srcset=\"https:\/\/blogsaverroes.juntadeandalucia.es\/coleabrucena\/files\/2020\/11\/compra-libros-1\u00ba-ciclo-de-primaria-scaled.jpg 1600w, https:\/\/blogsaverroes.juntadeandalucia.es\/coleabrucena\/files\/2020\/11\/compra-libros-1\u00ba-ciclo-de-primaria-300x194.jpg 300w, https:\/\/blogsaverroes.juntadeandalucia.es\/coleabrucena\/files\/2020\/11\/compra-libros-1\u00ba-ciclo-de-primaria-1024x663.jpg 1024w, https:\/\/blogsaverroes.juntadeandalucia.es\/coleabrucena\/files\/2020\/11\/compra-libros-1\u00ba-ciclo-de-primaria-768x497.jpg 768w, https:\/\/blogsaverroes.juntadeandalucia.es\/coleabrucena\/files\/2020\/11\/compra-libros-1\u00ba-ciclo-de-primaria-1536x995.jpg 1536w, https:\/\/blogsaverroes.juntadeandalucia.es\/coleabrucena\/files\/2020\/11\/compra-libros-1\u00ba-ciclo-de-primaria-2048x1326.jpg 2048w, https:\/\/blogsaverroes.juntadeandalucia.es\/coleabrucena\/files\/2020\/11\/compra-libros-1\u00ba-ciclo-de-primaria-280x180.jpg 280w, https:\/\/blogsaverroes.juntadeandalucia.es\/coleabrucena\/files\/2020\/11\/compra-libros-1\u00ba-ciclo-de-primaria-24x16.jpg 24w, https:\/\/blogsaverroes.juntadeandalucia.es\/coleabrucena\/files\/2020\/11\/compra-libros-1\u00ba-ciclo-de-primaria-36x23.jpg 36w, https:\/\/blogsaverroes.juntadeandalucia.es\/coleabrucena\/files\/2020\/11\/compra-libros-1\u00ba-ciclo-de-primaria-48x31.jpg 48w\" sizes=\"(max-width: 1600px) 100vw, 1600px\" \/><\/a> <a href=\"https:\/\/blogsaverroes.juntadeandalucia.es\/coleabrucena\/files\/2020\/11\/te-regalo-un-beso-25N-scaled.jpg\"><img loading=\"lazy\" decoding=\"async\" class=\"alignnone size-full wp-image-2503\" src=\"https:\/\/blogsaverroes.juntadeandalucia.es\/coleabrucena\/files\/2020\/11\/te-regalo-un-beso-25N-scaled.jpg\" alt=\"\" width=\"1600\" height=\"1201\" srcset=\"https:\/\/blogsaverroes.juntadeandalucia.es\/coleabrucena\/files\/2020\/11\/te-regalo-un-beso-25N-scaled.jpg 1600w, https:\/\/blogsaverroes.juntadeandalucia.es\/coleabrucena\/files\/2020\/11\/te-regalo-un-beso-25N-300x225.jpg 300w, https:\/\/blogsaverroes.juntadeandalucia.es\/coleabrucena\/files\/2020\/11\/te-regalo-un-beso-25N-1024x769.jpg 1024w, https:\/\/blogsaverroes.juntadeandalucia.es\/coleabrucena\/files\/2020\/11\/te-regalo-un-beso-25N-768x576.jpg 768w, https:\/\/blogsaverroes.juntadeandalucia.es\/coleabrucena\/files\/2020\/11\/te-regalo-un-beso-25N-1536x1153.jpg 1536w, https:\/\/blogsaverroes.juntadeandalucia.es\/coleabrucena\/files\/2020\/11\/te-regalo-un-beso-25N-2048x1537.jpg 2048w, https:\/\/blogsaverroes.juntadeandalucia.es\/coleabrucena\/files\/2020\/11\/te-regalo-un-beso-25N-24x18.jpg 24w, https:\/\/blogsaverroes.juntadeandalucia.es\/coleabrucena\/files\/2020\/11\/te-regalo-un-beso-25N-36x27.jpg 36w, https:\/\/blogsaverroes.juntadeandalucia.es\/coleabrucena\/files\/2020\/11\/te-regalo-un-beso-25N-48x36.jpg 48w\" sizes=\"(max-width: 1600px) 100vw, 1600px\" \/><\/a> <a href=\"https:\/\/blogsaverroes.juntadeandalucia.es\/coleabrucena\/files\/2020\/11\/taller-ESO1-scaled.jpg\"><img loading=\"lazy\" decoding=\"async\" class=\"alignnone size-full wp-image-2504\" src=\"https:\/\/blogsaverroes.juntadeandalucia.es\/coleabrucena\/files\/2020\/11\/taller-ESO1-scaled.jpg\" alt=\"\" width=\"1600\" height=\"1103\" srcset=\"https:\/\/blogsaverroes.juntadeandalucia.es\/coleabrucena\/files\/2020\/11\/taller-ESO1-scaled.jpg 1600w, https:\/\/blogsaverroes.juntadeandalucia.es\/coleabrucena\/files\/2020\/11\/taller-ESO1-300x207.jpg 300w, https:\/\/blogsaverroes.juntadeandalucia.es\/coleabrucena\/files\/2020\/11\/taller-ESO1-1024x706.jpg 1024w, https:\/\/blogsaverroes.juntadeandalucia.es\/coleabrucena\/files\/2020\/11\/taller-ESO1-768x529.jpg 768w, https:\/\/blogsaverroes.juntadeandalucia.es\/coleabrucena\/files\/2020\/11\/taller-ESO1-1536x1058.jpg 1536w, https:\/\/blogsaverroes.juntadeandalucia.es\/coleabrucena\/files\/2020\/11\/taller-ESO1-2048x1411.jpg 2048w, https:\/\/blogsaverroes.juntadeandalucia.es\/coleabrucena\/files\/2020\/11\/taller-ESO1-24x17.jpg 24w, https:\/\/blogsaverroes.juntadeandalucia.es\/coleabrucena\/files\/2020\/11\/taller-ESO1-36x25.jpg 36w, https:\/\/blogsaverroes.juntadeandalucia.es\/coleabrucena\/files\/2020\/11\/taller-ESO1-48x33.jpg 48w\" sizes=\"(max-width: 1600px) 100vw, 1600px\" \/><\/a> <a href=\"https:\/\/blogsaverroes.juntadeandalucia.es\/coleabrucena\/files\/2020\/11\/IMG_20201014_163551.jpg\"><img loading=\"lazy\" decoding=\"async\" class=\"alignnone size-full wp-image-2505\" src=\"https:\/\/blogsaverroes.juntadeandalucia.es\/coleabrucena\/files\/2020\/11\/IMG_20201014_163551.jpg\" alt=\"\" width=\"1600\" height=\"728\" srcset=\"https:\/\/blogsaverroes.juntadeandalucia.es\/coleabrucena\/files\/2020\/11\/IMG_20201014_163551.jpg 1600w, https:\/\/blogsaverroes.juntadeandalucia.es\/coleabrucena\/files\/2020\/11\/IMG_20201014_163551-300x137.jpg 300w, https:\/\/blogsaverroes.juntadeandalucia.es\/coleabrucena\/files\/2020\/11\/IMG_20201014_163551-1024x466.jpg 1024w, https:\/\/blogsaverroes.juntadeandalucia.es\/coleabrucena\/files\/2020\/11\/IMG_20201014_163551-768x349.jpg 768w, https:\/\/blogsaverroes.juntadeandalucia.es\/coleabrucena\/files\/2020\/11\/IMG_20201014_163551-1536x699.jpg 1536w, https:\/\/blogsaverroes.juntadeandalucia.es\/coleabrucena\/files\/2020\/11\/IMG_20201014_163551-24x11.jpg 24w, https:\/\/blogsaverroes.juntadeandalucia.es\/coleabrucena\/files\/2020\/11\/IMG_20201014_163551-36x16.jpg 36w, https:\/\/blogsaverroes.juntadeandalucia.es\/coleabrucena\/files\/2020\/11\/IMG_20201014_163551-48x22.jpg 48w\" sizes=\"(max-width: 1600px) 100vw, 1600px\" \/><\/a><\/p>\n","protected":false},"excerpt":{"rendered":"<p>El CEIP Antonio Rela\u00f1o de Abrucena particip\u00f3 el curso pasado en el Pacto de Estado por la no violencia. Realizaci\u00f3n de talleres, murales y adquisici\u00f3n de libros para todos los niveles educativos.<\/p>\n","protected":false},"author":5674,"featured_media":0,"comment_status":"open","ping_status":"open","sticky":false,"template":"","format":"standard","meta":{"ngg_post_thumbnail":0,"footnotes":""},"categories":[2280444],"tags":[],"aioseo_notices":[],"_links":{"self":[{"href":"https:\/\/blogsaverroes.juntadeandalucia.es\/coleabrucena\/wp-json\/wp\/v2\/posts\/2494"}],"collection":[{"href":"https:\/\/blogsaverroes.juntadeandalucia.es\/coleabrucena\/wp-json\/wp\/v2\/posts"}],"about":[{"href":"https:\/\/blogsaverroes.juntadeandalucia.es\/coleabrucena\/wp-json\/wp\/v2\/types\/post"}],"author":[{"embeddable":true,"href":"https:\/\/blogsaverroes.juntadeandalucia.es\/coleabrucena\/wp-json\/wp\/v2\/users\/5674"}],"replies":[{"embeddable":true,"href":"https:\/\/blogsaverroes.juntadeandalucia.es\/coleabrucena\/wp-json\/wp\/v2\/comments?post=2494"}],"version-history":[{"count":4,"href":"https:\/\/blogsaverroes.juntadeandalucia.es\/coleabrucena\/wp-json\/wp\/v2\/posts\/2494\/revisions"}],"predecessor-version":[{"id":2509,"href":"https:\/\/blogsaverroes.juntadeandalucia.es\/coleabrucena\/wp-json\/wp\/v2\/posts\/2494\/revisions\/2509"}],"wp:attachment":[{"href":"https:\/\/blogsaverroes.juntadeandalucia.es\/coleabrucena\/wp-json\/wp\/v2\/media?parent=2494"}],"wp:term":[{"taxonomy":"category","embeddable":true,"href":"https:\/\/blogsaverroes.juntadeandalucia.es\/coleabrucena\/wp-json\/wp\/v2\/categories?post=2494"},{"taxonomy":"post_tag","embeddable":true,"href":"https:\/\/blogsaverroes.juntadeandalucia.es\/coleabrucena\/wp-json\/wp\/v2\/tags?post=2494"}],"curies":[{"name":"wp","href":"https:\/\/api.w.org\/{rel}","templated":true}]}}