{"id":2606,"date":"2021-11-19T10:36:46","date_gmt":"2021-11-19T09:36:46","guid":{"rendered":"https:\/\/blogsaverroes.juntadeandalucia.es\/coleabrucena\/?p=2606"},"modified":"2021-11-22T10:56:13","modified_gmt":"2021-11-22T09:56:13","slug":"congratulations","status":"publish","type":"post","link":"https:\/\/blogsaverroes.juntadeandalucia.es\/coleabrucena\/2021\/11\/19\/congratulations\/","title":{"rendered":"Congratulations!!!!!!!"},"content":{"rendered":"<p>&nbsp;&nbsp;&nbsp;&nbsp;&nbsp;&nbsp;&nbsp;&nbsp;&nbsp;&nbsp;&nbsp;&nbsp;&nbsp; <em>E<\/em><em>l profesorado y alumnado del Ceip Antonio Rela\u00f1o de Abrucena,<\/em><\/p>\n<p><em>queremos felicitar al alumno Alexis Torres Ruiz, alumno de 4\u00ba de Primaria,<\/em><\/p>\n<p><em>por ser Campe\u00f3n de Espa\u00f1a en Kobudo alev\u00edn.<\/em><\/p>\n<p><em>&nbsp;&nbsp; &nbsp; &nbsp; &nbsp; &nbsp; &nbsp; &nbsp; &nbsp; &nbsp; &nbsp; &nbsp; &nbsp; &nbsp; &nbsp; &nbsp; &nbsp; &nbsp; &nbsp; &nbsp; &nbsp; &nbsp; &nbsp; &nbsp; &nbsp; &nbsp; &nbsp; &nbsp; &nbsp; &nbsp; &nbsp; &nbsp; &nbsp; &nbsp; &nbsp; &nbsp; &nbsp; &nbsp; &nbsp; &nbsp; &nbsp; &nbsp; Congratulations Alexis!!!!!!!!!<\/em><\/p>\n<p>&nbsp;<\/p>\n<p><a href=\"https:\/\/blogsaverroes.juntadeandalucia.es\/coleabrucena\/files\/2021\/11\/Campe\u00f3n-de-Espa\u00f1a..jpg\"><img loading=\"lazy\" decoding=\"async\" class=\"alignnone size-full wp-image-2609\" src=\"https:\/\/blogsaverroes.juntadeandalucia.es\/coleabrucena\/files\/2021\/11\/Campe\u00f3n-de-Espa\u00f1a..jpg\" alt=\"\" width=\"1080\" height=\"720\" srcset=\"https:\/\/blogsaverroes.juntadeandalucia.es\/coleabrucena\/files\/2021\/11\/Campe\u00f3n-de-Espa\u00f1a..jpg 1080w, https:\/\/blogsaverroes.juntadeandalucia.es\/coleabrucena\/files\/2021\/11\/Campe\u00f3n-de-Espa\u00f1a.-300x200.jpg 300w, https:\/\/blogsaverroes.juntadeandalucia.es\/coleabrucena\/files\/2021\/11\/Campe\u00f3n-de-Espa\u00f1a.-1024x683.jpg 1024w, https:\/\/blogsaverroes.juntadeandalucia.es\/coleabrucena\/files\/2021\/11\/Campe\u00f3n-de-Espa\u00f1a.-768x512.jpg 768w\" sizes=\"(max-width: 1080px) 100vw, 1080px\" \/><\/a><\/p>\n<p>&nbsp;<\/p>\n","protected":false},"excerpt":{"rendered":"<p>&nbsp;&nbsp;&nbsp;&nbsp;&nbsp;&nbsp;&nbsp;&nbsp;&nbsp;&nbsp;&nbsp;&nbsp;&nbsp; El profesorado y alumnado del Ceip Antonio Rela\u00f1o de Abrucena, queremos felicitar al alumno Alexis Torres Ruiz, alumno de 4\u00ba de Primaria, por ser Campe\u00f3n de Espa\u00f1a en Kobudo alev\u00edn. &nbsp;&nbsp; &nbsp; &nbsp;&#46;&#46;&#46;<\/p>\n","protected":false},"author":5674,"featured_media":0,"comment_status":"open","ping_status":"open","sticky":false,"template":"","format":"standard","meta":{"ngg_post_thumbnail":0,"footnotes":""},"categories":[2280444],"tags":[],"aioseo_notices":[],"_links":{"self":[{"href":"https:\/\/blogsaverroes.juntadeandalucia.es\/coleabrucena\/wp-json\/wp\/v2\/posts\/2606"}],"collection":[{"href":"https:\/\/blogsaverroes.juntadeandalucia.es\/coleabrucena\/wp-json\/wp\/v2\/posts"}],"about":[{"href":"https:\/\/blogsaverroes.juntadeandalucia.es\/coleabrucena\/wp-json\/wp\/v2\/types\/post"}],"author":[{"embeddable":true,"href":"https:\/\/blogsaverroes.juntadeandalucia.es\/coleabrucena\/wp-json\/wp\/v2\/users\/5674"}],"replies":[{"embeddable":true,"href":"https:\/\/blogsaverroes.juntadeandalucia.es\/coleabrucena\/wp-json\/wp\/v2\/comments?post=2606"}],"version-history":[{"count":3,"href":"https:\/\/blogsaverroes.juntadeandalucia.es\/coleabrucena\/wp-json\/wp\/v2\/posts\/2606\/revisions"}],"predecessor-version":[{"id":2611,"href":"https:\/\/blogsaverroes.juntadeandalucia.es\/coleabrucena\/wp-json\/wp\/v2\/posts\/2606\/revisions\/2611"}],"wp:attachment":[{"href":"https:\/\/blogsaverroes.juntadeandalucia.es\/coleabrucena\/wp-json\/wp\/v2\/media?parent=2606"}],"wp:term":[{"taxonomy":"category","embeddable":true,"href":"https:\/\/blogsaverroes.juntadeandalucia.es\/coleabrucena\/wp-json\/wp\/v2\/categories?post=2606"},{"taxonomy":"post_tag","embeddable":true,"href":"https:\/\/blogsaverroes.juntadeandalucia.es\/coleabrucena\/wp-json\/wp\/v2\/tags?post=2606"}],"curies":[{"name":"wp","href":"https:\/\/api.w.org\/{rel}","templated":true}]}}