{"id":2613,"date":"2021-11-28T06:48:36","date_gmt":"2021-11-28T05:48:36","guid":{"rendered":"https:\/\/blogsaverroes.juntadeandalucia.es\/coleabrucena\/?p=2613"},"modified":"2021-11-28T10:14:14","modified_gmt":"2021-11-28T09:14:14","slug":"25-de-noviembre-2021","status":"publish","type":"post","link":"https:\/\/blogsaverroes.juntadeandalucia.es\/coleabrucena\/2021\/11\/28\/25-de-noviembre-2021\/","title":{"rendered":"25 de Noviembre 2021"},"content":{"rendered":"<p>&nbsp;<\/p>\n<p>JUEVES 25 DE NOVIEMBRE DE 2021: D\u00cdA CONTRA LA VIOLENCIA DE G\u00c9NERO.<\/p>\n<p>Hoy 25 de noviembre , el alumnado del CEIP Antonio Rela\u00f1o ha realizado murales ,<\/p>\n<p>sobre trabajos de no violencia.<\/p>\n<p>Es por ello que seguiremos luchando con esperanza, por tener un futuro con m\u00e1s oportunidades para todos y todas.<\/p>\n<p><a href=\"https:\/\/www.youtube.com\/watch?v=Ov7gm6n5lMA&amp;feature=youtu.be\">https:\/\/www.youtube.com\/watch?v=Ov7gm6n5lMA&amp;feature=youtu.be<\/a><\/p>\n<p><a href=\"https:\/\/blogsaverroes.juntadeandalucia.es\/coleabrucena\/files\/2021\/11\/1637867874730-scaled.jpg\"><img loading=\"lazy\" decoding=\"async\" class=\"alignnone size-full wp-image-2616\" src=\"https:\/\/blogsaverroes.juntadeandalucia.es\/coleabrucena\/files\/2021\/11\/1637867874730-scaled.jpg\" alt=\"\" width=\"1200\" height=\"1600\" srcset=\"https:\/\/blogsaverroes.juntadeandalucia.es\/coleabrucena\/files\/2021\/11\/1637867874730-scaled.jpg 1200w, https:\/\/blogsaverroes.juntadeandalucia.es\/coleabrucena\/files\/2021\/11\/1637867874730-225x300.jpg 225w, https:\/\/blogsaverroes.juntadeandalucia.es\/coleabrucena\/files\/2021\/11\/1637867874730-768x1024.jpg 768w, https:\/\/blogsaverroes.juntadeandalucia.es\/coleabrucena\/files\/2021\/11\/1637867874730-1152x1536.jpg 1152w, https:\/\/blogsaverroes.juntadeandalucia.es\/coleabrucena\/files\/2021\/11\/1637867874730-1536x2048.jpg 1536w\" sizes=\"(max-width: 1200px) 100vw, 1200px\" \/><\/a><a href=\"https:\/\/blogsaverroes.juntadeandalucia.es\/coleabrucena\/files\/2021\/11\/1637853506315-scaled.jpg\"><img loading=\"lazy\" decoding=\"async\" class=\"alignnone size-full wp-image-2618\" src=\"https:\/\/blogsaverroes.juntadeandalucia.es\/coleabrucena\/files\/2021\/11\/1637853506315-scaled.jpg\" alt=\"\" width=\"1600\" height=\"713\" srcset=\"https:\/\/blogsaverroes.juntadeandalucia.es\/coleabrucena\/files\/2021\/11\/1637853506315-scaled.jpg 1600w, https:\/\/blogsaverroes.juntadeandalucia.es\/coleabrucena\/files\/2021\/11\/1637853506315-300x134.jpg 300w, https:\/\/blogsaverroes.juntadeandalucia.es\/coleabrucena\/files\/2021\/11\/1637853506315-1024x456.jpg 1024w, https:\/\/blogsaverroes.juntadeandalucia.es\/coleabrucena\/files\/2021\/11\/1637853506315-768x342.jpg 768w, https:\/\/blogsaverroes.juntadeandalucia.es\/coleabrucena\/files\/2021\/11\/1637853506315-1536x684.jpg 1536w, https:\/\/blogsaverroes.juntadeandalucia.es\/coleabrucena\/files\/2021\/11\/1637853506315-2048x912.jpg 2048w\" sizes=\"(max-width: 1600px) 100vw, 1600px\" \/><\/a><a href=\"https:\/\/blogsaverroes.juntadeandalucia.es\/coleabrucena\/files\/2021\/11\/1637867874703-scaled.jpg\"><img loading=\"lazy\" decoding=\"async\" class=\"alignnone size-full wp-image-2615\" src=\"https:\/\/blogsaverroes.juntadeandalucia.es\/coleabrucena\/files\/2021\/11\/1637867874703-scaled.jpg\" alt=\"\" width=\"1600\" height=\"1200\" srcset=\"https:\/\/blogsaverroes.juntadeandalucia.es\/coleabrucena\/files\/2021\/11\/1637867874703-scaled.jpg 1600w, https:\/\/blogsaverroes.juntadeandalucia.es\/coleabrucena\/files\/2021\/11\/1637867874703-300x225.jpg 300w, https:\/\/blogsaverroes.juntadeandalucia.es\/coleabrucena\/files\/2021\/11\/1637867874703-1024x768.jpg 1024w, https:\/\/blogsaverroes.juntadeandalucia.es\/coleabrucena\/files\/2021\/11\/1637867874703-768x576.jpg 768w, https:\/\/blogsaverroes.juntadeandalucia.es\/coleabrucena\/files\/2021\/11\/1637867874703-1536x1152.jpg 1536w, https:\/\/blogsaverroes.juntadeandalucia.es\/coleabrucena\/files\/2021\/11\/1637867874703-2048x1536.jpg 2048w\" sizes=\"(max-width: 1600px) 100vw, 1600px\" \/><\/a><\/p>\n<p>&nbsp;<\/p>\n<p><a href=\"https:\/\/blogsaverroes.juntadeandalucia.es\/coleabrucena\/files\/2021\/11\/1637867874677-scaled.jpg\"><img loading=\"lazy\" decoding=\"async\" class=\"alignnone size-full wp-image-2614\" src=\"https:\/\/blogsaverroes.juntadeandalucia.es\/coleabrucena\/files\/2021\/11\/1637867874677-scaled.jpg\" alt=\"\" width=\"1600\" height=\"1200\" srcset=\"https:\/\/blogsaverroes.juntadeandalucia.es\/coleabrucena\/files\/2021\/11\/1637867874677-scaled.jpg 1600w, https:\/\/blogsaverroes.juntadeandalucia.es\/coleabrucena\/files\/2021\/11\/1637867874677-300x225.jpg 300w, https:\/\/blogsaverroes.juntadeandalucia.es\/coleabrucena\/files\/2021\/11\/1637867874677-1024x768.jpg 1024w, https:\/\/blogsaverroes.juntadeandalucia.es\/coleabrucena\/files\/2021\/11\/1637867874677-768x576.jpg 768w, https:\/\/blogsaverroes.juntadeandalucia.es\/coleabrucena\/files\/2021\/11\/1637867874677-1536x1152.jpg 1536w, https:\/\/blogsaverroes.juntadeandalucia.es\/coleabrucena\/files\/2021\/11\/1637867874677-2048x1536.jpg 2048w\" sizes=\"(max-width: 1600px) 100vw, 1600px\" \/><\/a><\/p>\n<p>&nbsp;<\/p>\n","protected":false},"excerpt":{"rendered":"<p>&nbsp; JUEVES 25 DE NOVIEMBRE DE 2021: D\u00cdA CONTRA LA VIOLENCIA DE G\u00c9NERO. Hoy 25 de noviembre , el alumnado del CEIP Antonio Rela\u00f1o ha realizado murales , sobre trabajos de no violencia. Es&#46;&#46;&#46;<\/p>\n","protected":false},"author":5674,"featured_media":0,"comment_status":"open","ping_status":"open","sticky":false,"template":"","format":"standard","meta":{"ngg_post_thumbnail":0,"footnotes":""},"categories":[2280444],"tags":[],"aioseo_notices":[],"_links":{"self":[{"href":"https:\/\/blogsaverroes.juntadeandalucia.es\/coleabrucena\/wp-json\/wp\/v2\/posts\/2613"}],"collection":[{"href":"https:\/\/blogsaverroes.juntadeandalucia.es\/coleabrucena\/wp-json\/wp\/v2\/posts"}],"about":[{"href":"https:\/\/blogsaverroes.juntadeandalucia.es\/coleabrucena\/wp-json\/wp\/v2\/types\/post"}],"author":[{"embeddable":true,"href":"https:\/\/blogsaverroes.juntadeandalucia.es\/coleabrucena\/wp-json\/wp\/v2\/users\/5674"}],"replies":[{"embeddable":true,"href":"https:\/\/blogsaverroes.juntadeandalucia.es\/coleabrucena\/wp-json\/wp\/v2\/comments?post=2613"}],"version-history":[{"count":10,"href":"https:\/\/blogsaverroes.juntadeandalucia.es\/coleabrucena\/wp-json\/wp\/v2\/posts\/2613\/revisions"}],"predecessor-version":[{"id":2628,"href":"https:\/\/blogsaverroes.juntadeandalucia.es\/coleabrucena\/wp-json\/wp\/v2\/posts\/2613\/revisions\/2628"}],"wp:attachment":[{"href":"https:\/\/blogsaverroes.juntadeandalucia.es\/coleabrucena\/wp-json\/wp\/v2\/media?parent=2613"}],"wp:term":[{"taxonomy":"category","embeddable":true,"href":"https:\/\/blogsaverroes.juntadeandalucia.es\/coleabrucena\/wp-json\/wp\/v2\/categories?post=2613"},{"taxonomy":"post_tag","embeddable":true,"href":"https:\/\/blogsaverroes.juntadeandalucia.es\/coleabrucena\/wp-json\/wp\/v2\/tags?post=2613"}],"curies":[{"name":"wp","href":"https:\/\/api.w.org\/{rel}","templated":true}]}}