{"id":2875,"date":"2023-05-15T11:50:18","date_gmt":"2023-05-15T11:50:18","guid":{"rendered":"https:\/\/blogsaverroes.juntadeandalucia.es\/colecotodebornos\/?p=2875"},"modified":"2023-05-15T11:50:18","modified_gmt":"2023-05-15T11:50:18","slug":"semana-cultural","status":"publish","type":"post","link":"https:\/\/blogsaverroes.juntadeandalucia.es\/colecoto\/semana-cultural\/","title":{"rendered":"IV SEMANA CULTURAL"},"content":{"rendered":"<h1><span style=\"color: #008000\"><span id=\"page7R_mcid49\" class=\"markedContent\"><span dir=\"ltr\" role=\"presentation\">&#8220;Siembra en los ni\u00f1os ideas buenas, aunque no las<\/span><\/span><span id=\"page7R_mcid50\" class=\"markedContent\"> <span dir=\"ltr\" role=\"presentation\">entiendan&#8230;<\/span><\/span><span id=\"page7R_mcid51\" class=\"markedContent\"><br role=\"presentation\"><span dir=\"ltr\" role=\"presentation\">Los a\u00f1os se encargar\u00e1n de descifrarlas en su<\/span><\/span><span id=\"page7R_mcid52\" class=\"markedContent\"><br role=\"presentation\"><span dir=\"ltr\" role=\"presentation\">entendimiento y de hacerlas florecer en su coraz\u00f3n&#8221;<\/span><\/span><span id=\"page7R_mcid53\" class=\"markedContent\"><br role=\"presentation\"><span dir=\"ltr\" role=\"presentation\">(Mar\u00eda Montessori)<\/span><\/span><\/span><\/h1>\n<h1><a href=\"https:\/\/blogsaverroes.juntadeandalucia.es\/colecotodebornos\/files\/2023\/05\/Semana-cultural-CEIP-San-Isidro-Labrador.pdf\">IV Semana cultural CEIP San Isidro Labrador<\/a><\/h1>\n<h2>Lunes 15 de mayo<\/h2>\n<h2><a href=\"https:\/\/blogsaverroes.juntadeandalucia.es\/colecotodebornos\/files\/2023\/05\/20230515_110214-scaled.jpg\"><span id=\"page7R_mcid38\" class=\"markedContent\"><span dir=\"ltr\" role=\"presentation\">INAUGURACI\u00d3N DE LA SEMANA<\/span><\/span><span id=\"page7R_mcid39\" class=\"markedContent\"><br role=\"presentation\"><span dir=\"ltr\" role=\"presentation\">CULTURAL CON LA ACTUACI\u00d3N:<\/span><\/span><span id=\"page7R_mcid40\" class=\"markedContent\"><br role=\"presentation\"><span dir=\"ltr\" role=\"presentation\">&#8220;LOS PIRATAS CARAPATAS&#8221;<\/span><\/span><span id=\"page7R_mcid41\" class=\"markedContent\"><br role=\"presentation\"><span dir=\"ltr\" role=\"presentation\">(Salvador P\u00e9rez Salas)<\/span><\/span><span id=\"page7R_mcid42\" class=\"markedContent\"><br role=\"presentation\"><span dir=\"ltr\" role=\"presentation\">TRIFULCA TEATRO<\/span><\/span><img loading=\"lazy\" decoding=\"async\" class=\"aligncenter size-large wp-image-2878\" src=\"https:\/\/blogsaverroes.juntadeandalucia.es\/colecotodebornos\/files\/2023\/05\/20230515_110214-1024x1024.jpg\" alt=\"\" width=\"782\" height=\"782\"><\/a><a href=\"https:\/\/blogsaverroes.juntadeandalucia.es\/colecotodebornos\/files\/2023\/05\/20230515_110237-scaled.jpg\"><img loading=\"lazy\" decoding=\"async\" class=\"aligncenter size-large wp-image-2879\" src=\"https:\/\/blogsaverroes.juntadeandalucia.es\/colecotodebornos\/files\/2023\/05\/20230515_110237-1024x1024.jpg\" alt=\"\" width=\"782\" height=\"782\"><\/a><a href=\"https:\/\/blogsaverroes.juntadeandalucia.es\/colecotodebornos\/files\/2023\/05\/20230515_110243-scaled.jpg\"><img loading=\"lazy\" decoding=\"async\" class=\"aligncenter size-large wp-image-2880\" src=\"https:\/\/blogsaverroes.juntadeandalucia.es\/colecotodebornos\/files\/2023\/05\/20230515_110243-1024x1024.jpg\" alt=\"\" width=\"782\" height=\"782\"><\/a><a href=\"https:\/\/blogsaverroes.juntadeandalucia.es\/colecotodebornos\/files\/2023\/05\/20230515_110435-scaled.jpg\"><img loading=\"lazy\" decoding=\"async\" class=\"aligncenter size-large wp-image-2881\" src=\"https:\/\/blogsaverroes.juntadeandalucia.es\/colecotodebornos\/files\/2023\/05\/20230515_110435-1024x1024.jpg\" alt=\"\" width=\"782\" height=\"782\"><\/a><a href=\"https:\/\/blogsaverroes.juntadeandalucia.es\/colecotodebornos\/files\/2023\/05\/20230515_110443-scaled.jpg\"><img loading=\"lazy\" decoding=\"async\" class=\"aligncenter size-large wp-image-2882\" src=\"https:\/\/blogsaverroes.juntadeandalucia.es\/colecotodebornos\/files\/2023\/05\/20230515_110443-1024x1024.jpg\" alt=\"\" width=\"782\" height=\"782\"><\/a><a href=\"https:\/\/blogsaverroes.juntadeandalucia.es\/colecotodebornos\/files\/2023\/05\/20230515_110612-scaled.jpg\"><img loading=\"lazy\" decoding=\"async\" class=\"aligncenter size-large wp-image-2883\" src=\"https:\/\/blogsaverroes.juntadeandalucia.es\/colecotodebornos\/files\/2023\/05\/20230515_110612-1024x1024.jpg\" alt=\"\" width=\"782\" height=\"782\"><\/a><a href=\"https:\/\/blogsaverroes.juntadeandalucia.es\/colecotodebornos\/files\/2023\/05\/20230515_110620-scaled.jpg\"><img loading=\"lazy\" decoding=\"async\" class=\"aligncenter size-large wp-image-2884\" src=\"https:\/\/blogsaverroes.juntadeandalucia.es\/colecotodebornos\/files\/2023\/05\/20230515_110620-1024x1024.jpg\" alt=\"\" width=\"782\" height=\"782\"><\/a><a href=\"https:\/\/blogsaverroes.juntadeandalucia.es\/colecotodebornos\/files\/2023\/05\/20230515_110739-scaled.jpg\"><img loading=\"lazy\" decoding=\"async\" class=\"aligncenter size-large wp-image-2885\" src=\"https:\/\/blogsaverroes.juntadeandalucia.es\/colecotodebornos\/files\/2023\/05\/20230515_110739-1024x1024.jpg\" alt=\"\" width=\"782\" height=\"782\"><\/a><a href=\"https:\/\/blogsaverroes.juntadeandalucia.es\/colecotodebornos\/files\/2023\/05\/20230515_110744-scaled.jpg\"><img loading=\"lazy\" decoding=\"async\" class=\"aligncenter size-large wp-image-2886\" src=\"https:\/\/blogsaverroes.juntadeandalucia.es\/colecotodebornos\/files\/2023\/05\/20230515_110744-1024x1024.jpg\" alt=\"\" width=\"782\" height=\"782\"><\/a><a href=\"https:\/\/blogsaverroes.juntadeandalucia.es\/colecotodebornos\/files\/2023\/05\/20230515_110909-scaled.jpg\"><img loading=\"lazy\" decoding=\"async\" class=\"aligncenter size-large wp-image-2887\" src=\"https:\/\/blogsaverroes.juntadeandalucia.es\/colecotodebornos\/files\/2023\/05\/20230515_110909-1024x1024.jpg\" alt=\"\" width=\"782\" height=\"782\"><\/a><a href=\"https:\/\/blogsaverroes.juntadeandalucia.es\/colecotodebornos\/files\/2023\/05\/20230515_110923-scaled.jpg\"><img loading=\"lazy\" decoding=\"async\" class=\"aligncenter size-large wp-image-2888\" src=\"https:\/\/blogsaverroes.juntadeandalucia.es\/colecotodebornos\/files\/2023\/05\/20230515_110923-1024x1024.jpg\" alt=\"\" width=\"782\" height=\"782\"><\/a><a href=\"https:\/\/blogsaverroes.juntadeandalucia.es\/colecotodebornos\/files\/2023\/05\/20230515_111132-scaled.jpg\"><img loading=\"lazy\" decoding=\"async\" class=\"aligncenter size-large wp-image-2889\" src=\"https:\/\/blogsaverroes.juntadeandalucia.es\/colecotodebornos\/files\/2023\/05\/20230515_111132-1024x1024.jpg\" alt=\"\" width=\"782\" height=\"782\"><\/a><a href=\"https:\/\/blogsaverroes.juntadeandalucia.es\/colecotodebornos\/files\/2023\/05\/20230515_111146-scaled.jpg\"><img loading=\"lazy\" decoding=\"async\" class=\"aligncenter size-large wp-image-2890\" src=\"https:\/\/blogsaverroes.juntadeandalucia.es\/colecotodebornos\/files\/2023\/05\/20230515_111146-1024x1024.jpg\" alt=\"\" width=\"782\" height=\"782\"><\/a>MARTES 16 de mayo<\/h2>\n<h2><span style=\"color: #3366ff\">Charla de la profesional de enfermer\u00eda.<\/span><\/h2>\n<h2><span style=\"color: #008000\">Actividades desarrolladas con las familias a primera hora. Posteriormente sobre alimentaci\u00f3n en Educaci\u00f3n Infantil 3\/4 a\u00f1os y 5 a\u00f1os y en 1\u00ba y 2\u00ba de primaria. Prosigui\u00f3 la actividad con 3\u00ba y 4\u00ba sobre &#8220;El tabaquismo&#8221; y finaliz\u00f3 en 5\u00ba y 6\u00ba con &#8220;Primeros auxilios&#8221;. <\/span><\/h2>\n<h2><span style=\"color: #008000\">Todo el alumnado lo realiz\u00f3 con una excelente motivaci\u00f3n y muy buen aprendizaje.<\/span><\/h2>\n<p><a href=\"https:\/\/blogsaverroes.juntadeandalucia.es\/colecotodebornos\/files\/2023\/05\/IMG-20230529-WA0001.jpg\"><img loading=\"lazy\" decoding=\"async\" class=\"aligncenter size-large wp-image-2926\" src=\"https:\/\/blogsaverroes.juntadeandalucia.es\/colecotodebornos\/files\/2023\/05\/IMG-20230529-WA0001-1024x769.jpg\" alt=\"\" width=\"782\" height=\"587\"><\/a> <a href=\"https:\/\/blogsaverroes.juntadeandalucia.es\/colecotodebornos\/files\/2023\/05\/IMG-20230529-WA0003.jpg\"><img loading=\"lazy\" decoding=\"async\" class=\"aligncenter size-large wp-image-2927\" src=\"https:\/\/blogsaverroes.juntadeandalucia.es\/colecotodebornos\/files\/2023\/05\/IMG-20230529-WA0003-1024x769.jpg\" alt=\"\" width=\"782\" height=\"587\"><\/a> <a href=\"https:\/\/blogsaverroes.juntadeandalucia.es\/colecotodebornos\/files\/2023\/05\/IMG-20230529-WA0004.jpg\"><img loading=\"lazy\" decoding=\"async\" class=\"aligncenter size-large wp-image-2928\" src=\"https:\/\/blogsaverroes.juntadeandalucia.es\/colecotodebornos\/files\/2023\/05\/IMG-20230529-WA0004-1024x769.jpg\" alt=\"\" width=\"782\" height=\"587\"><\/a><\/p>\n<h1>Mi\u00e9rcoles 17 de mayo<\/h1>\n<h3><span style=\"color: #3366ff\">ACTIVIDADES MEDIOAMBIENTALES (ECONOM\u00cdA CIRCULAR)<\/span><\/h3>\n<h2><span style=\"color: #008000\">Infantil y 1\u00ba ciclo de primaria: <\/span><\/h2>\n<h2><span style=\"color: #008000\">&#8211; Cuento &#8220;La ranita de los tres ojos&#8221;. Actividad para conocer el uso de los cubos de reciclaje.<\/span><\/h2>\n<p><a href=\"https:\/\/blogsaverroes.juntadeandalucia.es\/colecotodebornos\/files\/2023\/05\/IMG-20230529-WA0000.jpg\"><img loading=\"lazy\" decoding=\"async\" class=\"aligncenter size-large wp-image-2929\" src=\"https:\/\/blogsaverroes.juntadeandalucia.es\/colecotodebornos\/files\/2023\/05\/IMG-20230529-WA0000-1024x769.jpg\" alt=\"\" width=\"782\" height=\"587\"><\/a> <a href=\"https:\/\/blogsaverroes.juntadeandalucia.es\/colecotodebornos\/files\/2023\/05\/IMG-20230529-WA0002.jpg\"><img loading=\"lazy\" decoding=\"async\" class=\"aligncenter size-large wp-image-2930\" src=\"https:\/\/blogsaverroes.juntadeandalucia.es\/colecotodebornos\/files\/2023\/05\/IMG-20230529-WA0002-1024x769.jpg\" alt=\"\" width=\"782\" height=\"587\"><\/a> <a href=\"https:\/\/blogsaverroes.juntadeandalucia.es\/colecotodebornos\/files\/2023\/05\/IMG-20230529-WA0005.jpg\"><img loading=\"lazy\" decoding=\"async\" class=\"aligncenter size-large wp-image-2931\" src=\"https:\/\/blogsaverroes.juntadeandalucia.es\/colecotodebornos\/files\/2023\/05\/IMG-20230529-WA0005-1024x769.jpg\" alt=\"\" width=\"782\" height=\"587\"><\/a> <a href=\"https:\/\/blogsaverroes.juntadeandalucia.es\/colecotodebornos\/files\/2023\/05\/IMG-20230529-WA0006.jpg\"><img loading=\"lazy\" decoding=\"async\" class=\"aligncenter size-large wp-image-2932\" src=\"https:\/\/blogsaverroes.juntadeandalucia.es\/colecotodebornos\/files\/2023\/05\/IMG-20230529-WA0006-1024x769.jpg\" alt=\"\" width=\"782\" height=\"587\"><\/a> <a href=\"https:\/\/blogsaverroes.juntadeandalucia.es\/colecotodebornos\/files\/2023\/05\/IMG-20230529-WA0007.jpg\"><img loading=\"lazy\" decoding=\"async\" class=\"aligncenter size-large wp-image-2933\" src=\"https:\/\/blogsaverroes.juntadeandalucia.es\/colecotodebornos\/files\/2023\/05\/IMG-20230529-WA0007-1024x769.jpg\" alt=\"\" width=\"782\" height=\"587\"><\/a> <a href=\"https:\/\/blogsaverroes.juntadeandalucia.es\/colecotodebornos\/files\/2023\/05\/IMG-20230529-WA0008.jpg\"><img loading=\"lazy\" decoding=\"async\" class=\"aligncenter size-large wp-image-2934\" src=\"https:\/\/blogsaverroes.juntadeandalucia.es\/colecotodebornos\/files\/2023\/05\/IMG-20230529-WA0008-1024x769.jpg\" alt=\"\" width=\"782\" height=\"587\"><\/a> <a href=\"https:\/\/blogsaverroes.juntadeandalucia.es\/colecotodebornos\/files\/2023\/05\/IMG-20230529-WA0009.jpg\"><img loading=\"lazy\" decoding=\"async\" class=\"aligncenter size-large wp-image-2935\" src=\"https:\/\/blogsaverroes.juntadeandalucia.es\/colecotodebornos\/files\/2023\/05\/IMG-20230529-WA0009-1024x769.jpg\" alt=\"\" width=\"782\" height=\"587\"><\/a><\/p>\n<h2><span style=\"color: #008000\">2\u00ba y 3\u00ba ciclo:<\/span><\/h2>\n<h2><span style=\"color: #008000\">&#8211; Charla sobre la econom\u00eda circular.<\/span><\/h2>\n<h2><span style=\"color: #008000\">&#8211; Charla sobre el ciclo del agua.<\/span><\/h2>\n<h2><span style=\"color: #008000\">&#8211; Taller: sembrar una planta<\/span><\/h2>\n<h1><a href=\"https:\/\/blogsaverroes.juntadeandalucia.es\/colecotodebornos\/files\/2023\/05\/20230517_123331-scaled.jpg\"><img loading=\"lazy\" decoding=\"async\" class=\"aligncenter size-large wp-image-2897\" src=\"https:\/\/blogsaverroes.juntadeandalucia.es\/colecotodebornos\/files\/2023\/05\/20230517_123331-473x1024.jpg\" alt=\"\" width=\"473\" height=\"1024\"><\/a> <a href=\"https:\/\/blogsaverroes.juntadeandalucia.es\/colecotodebornos\/files\/2023\/05\/20230517_123335-scaled.jpg\"><img loading=\"lazy\" decoding=\"async\" class=\"aligncenter size-large wp-image-2898\" src=\"https:\/\/blogsaverroes.juntadeandalucia.es\/colecotodebornos\/files\/2023\/05\/20230517_123335-473x1024.jpg\" alt=\"\" width=\"473\" height=\"1024\"><\/a> <a href=\"https:\/\/blogsaverroes.juntadeandalucia.es\/colecotodebornos\/files\/2023\/05\/20230517_123344-scaled.jpg\"><img loading=\"lazy\" decoding=\"async\" class=\"aligncenter size-large wp-image-2899\" src=\"https:\/\/blogsaverroes.juntadeandalucia.es\/colecotodebornos\/files\/2023\/05\/20230517_123344-1024x473.jpg\" alt=\"\" width=\"782\" height=\"361\"><\/a> <a href=\"https:\/\/blogsaverroes.juntadeandalucia.es\/colecotodebornos\/files\/2023\/05\/20230517_123400-scaled.jpg\"><img loading=\"lazy\" decoding=\"async\" class=\"aligncenter size-large wp-image-2900\" src=\"https:\/\/blogsaverroes.juntadeandalucia.es\/colecotodebornos\/files\/2023\/05\/20230517_123400-473x1024.jpg\" alt=\"\" width=\"473\" height=\"1024\"><\/a> <a href=\"https:\/\/blogsaverroes.juntadeandalucia.es\/colecotodebornos\/files\/2023\/05\/20230517_123441-scaled.jpg\"><img loading=\"lazy\" decoding=\"async\" class=\"aligncenter size-large wp-image-2901\" src=\"https:\/\/blogsaverroes.juntadeandalucia.es\/colecotodebornos\/files\/2023\/05\/20230517_123441-1024x473.jpg\" alt=\"\" width=\"782\" height=\"361\"><\/a> <a href=\"https:\/\/blogsaverroes.juntadeandalucia.es\/colecotodebornos\/files\/2023\/05\/20230517_123602-scaled.jpg\"><img loading=\"lazy\" decoding=\"async\" class=\"aligncenter size-large wp-image-2902\" src=\"https:\/\/blogsaverroes.juntadeandalucia.es\/colecotodebornos\/files\/2023\/05\/20230517_123602-473x1024.jpg\" alt=\"\" width=\"473\" height=\"1024\"><\/a> <a href=\"https:\/\/blogsaverroes.juntadeandalucia.es\/colecotodebornos\/files\/2023\/05\/20230517_123644-scaled.jpg\"><img loading=\"lazy\" decoding=\"async\" class=\"aligncenter size-large wp-image-2903\" src=\"https:\/\/blogsaverroes.juntadeandalucia.es\/colecotodebornos\/files\/2023\/05\/20230517_123644-473x1024.jpg\" alt=\"\" width=\"473\" height=\"1024\"><\/a> <a href=\"https:\/\/blogsaverroes.juntadeandalucia.es\/colecotodebornos\/files\/2023\/05\/20230517_124035-scaled.jpg\"><img loading=\"lazy\" decoding=\"async\" class=\"aligncenter size-large wp-image-2904\" src=\"https:\/\/blogsaverroes.juntadeandalucia.es\/colecotodebornos\/files\/2023\/05\/20230517_124035-473x1024.jpg\" alt=\"\" width=\"473\" height=\"1024\"><\/a> <a href=\"https:\/\/blogsaverroes.juntadeandalucia.es\/colecotodebornos\/files\/2023\/05\/20230517_124307-scaled.jpg\"><img loading=\"lazy\" decoding=\"async\" class=\"aligncenter size-large wp-image-2905\" src=\"https:\/\/blogsaverroes.juntadeandalucia.es\/colecotodebornos\/files\/2023\/05\/20230517_124307-1024x473.jpg\" alt=\"\" width=\"782\" height=\"361\"><\/a> <a href=\"https:\/\/blogsaverroes.juntadeandalucia.es\/colecotodebornos\/files\/2023\/05\/20230517_124309-scaled.jpg\"><img loading=\"lazy\" decoding=\"async\" class=\"aligncenter size-large wp-image-2906\" src=\"https:\/\/blogsaverroes.juntadeandalucia.es\/colecotodebornos\/files\/2023\/05\/20230517_124309-1024x473.jpg\" alt=\"\" width=\"782\" height=\"361\"><\/a>Jueves 18 de mayo<\/h1>\n<h1><span style=\"color: #3366ff\">D\u00cdA DE LA CONVIVENCIA DE TODA LA COMUNIDAD EDUCATIVA<\/span><\/h1>\n<h2><span style=\"color: #008000\">Lo celebramos con las familias, profesorado y personal no docente. Despu\u00e9s actuaci\u00f3n del mago Frank, nos traslad\u00f3 el mundo de la magia con una magn\u00edfica interpretaci\u00f3n.<\/span><\/h2>\n<h1><a href=\"https:\/\/blogsaverroes.juntadeandalucia.es\/colecotodebornos\/files\/2023\/05\/20230518_170654-scaled.jpg\"><img loading=\"lazy\" decoding=\"async\" class=\"aligncenter size-large wp-image-2909\" src=\"https:\/\/blogsaverroes.juntadeandalucia.es\/colecotodebornos\/files\/2023\/05\/20230518_170654-1024x577.jpg\" alt=\"\" width=\"782\" height=\"441\"><\/a> <a href=\"https:\/\/blogsaverroes.juntadeandalucia.es\/colecotodebornos\/files\/2023\/05\/20230518_170802-scaled.jpg\"><img loading=\"lazy\" decoding=\"async\" class=\"aligncenter size-large wp-image-2910\" src=\"https:\/\/blogsaverroes.juntadeandalucia.es\/colecotodebornos\/files\/2023\/05\/20230518_170802-1024x577.jpg\" alt=\"\" width=\"782\" height=\"441\"><\/a> <span style=\"color: #000000\">Viernes 19 de mayo<\/span><\/h1>\n<h2><span style=\"color: #3366ff\">EDUCACI\u00d3N VIAL PARA 2\u00ba Y 3\u00ba CICLO DE PRIMARIA.<\/span><\/h2>\n<h2><span style=\"color: #008000\">Estupenda clase de Educaci\u00f3n Vial por parte de la Polic\u00eda Local para que nuestro alumnado conozcan las normas para unos desplazamientos c\u00edvicos.<\/span><\/h2>\n<h2><span style=\"color: #3366ff\">P\u00cdCNIC DE E. INFANTIL Y 1\u00ba CICLO PRIMARIA POR EL ENTORNO.<\/span><\/h2>\n<p>&nbsp;<\/p>\n<p><a href=\"https:\/\/blogsaverroes.juntadeandalucia.es\/colecotodebornos\/files\/2023\/05\/20230519_114812-scaled.jpg\"><img loading=\"lazy\" decoding=\"async\" class=\"aligncenter size-large wp-image-2912\" src=\"https:\/\/blogsaverroes.juntadeandalucia.es\/colecotodebornos\/files\/2023\/05\/20230519_114812-1024x577.jpg\" alt=\"\" width=\"782\" height=\"441\"><\/a> <a href=\"https:\/\/blogsaverroes.juntadeandalucia.es\/colecotodebornos\/files\/2023\/05\/20230519_114917-scaled.jpg\"><img loading=\"lazy\" decoding=\"async\" class=\"aligncenter size-large wp-image-2913\" src=\"https:\/\/blogsaverroes.juntadeandalucia.es\/colecotodebornos\/files\/2023\/05\/20230519_114917-1024x577.jpg\" alt=\"\" width=\"782\" height=\"441\"><\/a> <a href=\"https:\/\/blogsaverroes.juntadeandalucia.es\/colecotodebornos\/files\/2023\/05\/20230519_115321-scaled.jpg\"><img loading=\"lazy\" decoding=\"async\" class=\"aligncenter size-large wp-image-2914\" src=\"https:\/\/blogsaverroes.juntadeandalucia.es\/colecotodebornos\/files\/2023\/05\/20230519_115321-1024x577.jpg\" alt=\"\" width=\"782\" height=\"441\"><\/a> <a href=\"https:\/\/blogsaverroes.juntadeandalucia.es\/colecotodebornos\/files\/2023\/05\/20230519_115325-scaled.jpg\"><img loading=\"lazy\" decoding=\"async\" class=\"aligncenter size-large wp-image-2915\" src=\"https:\/\/blogsaverroes.juntadeandalucia.es\/colecotodebornos\/files\/2023\/05\/20230519_115325-1024x577.jpg\" alt=\"\" width=\"782\" height=\"441\"><\/a> <a href=\"https:\/\/blogsaverroes.juntadeandalucia.es\/colecotodebornos\/files\/2023\/05\/20230519_120018-scaled.jpg\"><img loading=\"lazy\" decoding=\"async\" class=\"aligncenter size-large wp-image-2916\" src=\"https:\/\/blogsaverroes.juntadeandalucia.es\/colecotodebornos\/files\/2023\/05\/20230519_120018-1024x577.jpg\" alt=\"\" width=\"782\" height=\"441\"><\/a> <a href=\"https:\/\/blogsaverroes.juntadeandalucia.es\/colecotodebornos\/files\/2023\/05\/20230519_120053-scaled.jpg\"><img loading=\"lazy\" decoding=\"async\" class=\"aligncenter size-large wp-image-2917\" src=\"https:\/\/blogsaverroes.juntadeandalucia.es\/colecotodebornos\/files\/2023\/05\/20230519_120053-1024x577.jpg\" alt=\"\" width=\"782\" height=\"441\"><\/a> <a href=\"https:\/\/blogsaverroes.juntadeandalucia.es\/colecotodebornos\/files\/2023\/05\/20230519_120420-scaled.jpg\"><img loading=\"lazy\" decoding=\"async\" class=\"aligncenter size-large wp-image-2918\" src=\"https:\/\/blogsaverroes.juntadeandalucia.es\/colecotodebornos\/files\/2023\/05\/20230519_120420-1024x577.jpg\" alt=\"\" width=\"782\" height=\"441\"><\/a> <a href=\"https:\/\/blogsaverroes.juntadeandalucia.es\/colecotodebornos\/files\/2023\/05\/20230519_120431-scaled.jpg\"><img loading=\"lazy\" decoding=\"async\" class=\"aligncenter size-large wp-image-2919\" src=\"https:\/\/blogsaverroes.juntadeandalucia.es\/colecotodebornos\/files\/2023\/05\/20230519_120431-1024x577.jpg\" alt=\"\" width=\"782\" height=\"441\"><\/a> <a href=\"https:\/\/blogsaverroes.juntadeandalucia.es\/colecotodebornos\/files\/2023\/05\/20230519_120450-scaled.jpg\"><img loading=\"lazy\" decoding=\"async\" class=\"aligncenter size-large wp-image-2920\" src=\"https:\/\/blogsaverroes.juntadeandalucia.es\/colecotodebornos\/files\/2023\/05\/20230519_120450-1024x577.jpg\" alt=\"\" width=\"782\" height=\"441\"><\/a> <a href=\"https:\/\/blogsaverroes.juntadeandalucia.es\/colecotodebornos\/files\/2023\/05\/20230519_121625-scaled.jpg\"><img loading=\"lazy\" decoding=\"async\" class=\"aligncenter size-large wp-image-2921\" src=\"https:\/\/blogsaverroes.juntadeandalucia.es\/colecotodebornos\/files\/2023\/05\/20230519_121625-1024x577.jpg\" alt=\"\" width=\"782\" height=\"441\"><\/a> <a href=\"https:\/\/blogsaverroes.juntadeandalucia.es\/colecotodebornos\/files\/2023\/05\/20230519_123216-scaled.jpg\"><img loading=\"lazy\" decoding=\"async\" class=\"aligncenter size-large wp-image-2922\" src=\"https:\/\/blogsaverroes.juntadeandalucia.es\/colecotodebornos\/files\/2023\/05\/20230519_123216-1024x577.jpg\" alt=\"\" width=\"782\" height=\"441\"><\/a><\/p>\n<p><a href=\"https:\/\/blogsaverroes.juntadeandalucia.es\/colecotodebornos\/files\/2023\/05\/IMG-20230529-WA0017.jpg\"><img loading=\"lazy\" decoding=\"async\" class=\"aligncenter size-full wp-image-2948\" src=\"https:\/\/blogsaverroes.juntadeandalucia.es\/colecotodebornos\/files\/2023\/05\/IMG-20230529-WA0017.jpg\" alt=\"\" width=\"1024\" height=\"768\"><\/a> <a href=\"https:\/\/blogsaverroes.juntadeandalucia.es\/colecotodebornos\/files\/2023\/05\/IMG-20230529-WA0018.jpg\"><img loading=\"lazy\" decoding=\"async\" class=\"aligncenter size-large wp-image-2949\" src=\"https:\/\/blogsaverroes.juntadeandalucia.es\/colecotodebornos\/files\/2023\/05\/IMG-20230529-WA0018.jpg\" alt=\"\" width=\"782\" height=\"587\"><\/a><\/p>\n","protected":false},"excerpt":{"rendered":"<p>&#8220;Siembra en los ni\u00f1os ideas buenas, aunque no las entiendan&#8230;Los a\u00f1os se encargar\u00e1n de descifrarlas en suentendimiento y de hacerlas florecer en su coraz\u00f3n&#8221;(Mar\u00eda Montessori) IV Semana cultural CEIP San Isidro Labrador Lunes 15 de mayo INAUGURACI\u00d3N DE LA SEMANACULTURAL CON LA ACTUACI\u00d3N:&#8220;LOS PIRATAS CARAPATAS&#8221;(Salvador P\u00e9rez Salas)TRIFULCA TEATROMARTES 16 de mayo Charla de la profesional [&hellip;]<\/p>\n","protected":false},"author":10756,"featured_media":0,"comment_status":"open","ping_status":"open","sticky":false,"template":"","format":"standard","meta":{"_et_pb_use_builder":"","_et_pb_old_content":"","_et_gb_content_width":"","ngg_post_thumbnail":0,"footnotes":""},"categories":[25],"tags":[],"aioseo_notices":[],"_links":{"self":[{"href":"https:\/\/blogsaverroes.juntadeandalucia.es\/colecoto\/wp-json\/wp\/v2\/posts\/2875"}],"collection":[{"href":"https:\/\/blogsaverroes.juntadeandalucia.es\/colecoto\/wp-json\/wp\/v2\/posts"}],"about":[{"href":"https:\/\/blogsaverroes.juntadeandalucia.es\/colecoto\/wp-json\/wp\/v2\/types\/post"}],"author":[{"embeddable":true,"href":"https:\/\/blogsaverroes.juntadeandalucia.es\/colecoto\/wp-json\/wp\/v2\/users\/10756"}],"replies":[{"embeddable":true,"href":"https:\/\/blogsaverroes.juntadeandalucia.es\/colecoto\/wp-json\/wp\/v2\/comments?post=2875"}],"version-history":[{"count":0,"href":"https:\/\/blogsaverroes.juntadeandalucia.es\/colecoto\/wp-json\/wp\/v2\/posts\/2875\/revisions"}],"wp:attachment":[{"href":"https:\/\/blogsaverroes.juntadeandalucia.es\/colecoto\/wp-json\/wp\/v2\/media?parent=2875"}],"wp:term":[{"taxonomy":"category","embeddable":true,"href":"https:\/\/blogsaverroes.juntadeandalucia.es\/colecoto\/wp-json\/wp\/v2\/categories?post=2875"},{"taxonomy":"post_tag","embeddable":true,"href":"https:\/\/blogsaverroes.juntadeandalucia.es\/colecoto\/wp-json\/wp\/v2\/tags?post=2875"}],"curies":[{"name":"wp","href":"https:\/\/api.w.org\/{rel}","templated":true}]}}