{"id":3784,"date":"2024-06-06T17:21:37","date_gmt":"2024-06-06T16:21:37","guid":{"rendered":"https:\/\/blogsaverroes.juntadeandalucia.es\/colecoto\/?p=3784"},"modified":"2024-06-08T14:05:54","modified_gmt":"2024-06-08T13:05:54","slug":"dia-del-medio-ambiente","status":"publish","type":"post","link":"https:\/\/blogsaverroes.juntadeandalucia.es\/colecoto\/dia-del-medio-ambiente\/","title":{"rendered":"D\u00eda del Medio Ambiente 5 de junio 2024"},"content":{"rendered":"<h2><span style=\"color: #339966;font-family: courier new, courier, monospace;font-size: 18pt\">El d\u00eda 5 de junio d\u00eda internacional del Medio Ambiente hemos tenido unas actividades complementarias sobre un taller del agua realizado por<strong> <em>Agua Sierra de C\u00e1diz<\/em><\/strong> en colaboraci\u00f3n con la asociaci\u00f3n <strong><em>AEOPA<\/em><\/strong> ( Asociaci\u00f3n Espa\u00f1ola de Operadores p\u00fablicos de Abastecimiento y Saneamiento).<\/span><\/h2>\n<h2><span style=\"color: #339966;font-family: courier new, courier, monospace;font-size: 18pt\">Estas actividades no solo son educativas, tambi\u00e9n son una forma de unir a los ni\u00f1@s&nbsp; en un proyecto com\u00fan que beneficia al planeta. Es una manera de ense\u00f1arles que, con peque\u00f1as acciones diarias, pueden hacer una gran diferencia en el mundo que les rodea.<\/span><br \/>\n<img loading=\"lazy\" decoding=\"async\" class=\"aligncenter size-large wp-image-3785\" src=\"https:\/\/blogsaverroes.juntadeandalucia.es\/colecoto\/files\/2024\/06\/IMG-20240605-WA0004-768x1024.jpg\" alt=\"\" width=\"768\" height=\"1024\"> <img loading=\"lazy\" decoding=\"async\" class=\"aligncenter size-large wp-image-3786\" src=\"https:\/\/blogsaverroes.juntadeandalucia.es\/colecoto\/files\/2024\/06\/IMG-20240605-WA0007-1024x768.jpg\" alt=\"\" width=\"1024\" height=\"768\" srcset=\"https:\/\/blogsaverroes.juntadeandalucia.es\/colecoto\/files\/2024\/06\/IMG-20240605-WA0007-980x735.jpg 980w, https:\/\/blogsaverroes.juntadeandalucia.es\/colecoto\/files\/2024\/06\/IMG-20240605-WA0007-480x360.jpg 480w\" sizes=\"(min-width: 0px) and (max-width: 480px) 480px, (min-width: 481px) and (max-width: 980px) 980px, (min-width: 981px) 1024px, 100vw\" \/> <img loading=\"lazy\" decoding=\"async\" class=\"aligncenter size-large wp-image-3787\" src=\"https:\/\/blogsaverroes.juntadeandalucia.es\/colecoto\/files\/2024\/06\/IMG-20240605-WA0012-768x1024.jpg\" alt=\"\" width=\"768\" height=\"1024\"> <img loading=\"lazy\" decoding=\"async\" class=\"aligncenter size-large wp-image-3788\" src=\"https:\/\/blogsaverroes.juntadeandalucia.es\/colecoto\/files\/2024\/06\/IMG-20240605-WA0014-768x1024.jpg\" alt=\"\" width=\"768\" height=\"1024\"> <img loading=\"lazy\" decoding=\"async\" class=\"aligncenter size-large wp-image-3789\" src=\"https:\/\/blogsaverroes.juntadeandalucia.es\/colecoto\/files\/2024\/06\/IMG-20240606-WA0000-1024x473.jpg\" alt=\"\" width=\"1024\" height=\"473\" srcset=\"https:\/\/blogsaverroes.juntadeandalucia.es\/colecoto\/files\/2024\/06\/IMG-20240606-WA0000-980x453.jpg 980w, https:\/\/blogsaverroes.juntadeandalucia.es\/colecoto\/files\/2024\/06\/IMG-20240606-WA0000-480x222.jpg 480w\" sizes=\"(min-width: 0px) and (max-width: 480px) 480px, (min-width: 481px) and (max-width: 980px) 980px, (min-width: 981px) 1024px, 100vw\" \/> <img loading=\"lazy\" decoding=\"async\" class=\"aligncenter size-large wp-image-3790\" src=\"https:\/\/blogsaverroes.juntadeandalucia.es\/colecoto\/files\/2024\/06\/IMG-20240606-WA0004-473x1024.jpg\" alt=\"\" width=\"473\" height=\"1024\"><\/h2>\n","protected":false},"excerpt":{"rendered":"<p>El d\u00eda 5 de junio d\u00eda internacional del Medio Ambiente hemos tenido unas actividades complementarias sobre un taller del agua realizado por Agua Sierra de C\u00e1diz en colaboraci\u00f3n con la asociaci\u00f3n AEOPA ( Asociaci\u00f3n Espa\u00f1ola de Operadores p\u00fablicos de Abastecimiento y Saneamiento). Estas actividades no solo son educativas, tambi\u00e9n son una forma de unir a [&hellip;]<\/p>\n","protected":false},"author":10756,"featured_media":0,"comment_status":"closed","ping_status":"open","sticky":false,"template":"","format":"standard","meta":{"_et_pb_use_builder":"","_et_pb_old_content":"","_et_gb_content_width":"","ngg_post_thumbnail":0,"footnotes":""},"categories":[15],"tags":[],"aioseo_notices":[],"_links":{"self":[{"href":"https:\/\/blogsaverroes.juntadeandalucia.es\/colecoto\/wp-json\/wp\/v2\/posts\/3784"}],"collection":[{"href":"https:\/\/blogsaverroes.juntadeandalucia.es\/colecoto\/wp-json\/wp\/v2\/posts"}],"about":[{"href":"https:\/\/blogsaverroes.juntadeandalucia.es\/colecoto\/wp-json\/wp\/v2\/types\/post"}],"author":[{"embeddable":true,"href":"https:\/\/blogsaverroes.juntadeandalucia.es\/colecoto\/wp-json\/wp\/v2\/users\/10756"}],"replies":[{"embeddable":true,"href":"https:\/\/blogsaverroes.juntadeandalucia.es\/colecoto\/wp-json\/wp\/v2\/comments?post=3784"}],"version-history":[{"count":6,"href":"https:\/\/blogsaverroes.juntadeandalucia.es\/colecoto\/wp-json\/wp\/v2\/posts\/3784\/revisions"}],"predecessor-version":[{"id":3798,"href":"https:\/\/blogsaverroes.juntadeandalucia.es\/colecoto\/wp-json\/wp\/v2\/posts\/3784\/revisions\/3798"}],"wp:attachment":[{"href":"https:\/\/blogsaverroes.juntadeandalucia.es\/colecoto\/wp-json\/wp\/v2\/media?parent=3784"}],"wp:term":[{"taxonomy":"category","embeddable":true,"href":"https:\/\/blogsaverroes.juntadeandalucia.es\/colecoto\/wp-json\/wp\/v2\/categories?post=3784"},{"taxonomy":"post_tag","embeddable":true,"href":"https:\/\/blogsaverroes.juntadeandalucia.es\/colecoto\/wp-json\/wp\/v2\/tags?post=3784"}],"curies":[{"name":"wp","href":"https:\/\/api.w.org\/{rel}","templated":true}]}}