{"id":4121,"date":"2025-03-10T17:50:57","date_gmt":"2025-03-10T16:50:57","guid":{"rendered":"https:\/\/blogsaverroes.juntadeandalucia.es\/colecoto\/?p=4121"},"modified":"2025-03-10T17:51:50","modified_gmt":"2025-03-10T16:51:50","slug":"carnaval","status":"publish","type":"post","link":"https:\/\/blogsaverroes.juntadeandalucia.es\/colecoto\/carnaval\/","title":{"rendered":"Carnaval"},"content":{"rendered":"<p>&nbsp;<\/p>\n<p><em><span style=\"font-size: 24pt;color: #ff0000;font-family: arial black, sans-serif\">Por fin lleg\u00f3 el carnaval, y nuestro alumnado lo ha celebrado por todo lo alto. Han cantado sus letrillas en el cine, y hemos hecho el pasacalles, despu\u00e9s de haber previsto que podr\u00eda llover, pues el tiempo se ha portado estupendamente. <\/span><\/em><\/p>\n<p><em><span style=\"font-size: 24pt;color: #ff0000;font-family: arial black, sans-serif\">Este a\u00f1o nos hemos disfrazado de romeros y romeras, ya que todo nuestro alumnado est\u00e1 inmerso en el Proyecto &#8220;Conociendo nuestro pueblo&#8221;<\/span><\/em><\/p>\n<p><img loading=\"lazy\" decoding=\"async\" class=\"wp-image-4165\" title=\"Por fin lleg\u00f3 el carnaval, y nuestro alumnado lo ha celebrado por todo lo alto. Han cantado sus letrillas en el cine, y hemos hecho el pasacalles, despu\u00e9s de haber previsto que podr\u00eda llover, pues el tiempo se ha portado estupendamente. Este a\u00f1o nos hemos disfrazado de romeros y romeras, ya que todo nuestro alumnado estamos inmersos en el Proyecto &quot;Conociendo nuestro pueblo&quot;\" src=\"https:\/\/blogsaverroes.juntadeandalucia.es\/colecoto\/files\/2025\/03\/WhatsApp-Image-2025-03-10-at-17.31.451-1024x768.jpeg\" alt=\"Por fin lleg\u00f3 el carnaval, y nuestro alumnado lo ha celebrado por todo lo alto. Han cantado sus letrillas en el cine, y hemos hecho el pasacalles, despu\u00e9s de haber previsto que podr\u00eda llover, pues el tiempo se ha portado estupendamente. Este a\u00f1o nos hemos disfrazado de romeros y romeras, ya que todo nuestro alumnado estamos inmersos en el Proyecto &quot;Conociendo nuestro pueblo&quot;\" width=\"967\" height=\"725\"><\/p>\n<p><span style=\"font-size: 18pt;color: #ff0000\"><strong><em>&nbsp;<\/em><\/strong><\/span><\/p>\n<p>&nbsp;<\/p>\n<p><img loading=\"lazy\" decoding=\"async\" class=\"aligncenter size-large wp-image-4146\" src=\"https:\/\/blogsaverroes.juntadeandalucia.es\/colecoto\/files\/2025\/03\/WhatsApp-Image-2025-03-07-at-11.44.381-1-1024x460.jpeg\" alt=\"\" width=\"1024\" height=\"460\" srcset=\"https:\/\/blogsaverroes.juntadeandalucia.es\/colecoto\/files\/2025\/03\/WhatsApp-Image-2025-03-07-at-11.44.381-1-980x440.jpeg 980w, https:\/\/blogsaverroes.juntadeandalucia.es\/colecoto\/files\/2025\/03\/WhatsApp-Image-2025-03-07-at-11.44.381-1-480x216.jpeg 480w\" sizes=\"(min-width: 0px) and (max-width: 480px) 480px, (min-width: 481px) and (max-width: 980px) 980px, (min-width: 981px) 1024px, 100vw\" \/><\/p>\n<p><img loading=\"lazy\" decoding=\"async\" class=\"aligncenter size-large wp-image-4148\" src=\"https:\/\/blogsaverroes.juntadeandalucia.es\/colecoto\/files\/2025\/03\/WhatsApp-Image-2025-03-07-at-11.44.383-1-1024x460.jpeg\" alt=\"\" width=\"1024\" height=\"460\" srcset=\"https:\/\/blogsaverroes.juntadeandalucia.es\/colecoto\/files\/2025\/03\/WhatsApp-Image-2025-03-07-at-11.44.383-1-980x440.jpeg 980w, https:\/\/blogsaverroes.juntadeandalucia.es\/colecoto\/files\/2025\/03\/WhatsApp-Image-2025-03-07-at-11.44.383-1-480x216.jpeg 480w\" sizes=\"(min-width: 0px) and (max-width: 480px) 480px, (min-width: 481px) and (max-width: 980px) 980px, (min-width: 981px) 1024px, 100vw\" \/><\/p>\n<p>&nbsp;<\/p>\n<p>&nbsp;<\/p>\n<p>&nbsp;<\/p>\n<p><img loading=\"lazy\" decoding=\"async\" class=\"aligncenter size-large wp-image-4151\" src=\"https:\/\/blogsaverroes.juntadeandalucia.es\/colecoto\/files\/2025\/03\/WhatsApp-Image-2025-03-07-at-12.02.391-1-1024x768.jpeg\" alt=\"\" width=\"1024\" height=\"768\" srcset=\"https:\/\/blogsaverroes.juntadeandalucia.es\/colecoto\/files\/2025\/03\/WhatsApp-Image-2025-03-07-at-12.02.391-1-980x735.jpeg 980w, https:\/\/blogsaverroes.juntadeandalucia.es\/colecoto\/files\/2025\/03\/WhatsApp-Image-2025-03-07-at-12.02.391-1-480x360.jpeg 480w\" sizes=\"(min-width: 0px) and (max-width: 480px) 480px, (min-width: 481px) and (max-width: 980px) 980px, (min-width: 981px) 1024px, 100vw\" \/><\/p>\n<p>&nbsp;<\/p>\n<p>&nbsp;<\/p>\n<p>&nbsp;<\/p>\n<p>&nbsp;<\/p>\n<p>&nbsp;<\/p>\n<p><img loading=\"lazy\" decoding=\"async\" class=\"aligncenter size-large wp-image-4153\" src=\"https:\/\/blogsaverroes.juntadeandalucia.es\/colecoto\/files\/2025\/03\/WhatsApp-Image-2025-03-07-at-12.02.411-1-1024x768.jpeg\" alt=\"\" width=\"1024\" height=\"768\" srcset=\"https:\/\/blogsaverroes.juntadeandalucia.es\/colecoto\/files\/2025\/03\/WhatsApp-Image-2025-03-07-at-12.02.411-1-980x735.jpeg 980w, https:\/\/blogsaverroes.juntadeandalucia.es\/colecoto\/files\/2025\/03\/WhatsApp-Image-2025-03-07-at-12.02.411-1-480x360.jpeg 480w\" sizes=\"(min-width: 0px) and (max-width: 480px) 480px, (min-width: 481px) and (max-width: 980px) 980px, (min-width: 981px) 1024px, 100vw\" \/> <img loading=\"lazy\" decoding=\"async\" class=\"aligncenter size-large wp-image-4154\" src=\"https:\/\/blogsaverroes.juntadeandalucia.es\/colecoto\/files\/2025\/03\/WhatsApp-Image-2025-03-07-at-12.02.412-1-1024x768.jpeg\" alt=\"\" width=\"1024\" height=\"768\" srcset=\"https:\/\/blogsaverroes.juntadeandalucia.es\/colecoto\/files\/2025\/03\/WhatsApp-Image-2025-03-07-at-12.02.412-1-980x735.jpeg 980w, https:\/\/blogsaverroes.juntadeandalucia.es\/colecoto\/files\/2025\/03\/WhatsApp-Image-2025-03-07-at-12.02.412-1-480x360.jpeg 480w\" sizes=\"(min-width: 0px) and (max-width: 480px) 480px, (min-width: 481px) and (max-width: 980px) 980px, (min-width: 981px) 1024px, 100vw\" \/><\/p>\n<p>&nbsp;<\/p>\n<p><img loading=\"lazy\" decoding=\"async\" class=\"aligncenter size-large wp-image-4156\" src=\"https:\/\/blogsaverroes.juntadeandalucia.es\/colecoto\/files\/2025\/03\/WhatsApp-Image-2025-03-07-at-12.02.414-1-1024x768.jpeg\" alt=\"\" width=\"1024\" height=\"768\" srcset=\"https:\/\/blogsaverroes.juntadeandalucia.es\/colecoto\/files\/2025\/03\/WhatsApp-Image-2025-03-07-at-12.02.414-1-980x735.jpeg 980w, https:\/\/blogsaverroes.juntadeandalucia.es\/colecoto\/files\/2025\/03\/WhatsApp-Image-2025-03-07-at-12.02.414-1-480x360.jpeg 480w\" sizes=\"(min-width: 0px) and (max-width: 480px) 480px, (min-width: 481px) and (max-width: 980px) 980px, (min-width: 981px) 1024px, 100vw\" \/><\/p>\n<p><img loading=\"lazy\" decoding=\"async\" class=\"aligncenter size-large wp-image-4157\" src=\"https:\/\/blogsaverroes.juntadeandalucia.es\/colecoto\/files\/2025\/03\/WhatsApp-Image-2025-03-07-at-12.02.415-1-1024x768.jpeg\" alt=\"\" width=\"1024\" height=\"768\" srcset=\"https:\/\/blogsaverroes.juntadeandalucia.es\/colecoto\/files\/2025\/03\/WhatsApp-Image-2025-03-07-at-12.02.415-1-980x735.jpeg 980w, https:\/\/blogsaverroes.juntadeandalucia.es\/colecoto\/files\/2025\/03\/WhatsApp-Image-2025-03-07-at-12.02.415-1-480x360.jpeg 480w\" sizes=\"(min-width: 0px) and (max-width: 480px) 480px, (min-width: 481px) and (max-width: 980px) 980px, (min-width: 981px) 1024px, 100vw\" \/><\/p>\n<p>&nbsp;<\/p>\n<p><img loading=\"lazy\" decoding=\"async\" class=\"aligncenter size-large wp-image-4159\" src=\"https:\/\/blogsaverroes.juntadeandalucia.es\/colecoto\/files\/2025\/03\/WhatsApp-Image-2025-03-07-at-12.02.417-1-1024x768.jpeg\" alt=\"\" width=\"1024\" height=\"768\" srcset=\"https:\/\/blogsaverroes.juntadeandalucia.es\/colecoto\/files\/2025\/03\/WhatsApp-Image-2025-03-07-at-12.02.417-1-980x735.jpeg 980w, https:\/\/blogsaverroes.juntadeandalucia.es\/colecoto\/files\/2025\/03\/WhatsApp-Image-2025-03-07-at-12.02.417-1-480x360.jpeg 480w\" sizes=\"(min-width: 0px) and (max-width: 480px) 480px, (min-width: 481px) and (max-width: 980px) 980px, (min-width: 981px) 1024px, 100vw\" \/><\/p>\n<p>&nbsp;<\/p>\n<p><img loading=\"lazy\" decoding=\"async\" class=\"aligncenter size-large wp-image-4161\" src=\"https:\/\/blogsaverroes.juntadeandalucia.es\/colecoto\/files\/2025\/03\/WhatsApp-Image-2025-03-10-at-12.32.481-1-1024x768.jpeg\" alt=\"\" width=\"1024\" height=\"768\" srcset=\"https:\/\/blogsaverroes.juntadeandalucia.es\/colecoto\/files\/2025\/03\/WhatsApp-Image-2025-03-10-at-12.32.481-1-980x735.jpeg 980w, https:\/\/blogsaverroes.juntadeandalucia.es\/colecoto\/files\/2025\/03\/WhatsApp-Image-2025-03-10-at-12.32.481-1-480x360.jpeg 480w\" sizes=\"(min-width: 0px) and (max-width: 480px) 480px, (min-width: 481px) and (max-width: 980px) 980px, (min-width: 981px) 1024px, 100vw\" \/> <img loading=\"lazy\" decoding=\"async\" class=\"aligncenter size-large wp-image-4162\" src=\"https:\/\/blogsaverroes.juntadeandalucia.es\/colecoto\/files\/2025\/03\/WhatsApp-Image-2025-03-10-at-12.33.56-1-768x1024.jpeg\" alt=\"\" width=\"768\" height=\"1024\"><\/p>\n","protected":false},"excerpt":{"rendered":"<p>&nbsp; Por fin lleg\u00f3 el carnaval, y nuestro alumnado lo ha celebrado por todo lo alto. Han cantado sus letrillas en el cine, y hemos hecho el pasacalles, despu\u00e9s de haber previsto que podr\u00eda llover, pues el tiempo se ha portado estupendamente. Este a\u00f1o nos hemos disfrazado de romeros y romeras, ya que todo nuestro [&hellip;]<\/p>\n","protected":false},"author":10756,"featured_media":0,"comment_status":"closed","ping_status":"open","sticky":false,"template":"","format":"standard","meta":{"_et_pb_use_builder":"","_et_pb_old_content":"","_et_gb_content_width":"","ngg_post_thumbnail":0,"footnotes":""},"categories":[1],"tags":[],"aioseo_notices":[],"_links":{"self":[{"href":"https:\/\/blogsaverroes.juntadeandalucia.es\/colecoto\/wp-json\/wp\/v2\/posts\/4121"}],"collection":[{"href":"https:\/\/blogsaverroes.juntadeandalucia.es\/colecoto\/wp-json\/wp\/v2\/posts"}],"about":[{"href":"https:\/\/blogsaverroes.juntadeandalucia.es\/colecoto\/wp-json\/wp\/v2\/types\/post"}],"author":[{"embeddable":true,"href":"https:\/\/blogsaverroes.juntadeandalucia.es\/colecoto\/wp-json\/wp\/v2\/users\/10756"}],"replies":[{"embeddable":true,"href":"https:\/\/blogsaverroes.juntadeandalucia.es\/colecoto\/wp-json\/wp\/v2\/comments?post=4121"}],"version-history":[{"count":6,"href":"https:\/\/blogsaverroes.juntadeandalucia.es\/colecoto\/wp-json\/wp\/v2\/posts\/4121\/revisions"}],"predecessor-version":[{"id":4168,"href":"https:\/\/blogsaverroes.juntadeandalucia.es\/colecoto\/wp-json\/wp\/v2\/posts\/4121\/revisions\/4168"}],"wp:attachment":[{"href":"https:\/\/blogsaverroes.juntadeandalucia.es\/colecoto\/wp-json\/wp\/v2\/media?parent=4121"}],"wp:term":[{"taxonomy":"category","embeddable":true,"href":"https:\/\/blogsaverroes.juntadeandalucia.es\/colecoto\/wp-json\/wp\/v2\/categories?post=4121"},{"taxonomy":"post_tag","embeddable":true,"href":"https:\/\/blogsaverroes.juntadeandalucia.es\/colecoto\/wp-json\/wp\/v2\/tags?post=4121"}],"curies":[{"name":"wp","href":"https:\/\/api.w.org\/{rel}","templated":true}]}}