{"id":2384,"date":"2021-01-29T10:15:17","date_gmt":"2021-01-29T10:15:17","guid":{"rendered":"https:\/\/blogsaverroes.juntadeandalucia.es\/coledarro\/?p=2384"},"modified":"2021-01-29T10:15:17","modified_gmt":"2021-01-29T10:15:17","slug":"dia-de-la-paz","status":"publish","type":"post","link":"https:\/\/blogsaverroes.juntadeandalucia.es\/coledarro\/dia-de-la-paz\/","title":{"rendered":"D\u00eda de la Paz"},"content":{"rendered":"<p>Este a\u00f1o cada alumno\/a ha pensado un deseo que promueva la paz, lo han plasmado en cartulina colg\u00e1ndolo en un atrapasue\u00f1os realizado para cada clase. Todos los atrapasue\u00f1os se han colocado en el \u00ab\u00c1rbol por la Paz\u00bb ubicado en el patio trasero del centro.<\/p>\n<p>Ha quedado un \u00e1rbol precioso, esperamos que todos estos deseos se cumplan.<\/p>\n<p><a href=\"https:\/\/blogsaverroes.juntadeandalucia.es\/coledarro\/files\/2021\/01\/Archivo_000-scaled.jpeg\"><img loading=\"lazy\" decoding=\"async\" class=\"alignnone size-medium wp-image-2385\" src=\"https:\/\/blogsaverroes.juntadeandalucia.es\/coledarro\/files\/2021\/01\/Archivo_000-300x225.jpeg\" alt=\"\" width=\"300\" height=\"225\" srcset=\"https:\/\/blogsaverroes.juntadeandalucia.es\/coledarro\/files\/2021\/01\/Archivo_000-300x225.jpeg 300w, https:\/\/blogsaverroes.juntadeandalucia.es\/coledarro\/files\/2021\/01\/Archivo_000-1024x768.jpeg 1024w, https:\/\/blogsaverroes.juntadeandalucia.es\/coledarro\/files\/2021\/01\/Archivo_000-768x576.jpeg 768w, https:\/\/blogsaverroes.juntadeandalucia.es\/coledarro\/files\/2021\/01\/Archivo_000-1536x1152.jpeg 1536w, https:\/\/blogsaverroes.juntadeandalucia.es\/coledarro\/files\/2021\/01\/Archivo_000-2048x1536.jpeg 2048w, https:\/\/blogsaverroes.juntadeandalucia.es\/coledarro\/files\/2021\/01\/Archivo_000-24x18.jpeg 24w, https:\/\/blogsaverroes.juntadeandalucia.es\/coledarro\/files\/2021\/01\/Archivo_000-36x27.jpeg 36w, https:\/\/blogsaverroes.juntadeandalucia.es\/coledarro\/files\/2021\/01\/Archivo_000-48x36.jpeg 48w, https:\/\/blogsaverroes.juntadeandalucia.es\/coledarro\/files\/2021\/01\/Archivo_000-scaled.jpeg 1600w\" sizes=\"(max-width: 300px) 100vw, 300px\" \/><\/a> <a href=\"https:\/\/blogsaverroes.juntadeandalucia.es\/coledarro\/files\/2021\/01\/Archivo_001-scaled.jpeg\"><img loading=\"lazy\" decoding=\"async\" class=\"alignnone size-medium wp-image-2386\" src=\"https:\/\/blogsaverroes.juntadeandalucia.es\/coledarro\/files\/2021\/01\/Archivo_001-300x225.jpeg\" alt=\"\" width=\"300\" height=\"225\" srcset=\"https:\/\/blogsaverroes.juntadeandalucia.es\/coledarro\/files\/2021\/01\/Archivo_001-300x225.jpeg 300w, https:\/\/blogsaverroes.juntadeandalucia.es\/coledarro\/files\/2021\/01\/Archivo_001-1024x768.jpeg 1024w, https:\/\/blogsaverroes.juntadeandalucia.es\/coledarro\/files\/2021\/01\/Archivo_001-768x576.jpeg 768w, https:\/\/blogsaverroes.juntadeandalucia.es\/coledarro\/files\/2021\/01\/Archivo_001-1536x1152.jpeg 1536w, https:\/\/blogsaverroes.juntadeandalucia.es\/coledarro\/files\/2021\/01\/Archivo_001-2048x1536.jpeg 2048w, https:\/\/blogsaverroes.juntadeandalucia.es\/coledarro\/files\/2021\/01\/Archivo_001-24x18.jpeg 24w, https:\/\/blogsaverroes.juntadeandalucia.es\/coledarro\/files\/2021\/01\/Archivo_001-36x27.jpeg 36w, https:\/\/blogsaverroes.juntadeandalucia.es\/coledarro\/files\/2021\/01\/Archivo_001-48x36.jpeg 48w, https:\/\/blogsaverroes.juntadeandalucia.es\/coledarro\/files\/2021\/01\/Archivo_001-scaled.jpeg 1600w\" sizes=\"(max-width: 300px) 100vw, 300px\" \/><\/a> <a href=\"https:\/\/blogsaverroes.juntadeandalucia.es\/coledarro\/files\/2021\/01\/Foto-de-debora-caparr\u00f3s1.jpg\"><img loading=\"lazy\" decoding=\"async\" class=\"alignnone size-medium wp-image-2387\" src=\"https:\/\/blogsaverroes.juntadeandalucia.es\/coledarro\/files\/2021\/01\/Foto-de-debora-caparr\u00f3s1-225x300.jpg\" alt=\"\" width=\"225\" height=\"300\" srcset=\"https:\/\/blogsaverroes.juntadeandalucia.es\/coledarro\/files\/2021\/01\/Foto-de-debora-caparr\u00f3s1-225x300.jpg 225w, https:\/\/blogsaverroes.juntadeandalucia.es\/coledarro\/files\/2021\/01\/Foto-de-debora-caparr\u00f3s1-18x24.jpg 18w, https:\/\/blogsaverroes.juntadeandalucia.es\/coledarro\/files\/2021\/01\/Foto-de-debora-caparr\u00f3s1-27x36.jpg 27w, https:\/\/blogsaverroes.juntadeandalucia.es\/coledarro\/files\/2021\/01\/Foto-de-debora-caparr\u00f3s1-36x48.jpg 36w, https:\/\/blogsaverroes.juntadeandalucia.es\/coledarro\/files\/2021\/01\/Foto-de-debora-caparr\u00f3s1.jpg 768w\" sizes=\"(max-width: 225px) 100vw, 225px\" \/><\/a> <a href=\"https:\/\/blogsaverroes.juntadeandalucia.es\/coledarro\/files\/2021\/01\/Foto-de-debora-caparr\u00f3s2.jpg\"><img loading=\"lazy\" decoding=\"async\" class=\"alignnone size-medium wp-image-2388\" src=\"https:\/\/blogsaverroes.juntadeandalucia.es\/coledarro\/files\/2021\/01\/Foto-de-debora-caparr\u00f3s2-300x225.jpg\" alt=\"\" width=\"300\" height=\"225\" srcset=\"https:\/\/blogsaverroes.juntadeandalucia.es\/coledarro\/files\/2021\/01\/Foto-de-debora-caparr\u00f3s2-300x225.jpg 300w, https:\/\/blogsaverroes.juntadeandalucia.es\/coledarro\/files\/2021\/01\/Foto-de-debora-caparr\u00f3s2-1024x768.jpg 1024w, https:\/\/blogsaverroes.juntadeandalucia.es\/coledarro\/files\/2021\/01\/Foto-de-debora-caparr\u00f3s2-768x576.jpg 768w, https:\/\/blogsaverroes.juntadeandalucia.es\/coledarro\/files\/2021\/01\/Foto-de-debora-caparr\u00f3s2-1536x1152.jpg 1536w, https:\/\/blogsaverroes.juntadeandalucia.es\/coledarro\/files\/2021\/01\/Foto-de-debora-caparr\u00f3s2-24x18.jpg 24w, https:\/\/blogsaverroes.juntadeandalucia.es\/coledarro\/files\/2021\/01\/Foto-de-debora-caparr\u00f3s2-36x27.jpg 36w, https:\/\/blogsaverroes.juntadeandalucia.es\/coledarro\/files\/2021\/01\/Foto-de-debora-caparr\u00f3s2-48x36.jpg 48w, https:\/\/blogsaverroes.juntadeandalucia.es\/coledarro\/files\/2021\/01\/Foto-de-debora-caparr\u00f3s2.jpg 1600w\" sizes=\"(max-width: 300px) 100vw, 300px\" \/><\/a> <a href=\"https:\/\/blogsaverroes.juntadeandalucia.es\/coledarro\/files\/2021\/01\/Foto-de-debora-caparr\u00f3s.jpg\"><img loading=\"lazy\" decoding=\"async\" class=\"alignnone size-medium wp-image-2389\" src=\"https:\/\/blogsaverroes.juntadeandalucia.es\/coledarro\/files\/2021\/01\/Foto-de-debora-caparr\u00f3s-142x300.jpg\" alt=\"\" width=\"142\" height=\"300\" srcset=\"https:\/\/blogsaverroes.juntadeandalucia.es\/coledarro\/files\/2021\/01\/Foto-de-debora-caparr\u00f3s-142x300.jpg 142w, https:\/\/blogsaverroes.juntadeandalucia.es\/coledarro\/files\/2021\/01\/Foto-de-debora-caparr\u00f3s-485x1024.jpg 485w, https:\/\/blogsaverroes.juntadeandalucia.es\/coledarro\/files\/2021\/01\/Foto-de-debora-caparr\u00f3s-728x1536.jpg 728w, https:\/\/blogsaverroes.juntadeandalucia.es\/coledarro\/files\/2021\/01\/Foto-de-debora-caparr\u00f3s-11x24.jpg 11w, https:\/\/blogsaverroes.juntadeandalucia.es\/coledarro\/files\/2021\/01\/Foto-de-debora-caparr\u00f3s-17x36.jpg 17w, https:\/\/blogsaverroes.juntadeandalucia.es\/coledarro\/files\/2021\/01\/Foto-de-debora-caparr\u00f3s-23x48.jpg 23w, https:\/\/blogsaverroes.juntadeandalucia.es\/coledarro\/files\/2021\/01\/Foto-de-debora-caparr\u00f3s.jpg 758w\" sizes=\"(max-width: 142px) 100vw, 142px\" \/><\/a><\/p>\n","protected":false},"excerpt":{"rendered":"<p>Este a\u00f1o cada alumno\/a ha pensado un deseo que promueva la paz, lo han plasmado en cartulina colg\u00e1ndolo en un atrapasue\u00f1os realizado para cada clase. Todos los atrapasue\u00f1os se han colocado en el \u00ab\u00c1rbol&#46;&#46;&#46;<\/p>\n","protected":false},"author":3032,"featured_media":2385,"comment_status":"open","ping_status":"open","sticky":false,"template":"","format":"standard","meta":{"ngg_post_thumbnail":0,"footnotes":""},"categories":[11909],"tags":[],"aioseo_notices":[],"_links":{"self":[{"href":"https:\/\/blogsaverroes.juntadeandalucia.es\/coledarro\/wp-json\/wp\/v2\/posts\/2384"}],"collection":[{"href":"https:\/\/blogsaverroes.juntadeandalucia.es\/coledarro\/wp-json\/wp\/v2\/posts"}],"about":[{"href":"https:\/\/blogsaverroes.juntadeandalucia.es\/coledarro\/wp-json\/wp\/v2\/types\/post"}],"author":[{"embeddable":true,"href":"https:\/\/blogsaverroes.juntadeandalucia.es\/coledarro\/wp-json\/wp\/v2\/users\/3032"}],"replies":[{"embeddable":true,"href":"https:\/\/blogsaverroes.juntadeandalucia.es\/coledarro\/wp-json\/wp\/v2\/comments?post=2384"}],"version-history":[{"count":1,"href":"https:\/\/blogsaverroes.juntadeandalucia.es\/coledarro\/wp-json\/wp\/v2\/posts\/2384\/revisions"}],"predecessor-version":[{"id":2390,"href":"https:\/\/blogsaverroes.juntadeandalucia.es\/coledarro\/wp-json\/wp\/v2\/posts\/2384\/revisions\/2390"}],"wp:featuredmedia":[{"embeddable":true,"href":"https:\/\/blogsaverroes.juntadeandalucia.es\/coledarro\/wp-json\/wp\/v2\/media\/2385"}],"wp:attachment":[{"href":"https:\/\/blogsaverroes.juntadeandalucia.es\/coledarro\/wp-json\/wp\/v2\/media?parent=2384"}],"wp:term":[{"taxonomy":"category","embeddable":true,"href":"https:\/\/blogsaverroes.juntadeandalucia.es\/coledarro\/wp-json\/wp\/v2\/categories?post=2384"},{"taxonomy":"post_tag","embeddable":true,"href":"https:\/\/blogsaverroes.juntadeandalucia.es\/coledarro\/wp-json\/wp\/v2\/tags?post=2384"}],"curies":[{"name":"wp","href":"https:\/\/api.w.org\/{rel}","templated":true}]}}