{"id":2136,"date":"2024-03-06T13:50:54","date_gmt":"2024-03-06T12:50:54","guid":{"rendered":"https:\/\/blogsaverroes.juntadeandalucia.es\/coledelobres\/?p=2136"},"modified":"2024-03-06T13:50:54","modified_gmt":"2024-03-06T12:50:54","slug":"rincon-verde-en-nuestra-biblioteca","status":"publish","type":"post","link":"https:\/\/blogsaverroes.juntadeandalucia.es\/coledelobres\/rincon-verde-en-nuestra-biblioteca\/","title":{"rendered":"Rinc\u00f3n verde en nuestra biblioteca"},"content":{"rendered":"<p>La pr\u00f3xima semana el alumnado de 3\u00ba a 6\u00ba de nuestro centro participar\u00e1 en una actividad de plantaci\u00f3n de \u00e1rboles en el entorno cercano de Lobres. Acompa\u00f1ados por personal del Ayuntamiento de Salobre\u00f1a que, previamente ha adecentado y preparado una parcela para tal fin, vall\u00e1ndola y poniendo puntos de riego para que haya una continuidad y no se seque lo plantado. Los \u00e1rboles ser\u00e1n donados por VIVEROS NOVO, que adem\u00e1s colaborar\u00e1 con la plantaci\u00f3n.<br \/>\nPara ello, con el fin de realizar un trabajo previo desde el centro, Loli, la coordinadora de la biblioteca y el plan de lectura, ha creado este rinc\u00f3n verde en la biblioteca del centro que iremos visitando por grupos en nuestra hora asignada.&nbsp;<\/p>\n<p>Esta actividad que realizamos en colaboraci\u00f3n con la asociaci\u00f3n La mar de libros de Motril, se conecta con la Agenda 2030 y sus objetivos de desarrollo sostenible, concretamente el relacionado con el cuidado de nuestro planeta.<\/p>\n<p><img loading=\"lazy\" decoding=\"async\" class=\"alignnone  wp-image-2137\" src=\"https:\/\/blogsaverroes.juntadeandalucia.es\/coledelobres\/files\/2024\/03\/WhatsApp-Image-2024-03-06-at-13.30.03-300x135.jpeg\" alt=\"\" width=\"442\" height=\"199\"><\/p>\n","protected":false},"excerpt":{"rendered":"<p>La pr\u00f3xima semana el alumnado de 3\u00ba a 6\u00ba de nuestro centro participar\u00e1 en una actividad de plantaci\u00f3n de \u00e1rboles en el entorno cercano de Lobres. Acompa\u00f1ados por personal del Ayuntamiento de Salobre\u00f1a que, previamente ha adecentado y preparado una parcela para tal fin, vall\u00e1ndola y poniendo puntos de riego para que haya una continuidad [&hellip;]<\/p>\n","protected":false},"author":12893,"featured_media":0,"comment_status":"closed","ping_status":"open","sticky":false,"template":"","format":"standard","meta":{"_et_pb_use_builder":"","_et_pb_old_content":"","_et_gb_content_width":"","ngg_post_thumbnail":0,"footnotes":""},"categories":[3],"tags":[],"aioseo_notices":[],"_links":{"self":[{"href":"https:\/\/blogsaverroes.juntadeandalucia.es\/coledelobres\/wp-json\/wp\/v2\/posts\/2136"}],"collection":[{"href":"https:\/\/blogsaverroes.juntadeandalucia.es\/coledelobres\/wp-json\/wp\/v2\/posts"}],"about":[{"href":"https:\/\/blogsaverroes.juntadeandalucia.es\/coledelobres\/wp-json\/wp\/v2\/types\/post"}],"author":[{"embeddable":true,"href":"https:\/\/blogsaverroes.juntadeandalucia.es\/coledelobres\/wp-json\/wp\/v2\/users\/12893"}],"replies":[{"embeddable":true,"href":"https:\/\/blogsaverroes.juntadeandalucia.es\/coledelobres\/wp-json\/wp\/v2\/comments?post=2136"}],"version-history":[{"count":1,"href":"https:\/\/blogsaverroes.juntadeandalucia.es\/coledelobres\/wp-json\/wp\/v2\/posts\/2136\/revisions"}],"predecessor-version":[{"id":2138,"href":"https:\/\/blogsaverroes.juntadeandalucia.es\/coledelobres\/wp-json\/wp\/v2\/posts\/2136\/revisions\/2138"}],"wp:attachment":[{"href":"https:\/\/blogsaverroes.juntadeandalucia.es\/coledelobres\/wp-json\/wp\/v2\/media?parent=2136"}],"wp:term":[{"taxonomy":"category","embeddable":true,"href":"https:\/\/blogsaverroes.juntadeandalucia.es\/coledelobres\/wp-json\/wp\/v2\/categories?post=2136"},{"taxonomy":"post_tag","embeddable":true,"href":"https:\/\/blogsaverroes.juntadeandalucia.es\/coledelobres\/wp-json\/wp\/v2\/tags?post=2136"}],"curies":[{"name":"wp","href":"https:\/\/api.w.org\/{rel}","templated":true}]}}