{"id":3133,"date":"2023-03-02T19:07:57","date_gmt":"2023-03-02T19:07:57","guid":{"rendered":"https:\/\/blogsaverroes.juntadeandalucia.es\/coledeviznar\/?p=3133"},"modified":"2023-03-02T19:18:11","modified_gmt":"2023-03-02T19:18:11","slug":"escolarizacion-2023-2024","status":"publish","type":"post","link":"https:\/\/blogsaverroes.juntadeandalucia.es\/coledeviznar\/escolarizacion-2023-2024\/","title":{"rendered":"NOVEDADES: ESCOLARIZACI\u00d3N 2023\/2024"},"content":{"rendered":"<p style=\"text-align: justify\">Se convoca el procedimiento de admisi\u00f3n del alumnado en los centros docentes p\u00fablicos para cursar las ense\u00f1anzas de Educaci\u00f3n Infantil y Educaci\u00f3n Primaria para el curso escolar 2023\/24.<a href=\"https:\/\/blogsaverroes.juntadeandalucia.es\/coledeviznar\/files\/2022\/06\/escolarizaci\u00f3n.png\"><img loading=\"lazy\" decoding=\"async\" class=\"size-medium wp-image-2938 aligncenter\" src=\"https:\/\/blogsaverroes.juntadeandalucia.es\/coledeviznar\/files\/2022\/06\/escolarizaci\u00f3n-300x90.png\" alt=\"\" width=\"300\" height=\"90\" srcset=\"https:\/\/blogsaverroes.juntadeandalucia.es\/coledeviznar\/files\/2022\/06\/escolarizaci\u00f3n-300x90.png 300w, https:\/\/blogsaverroes.juntadeandalucia.es\/coledeviznar\/files\/2022\/06\/escolarizaci\u00f3n.png 395w\" sizes=\"(max-width: 300px) 100vw, 300px\" \/><\/a><\/p>\n<p style=\"text-align: justify\">Pinchando en el siguiente enlace, tendr\u00e1n acceso a los impresos que hay que rellenar para hacer la petici\u00f3n de plaza en nuestro centro.<\/p>\n<p><a href=\"https:\/\/www.juntadeandalucia.es\/educacion\/portales\/es\/web\/escolarizacion\/infantil-a-bachillerato\">https:\/\/www.juntadeandalucia.es\/educacion\/portales\/es\/web\/escolarizacion\/infantil-a-bachillerato&nbsp;<\/a><\/p>\n<p>&nbsp;<\/p>\n","protected":false},"excerpt":{"rendered":"<p>Se convoca el procedimiento de admisi\u00f3n del alumnado en los centros docentes p\u00fablicos para cursar las ense\u00f1anzas de Educaci\u00f3n Infantil y Educaci\u00f3n Primaria para el curso escolar 2023\/24. Pinchando en el siguiente enlace, tendr\u00e1n&#46;&#46;&#46;<\/p>\n","protected":false},"author":11474,"featured_media":0,"comment_status":"open","ping_status":"open","sticky":false,"template":"","format":"standard","meta":{"ngg_post_thumbnail":0,"footnotes":""},"categories":[11909],"tags":[],"aioseo_notices":[],"_links":{"self":[{"href":"https:\/\/blogsaverroes.juntadeandalucia.es\/coledeviznar\/wp-json\/wp\/v2\/posts\/3133"}],"collection":[{"href":"https:\/\/blogsaverroes.juntadeandalucia.es\/coledeviznar\/wp-json\/wp\/v2\/posts"}],"about":[{"href":"https:\/\/blogsaverroes.juntadeandalucia.es\/coledeviznar\/wp-json\/wp\/v2\/types\/post"}],"author":[{"embeddable":true,"href":"https:\/\/blogsaverroes.juntadeandalucia.es\/coledeviznar\/wp-json\/wp\/v2\/users\/11474"}],"replies":[{"embeddable":true,"href":"https:\/\/blogsaverroes.juntadeandalucia.es\/coledeviznar\/wp-json\/wp\/v2\/comments?post=3133"}],"version-history":[{"count":4,"href":"https:\/\/blogsaverroes.juntadeandalucia.es\/coledeviznar\/wp-json\/wp\/v2\/posts\/3133\/revisions"}],"predecessor-version":[{"id":3137,"href":"https:\/\/blogsaverroes.juntadeandalucia.es\/coledeviznar\/wp-json\/wp\/v2\/posts\/3133\/revisions\/3137"}],"wp:attachment":[{"href":"https:\/\/blogsaverroes.juntadeandalucia.es\/coledeviznar\/wp-json\/wp\/v2\/media?parent=3133"}],"wp:term":[{"taxonomy":"category","embeddable":true,"href":"https:\/\/blogsaverroes.juntadeandalucia.es\/coledeviznar\/wp-json\/wp\/v2\/categories?post=3133"},{"taxonomy":"post_tag","embeddable":true,"href":"https:\/\/blogsaverroes.juntadeandalucia.es\/coledeviznar\/wp-json\/wp\/v2\/tags?post=3133"}],"curies":[{"name":"wp","href":"https:\/\/api.w.org\/{rel}","templated":true}]}}