{"id":1876,"date":"2023-10-30T20:22:53","date_gmt":"2023-10-30T19:22:53","guid":{"rendered":"https:\/\/blogsaverroes.juntadeandalucia.es\/colegioalbondon\/?p=1876"},"modified":"2024-06-24T09:12:25","modified_gmt":"2024-06-24T08:12:25","slug":"fiesta-otono","status":"publish","type":"post","link":"https:\/\/blogsaverroes.juntadeandalucia.es\/colegioalbondon\/fiesta-otono\/","title":{"rendered":"Fiesta OTO\u00d1O"},"content":{"rendered":"<p><span style=\"font-size: 12pt\">El pasado viernes 20 de octubre, celebramos nuestra caracter\u00edstica y especial fiesta de <strong><span style=\"color: #993300\">O<\/span><span style=\"color: #ff6600\">T<\/span><span style=\"color: #993300\">O<\/span><span style=\"color: #ff6600\">\u00d1<\/span><span style=\"color: #993300\">O.<\/span><\/strong><\/span><\/p>\n<p><span style=\"font-size: 12pt\">Con la colaboraci\u00f3n del AMPA San Luis, realizamos un taller por clases sobre una manualidad de oto\u00f1o, con pi\u00f1as que recogieron con anterioridad.<\/span><\/p>\n<p><span style=\"font-size: 12pt\">Posteriormente, todo el alumnado del centro, confeccion\u00f3 un mural de oto\u00f1o, al que le fueron pegando hojas que ellos\/as tambi\u00e9n hab\u00edan recolectado.&nbsp;<\/span><\/p>\n<p><span style=\"font-size: 12pt\">Por \u00faltimo, todos disfrutamos de un desayuno \/ convivencia con alimentos t\u00edpicos de oto\u00f1o que fueron aportados por las familias del alumnado.<\/span><\/p>\n<p><span style=\"font-size: 12pt\">GRACIAS A TODAS LAS FAMILIAS DEL COLE Y AL AMPA SAN LUIS POR SU COLABORACI\u00d3N Y POR ACOMPA\u00d1ARNOS EN ESTE D\u00cdA.<\/span><\/p>\nngg_shortcode_0_placeholder\n","protected":false},"excerpt":{"rendered":"<p>El pasado viernes 20 de octubre, celebramos nuestra caracter\u00edstica y especial fiesta de OTO\u00d1O. Con la colaboraci\u00f3n del AMPA San Luis, realizamos un taller por clases sobre una manualidad de oto\u00f1o, con pi\u00f1as que recogieron con anterioridad. Posteriormente, todo el alumnado del centro, confeccion\u00f3 un mural de oto\u00f1o, al que le fueron pegando hojas que [&hellip;]<\/p>\n","protected":false},"author":1951,"featured_media":0,"comment_status":"closed","ping_status":"open","sticky":false,"template":"","format":"standard","meta":{"_et_pb_use_builder":"","_et_pb_old_content":"","_et_gb_content_width":"","ngg_post_thumbnail":0,"footnotes":""},"categories":[6],"tags":[],"aioseo_notices":[],"_links":{"self":[{"href":"https:\/\/blogsaverroes.juntadeandalucia.es\/colegioalbondon\/wp-json\/wp\/v2\/posts\/1876"}],"collection":[{"href":"https:\/\/blogsaverroes.juntadeandalucia.es\/colegioalbondon\/wp-json\/wp\/v2\/posts"}],"about":[{"href":"https:\/\/blogsaverroes.juntadeandalucia.es\/colegioalbondon\/wp-json\/wp\/v2\/types\/post"}],"author":[{"embeddable":true,"href":"https:\/\/blogsaverroes.juntadeandalucia.es\/colegioalbondon\/wp-json\/wp\/v2\/users\/1951"}],"replies":[{"embeddable":true,"href":"https:\/\/blogsaverroes.juntadeandalucia.es\/colegioalbondon\/wp-json\/wp\/v2\/comments?post=1876"}],"version-history":[{"count":2,"href":"https:\/\/blogsaverroes.juntadeandalucia.es\/colegioalbondon\/wp-json\/wp\/v2\/posts\/1876\/revisions"}],"predecessor-version":[{"id":1928,"href":"https:\/\/blogsaverroes.juntadeandalucia.es\/colegioalbondon\/wp-json\/wp\/v2\/posts\/1876\/revisions\/1928"}],"wp:attachment":[{"href":"https:\/\/blogsaverroes.juntadeandalucia.es\/colegioalbondon\/wp-json\/wp\/v2\/media?parent=1876"}],"wp:term":[{"taxonomy":"category","embeddable":true,"href":"https:\/\/blogsaverroes.juntadeandalucia.es\/colegioalbondon\/wp-json\/wp\/v2\/categories?post=1876"},{"taxonomy":"post_tag","embeddable":true,"href":"https:\/\/blogsaverroes.juntadeandalucia.es\/colegioalbondon\/wp-json\/wp\/v2\/tags?post=1876"}],"curies":[{"name":"wp","href":"https:\/\/api.w.org\/{rel}","templated":true}]}}