{"id":2197,"date":"2023-12-04T12:25:50","date_gmt":"2023-12-04T11:25:50","guid":{"rendered":"https:\/\/blogsaverroes.juntadeandalucia.es\/colegioalbondon\/?p=2197"},"modified":"2024-06-24T09:13:40","modified_gmt":"2024-06-24T08:13:40","slug":"feliz-cumpleanos-constitucion","status":"publish","type":"post","link":"https:\/\/blogsaverroes.juntadeandalucia.es\/colegioalbondon\/feliz-cumpleanos-constitucion\/","title":{"rendered":"FELIZ CUMPLEA\u00d1OS CONSTITUCI\u00d3N"},"content":{"rendered":"<p><span style=\"font-size: 12pt\">El d\u00eda 1 de diciembre, celebramos un a\u00f1o m\u00e1s, el D\u00eda de la Constituci\u00f3n.<\/span><\/p>\n<p><span style=\"font-size: 12pt\">Adem\u00e1s de diversas actividades que se realizaron en las aulas, a nivel de centro tuvimos el honor de contar con la teniente alcalde Montse, como representante del Excmo. Ayuntamiento de Albond\u00f3n, para izar la bandera de Espa\u00f1a y escuchar el himno. <\/span><\/p>\n<p><span style=\"font-size: 12pt\">Gracias Montse por acompa\u00f1arnos y al profesorado y alumnado por el trabajo realizado.<\/span><\/p>\nngg_shortcode_0_placeholder\n","protected":false},"excerpt":{"rendered":"<p>El d\u00eda 1 de diciembre, celebramos un a\u00f1o m\u00e1s, el D\u00eda de la Constituci\u00f3n. Adem\u00e1s de diversas actividades que se realizaron en las aulas, a nivel de centro tuvimos el honor de contar con la teniente alcalde Montse, como representante del Excmo. Ayuntamiento de Albond\u00f3n, para izar la bandera de Espa\u00f1a y escuchar el himno. [&hellip;]<\/p>\n","protected":false},"author":1951,"featured_media":0,"comment_status":"closed","ping_status":"open","sticky":false,"template":"","format":"standard","meta":{"_et_pb_use_builder":"","_et_pb_old_content":"","_et_gb_content_width":"","ngg_post_thumbnail":0,"footnotes":""},"categories":[6],"tags":[],"aioseo_notices":[],"_links":{"self":[{"href":"https:\/\/blogsaverroes.juntadeandalucia.es\/colegioalbondon\/wp-json\/wp\/v2\/posts\/2197"}],"collection":[{"href":"https:\/\/blogsaverroes.juntadeandalucia.es\/colegioalbondon\/wp-json\/wp\/v2\/posts"}],"about":[{"href":"https:\/\/blogsaverroes.juntadeandalucia.es\/colegioalbondon\/wp-json\/wp\/v2\/types\/post"}],"author":[{"embeddable":true,"href":"https:\/\/blogsaverroes.juntadeandalucia.es\/colegioalbondon\/wp-json\/wp\/v2\/users\/1951"}],"replies":[{"embeddable":true,"href":"https:\/\/blogsaverroes.juntadeandalucia.es\/colegioalbondon\/wp-json\/wp\/v2\/comments?post=2197"}],"version-history":[{"count":3,"href":"https:\/\/blogsaverroes.juntadeandalucia.es\/colegioalbondon\/wp-json\/wp\/v2\/posts\/2197\/revisions"}],"predecessor-version":[{"id":2211,"href":"https:\/\/blogsaverroes.juntadeandalucia.es\/colegioalbondon\/wp-json\/wp\/v2\/posts\/2197\/revisions\/2211"}],"wp:attachment":[{"href":"https:\/\/blogsaverroes.juntadeandalucia.es\/colegioalbondon\/wp-json\/wp\/v2\/media?parent=2197"}],"wp:term":[{"taxonomy":"category","embeddable":true,"href":"https:\/\/blogsaverroes.juntadeandalucia.es\/colegioalbondon\/wp-json\/wp\/v2\/categories?post=2197"},{"taxonomy":"post_tag","embeddable":true,"href":"https:\/\/blogsaverroes.juntadeandalucia.es\/colegioalbondon\/wp-json\/wp\/v2\/tags?post=2197"}],"curies":[{"name":"wp","href":"https:\/\/api.w.org\/{rel}","templated":true}]}}