{"id":2666,"date":"2013-02-03T18:58:00","date_gmt":"2013-02-03T18:58:00","guid":{"rendered":"https:\/\/blogsaverroes.juntadeandalucia.es\/colegioandalucia-lalinea\/2013\/02\/03\/concurso-de-dibujo-para-la-portada-del-folleto-del-la-semana-cultural\/"},"modified":"2013-02-03T18:58:00","modified_gmt":"2013-02-03T18:58:00","slug":"concurso-de-dibujo-para-la-portada-del-folleto-del-la-semana-cultural","status":"publish","type":"post","link":"https:\/\/blogsaverroes.juntadeandalucia.es\/colegioandalucia-lalinea\/2013\/02\/03\/concurso-de-dibujo-para-la-portada-del-folleto-del-la-semana-cultural\/","title":{"rendered":"Concurso de dibujo para la portada del folleto del  la Semana Cultural"},"content":{"rendered":"<p>Hasta el d\u00eda 9 de febrero podr\u00e1n entregar a los tutores\/as el dibujo para la portada del folleto de la Semana Cultural Andaluza 2013.<br \/>Se podr\u00e1 hacer hasta un tama\u00f1o cartulina y &nbsp;deber\u00e1 &nbsp;tratar sobre &nbsp;distintos aspectos de Andaluc\u00eda: folclore, paisajes, trajes t\u00edpicos&#8230;<\/p>\n<div style=\"clear: both;text-align: center\"><a href=\"http:\/\/3.bp.blogspot.com\/-TuSGBCXYQ48\/UQ6zLzPbmVI\/AAAAAAAAAOY\/ZGJJiIdswmE\/s1600\/andaluciamapabueno.jpg\" style=\"margin-left: 1em;margin-right: 1em\"><img fetchpriority=\"high\" decoding=\"async\" border=\"0\" height=\"217\" src=\"http:\/\/3.bp.blogspot.com\/-TuSGBCXYQ48\/UQ6zLzPbmVI\/AAAAAAAAAOY\/ZGJJiIdswmE\/s320\/andaluciamapabueno.jpg\" width=\"320\" \/><\/a><\/div>\n<p><\/p>\n","protected":false},"excerpt":{"rendered":"<p>Hasta el d\u00eda 9 de febrero podr\u00e1n entregar a los tutores\/as el dibujo para la portada del folleto de la Semana Cultural Andaluza 2013.Se podr\u00e1&hellip;<\/p>\n","protected":false},"author":7917,"featured_media":0,"comment_status":"open","ping_status":"open","sticky":false,"template":"","format":"standard","meta":{"ngg_post_thumbnail":0,"footnotes":""},"categories":[11909],"tags":[],"aioseo_notices":[],"_links":{"self":[{"href":"https:\/\/blogsaverroes.juntadeandalucia.es\/colegioandalucia-lalinea\/wp-json\/wp\/v2\/posts\/2666"}],"collection":[{"href":"https:\/\/blogsaverroes.juntadeandalucia.es\/colegioandalucia-lalinea\/wp-json\/wp\/v2\/posts"}],"about":[{"href":"https:\/\/blogsaverroes.juntadeandalucia.es\/colegioandalucia-lalinea\/wp-json\/wp\/v2\/types\/post"}],"author":[{"embeddable":true,"href":"https:\/\/blogsaverroes.juntadeandalucia.es\/colegioandalucia-lalinea\/wp-json\/wp\/v2\/users\/7917"}],"replies":[{"embeddable":true,"href":"https:\/\/blogsaverroes.juntadeandalucia.es\/colegioandalucia-lalinea\/wp-json\/wp\/v2\/comments?post=2666"}],"version-history":[{"count":0,"href":"https:\/\/blogsaverroes.juntadeandalucia.es\/colegioandalucia-lalinea\/wp-json\/wp\/v2\/posts\/2666\/revisions"}],"wp:attachment":[{"href":"https:\/\/blogsaverroes.juntadeandalucia.es\/colegioandalucia-lalinea\/wp-json\/wp\/v2\/media?parent=2666"}],"wp:term":[{"taxonomy":"category","embeddable":true,"href":"https:\/\/blogsaverroes.juntadeandalucia.es\/colegioandalucia-lalinea\/wp-json\/wp\/v2\/categories?post=2666"},{"taxonomy":"post_tag","embeddable":true,"href":"https:\/\/blogsaverroes.juntadeandalucia.es\/colegioandalucia-lalinea\/wp-json\/wp\/v2\/tags?post=2666"}],"curies":[{"name":"wp","href":"https:\/\/api.w.org\/{rel}","templated":true}]}}