{"id":1079,"date":"2019-06-27T14:19:05","date_gmt":"2019-06-27T12:19:05","guid":{"rendered":"http:\/\/blogsaverroes.juntadeandalucia.es\/colegioandalucia\/?p=1079"},"modified":"2026-02-04T12:00:06","modified_gmt":"2026-02-04T11:00:06","slug":"el-ceip-andalucia-premio-escuela-emprendedora-2018-de-la-fpdgi-ha-sido-recibido-hoy-en-audiencia-por-la-reina","status":"publish","type":"post","link":"https:\/\/blogsaverroes.juntadeandalucia.es\/colegioandalucia\/2019\/06\/27\/el-ceip-andalucia-premio-escuela-emprendedora-2018-de-la-fpdgi-ha-sido-recibido-hoy-en-audiencia-por-la-reina\/","title":{"rendered":"El CEIP Andaluc\u00eda, Premio Escuela Emprendedora 2018 de la FPdGi, ha sido recibido hoy en Audiencia por la Reina"},"content":{"rendered":"<p><img loading=\"lazy\" decoding=\"async\" class=\"size-full wp-image-1096 alignnone\" src=\"https:\/\/blogsaverroes.juntadeandalucia.es\/colegioandalucia\/files\/2019\/07\/image001.png\" alt=\"\" width=\"298\" height=\"104\" srcset=\"https:\/\/blogsaverroes.juntadeandalucia.es\/colegioandalucia\/files\/2019\/07\/image001.png 298w, https:\/\/blogsaverroes.juntadeandalucia.es\/colegioandalucia\/files\/2019\/07\/image001-24x8.png 24w, https:\/\/blogsaverroes.juntadeandalucia.es\/colegioandalucia\/files\/2019\/07\/image001-36x13.png 36w, https:\/\/blogsaverroes.juntadeandalucia.es\/colegioandalucia\/files\/2019\/07\/image001-48x17.png 48w\" sizes=\"(max-width: 298px) 100vw, 298px\" \/><\/p>\n<p style=\"text-align: right\">NOTA DE PRENSA<\/p>\n<p><em>El centro educativo de Fuengirola (M\u00e1laga) ha acudido hoy, jueves 27 de junio, al encuentro en el Palacio de la Zarzuela con una delegaci\u00f3n de 15 alumnos de diferentes cursos acompa\u00f1ados por representantes del profesorado y familias del CEIP.&nbsp;<\/em><em>&nbsp;<\/em><em>La recepci\u00f3n coincide con el anuncio del nuevo Premio Escuela Emprendedora 2019, que ha sido otorgado a las Escuelas Profesionales Sagrada Familia de \u00c9cija (Sevilla)<\/em><\/p>\n<p><em> <img loading=\"lazy\" decoding=\"async\" class=\"aligncenter size-full wp-image-1099\" src=\"https:\/\/blogsaverroes.juntadeandalucia.es\/colegioandalucia\/files\/2019\/07\/1513754919221381134_JJI_6775.jpg\" alt=\"\" width=\"1600\" height=\"1066\" srcset=\"https:\/\/blogsaverroes.juntadeandalucia.es\/colegioandalucia\/files\/2019\/07\/1513754919221381134_JJI_6775.jpg 1600w, https:\/\/blogsaverroes.juntadeandalucia.es\/colegioandalucia\/files\/2019\/07\/1513754919221381134_JJI_6775-300x200.jpg 300w, https:\/\/blogsaverroes.juntadeandalucia.es\/colegioandalucia\/files\/2019\/07\/1513754919221381134_JJI_6775-768x512.jpg 768w, https:\/\/blogsaverroes.juntadeandalucia.es\/colegioandalucia\/files\/2019\/07\/1513754919221381134_JJI_6775-1024x682.jpg 1024w, https:\/\/blogsaverroes.juntadeandalucia.es\/colegioandalucia\/files\/2019\/07\/1513754919221381134_JJI_6775-24x16.jpg 24w, https:\/\/blogsaverroes.juntadeandalucia.es\/colegioandalucia\/files\/2019\/07\/1513754919221381134_JJI_6775-36x24.jpg 36w, https:\/\/blogsaverroes.juntadeandalucia.es\/colegioandalucia\/files\/2019\/07\/1513754919221381134_JJI_6775-48x32.jpg 48w\" sizes=\"(max-width: 1600px) 100vw, 1600px\" \/><\/em><\/p>\n<p style=\"text-align: center\"><a href=\"http:\/\/es.fpdgi.org\/prensa\/notas-de-prensa\/1323-el-ceip-andalucia-premio-escuela-emprendedora-2018-de-la-fpdgi-ha-sido-recibido-hoy-en-audiencia-por-la-reina\/\">\u00a9 Casa de S.M. el Rey <\/a><\/p>\n<p><strong>&nbsp;<\/strong><strong>&nbsp;<\/strong><strong><img loading=\"lazy\" decoding=\"async\" class=\"aligncenter size-full wp-image-1100\" src=\"https:\/\/blogsaverroes.juntadeandalucia.es\/colegioandalucia\/files\/2019\/07\/8984083599001300187_JJI_6785.jpg\" alt=\"\" width=\"1600\" height=\"1066\" srcset=\"https:\/\/blogsaverroes.juntadeandalucia.es\/colegioandalucia\/files\/2019\/07\/8984083599001300187_JJI_6785.jpg 1600w, https:\/\/blogsaverroes.juntadeandalucia.es\/colegioandalucia\/files\/2019\/07\/8984083599001300187_JJI_6785-300x200.jpg 300w, https:\/\/blogsaverroes.juntadeandalucia.es\/colegioandalucia\/files\/2019\/07\/8984083599001300187_JJI_6785-768x512.jpg 768w, https:\/\/blogsaverroes.juntadeandalucia.es\/colegioandalucia\/files\/2019\/07\/8984083599001300187_JJI_6785-1024x682.jpg 1024w, https:\/\/blogsaverroes.juntadeandalucia.es\/colegioandalucia\/files\/2019\/07\/8984083599001300187_JJI_6785-24x16.jpg 24w, https:\/\/blogsaverroes.juntadeandalucia.es\/colegioandalucia\/files\/2019\/07\/8984083599001300187_JJI_6785-36x24.jpg 36w, https:\/\/blogsaverroes.juntadeandalucia.es\/colegioandalucia\/files\/2019\/07\/8984083599001300187_JJI_6785-48x32.jpg 48w\" sizes=\"(max-width: 1600px) 100vw, 1600px\" \/><\/strong><\/p>\n<p style=\"text-align: center\"><a href=\"http:\/\/es.fpdgi.org\/prensa\/notas-de-prensa\/1323-el-ceip-andalucia-premio-escuela-emprendedora-2018-de-la-fpdgi-ha-sido-recibido-hoy-en-audiencia-por-la-reina\/\">\u00a9 Casa de S.M. el Rey<\/a><\/p>\n<p><strong>&nbsp;<\/strong><strong> <img loading=\"lazy\" decoding=\"async\" class=\"aligncenter size-full wp-image-1101\" src=\"https:\/\/blogsaverroes.juntadeandalucia.es\/colegioandalucia\/files\/2019\/07\/693814420387827535_JJI_6850.jpg\" alt=\"\" width=\"1600\" height=\"1108\" srcset=\"https:\/\/blogsaverroes.juntadeandalucia.es\/colegioandalucia\/files\/2019\/07\/693814420387827535_JJI_6850.jpg 1600w, https:\/\/blogsaverroes.juntadeandalucia.es\/colegioandalucia\/files\/2019\/07\/693814420387827535_JJI_6850-300x208.jpg 300w, https:\/\/blogsaverroes.juntadeandalucia.es\/colegioandalucia\/files\/2019\/07\/693814420387827535_JJI_6850-768x532.jpg 768w, https:\/\/blogsaverroes.juntadeandalucia.es\/colegioandalucia\/files\/2019\/07\/693814420387827535_JJI_6850-1024x709.jpg 1024w, https:\/\/blogsaverroes.juntadeandalucia.es\/colegioandalucia\/files\/2019\/07\/693814420387827535_JJI_6850-24x17.jpg 24w, https:\/\/blogsaverroes.juntadeandalucia.es\/colegioandalucia\/files\/2019\/07\/693814420387827535_JJI_6850-36x25.jpg 36w, https:\/\/blogsaverroes.juntadeandalucia.es\/colegioandalucia\/files\/2019\/07\/693814420387827535_JJI_6850-48x33.jpg 48w\" sizes=\"(max-width: 1600px) 100vw, 1600px\" \/><\/strong><\/p>\n<p style=\"text-align: center\"><a href=\"http:\/\/es.fpdgi.org\/prensa\/notas-de-prensa\/1323-el-ceip-andalucia-premio-escuela-emprendedora-2018-de-la-fpdgi-ha-sido-recibido-hoy-en-audiencia-por-la-reina\/\">\u00a9 Casa de S.M. el Rey<\/a><\/p>\n<p><strong>&nbsp;<\/strong><\/p>\n<p><strong>Madrid, 27.6.2019<\/strong>.-&nbsp;<strong>S.M. la Reina<\/strong> ha recibido hoy en audiencia a una delegaci\u00f3n del <strong>CEIP Andaluc\u00eda<\/strong> de Fuengirola (M\u00e1laga), reconocido con el <strong>Premio Escuela Emprendedora 2018<\/strong>, que otorga la <strong>Fundaci\u00f3n Princesa de Girona<\/strong> (FPdGi), en su primera edici\u00f3n. Esta delegaci\u00f3n, encabezada por 15 alumnos del centro educativo y acompa\u00f1ada por docentes y responsables del CEIP de Fuengirola, ha tenido la oportunidad de compartir con la Reina este reconocimiento y, as\u00ed, poder exponer sus pr\u00e1cticas educativas innovadoras que le comportaron el reconocimiento.<\/p>\n<p>El CEIP Andaluc\u00eda fue <strong>premiado por su compromiso con la innovaci\u00f3n docente y el aprendizaje colaborativo y cooperativo<\/strong>. Este centro, adem\u00e1s, <strong>fomenta la inclusi\u00f3n social,<\/strong><strong> alcanzando un efecto transformador en su entorno<\/strong> que le otorga un gran reconocimiento e impacto social.&nbsp;<\/p>\n<p><strong>Nueva escuela premiada para 2019<\/strong><\/p>\n<p><strong>&nbsp;<\/strong>La Fundaci\u00f3n Princesa de Girona ha anunciado hoy el nombre del centro educativo reconocido con el <strong>Premio Escuela Emprendedora en su edici\u00f3n 2019<\/strong>. Se trata de \u201c<strong>Escuelas Profesionales Sagrada Familia\u201d de \u00c9cija (Andaluc\u00eda), <\/strong>galardonado por \u00ab<strong>vivir y asumir, en todas las etapas educativas, la cultura emprendedora en sus dimensiones social, empresarial, cultural y educativa<\/strong>, con metodolog\u00edas y proyectos espec\u00edficos que apuestan por la <strong>innovaci\u00f3n adaptada a la singularidad de sus alumnos<\/strong>\u00bb.<\/p>\n<p>El jurado que ha otorgado el premio estuvo presidido por el Director del \u00c1rea de Educaci\u00f3n y del Observatorio de Tendencias de la Fundaci\u00f3n Bot\u00edn <strong>Javier Garc\u00eda Ca\u00f1ete<\/strong> y formado por el Secretario General de Aspen Institute Espa\u00f1a y profesor de Esade,<strong> Jos\u00e9 Mar\u00eda de Areilza; <\/strong>el Ingeniero inform\u00e1tico y doctor en Inteligencia Artificial aplicada al Dise\u00f1o de Nuevos F\u00e1rmacos y Premio FPdGi Empresa 2014, <strong>Ignasi Belda; <\/strong>el director del \u00c1rea de Acci\u00f3n Comercial y Educativa de la Fundaci\u00f3n La Caixa, <strong>Xavier Bertol\u00edn; <\/strong>la Directora General de la Fundaci\u00f3n AtresMedia, <strong>Carmen Bieger;<\/strong> el miembro de la Asociaci\u00f3n de Directores y Directoras de Centros de Primaria de Andaluc\u00eda, director del CEIP Andaluc\u00eda 2002-2016 y asesor del CEP Marbella-Co\u00edn, <strong>Juan Bueno<\/strong>; y la vicepresidenta de la Fundaci\u00f3n Europea Sociedad y Educaci\u00f3n y Directora del Instituto de Estudios Educativos y Sociales, <strong>Mercedes Esteban.<\/strong><\/p>\n<p>Dentro de la trayectoria de este centro educativo, el jurado tambi\u00e9n reconoce el valor de su plan en emprendimiento y la evaluaci\u00f3n de la competencia emprendedora de sus alumnos. Adem\u00e1s, destaca que su programa INVENTA Y EMPRENDE de SAFA \u00c9CIJA proyecta una mirada emprendedora sobre todos los eslabones de la comunidad educativa y, en especial, sobre las personas m\u00e1s desfavorecidas.<\/p>\n<p>El director de Escuelas Profesionales Sagrada Familia, <strong>Rafael Flores<\/strong>, ha agradecido este reconocimiento: \u201cHa sido una gran noticia para la comunidad de nuestro colegio. Llevamos m\u00e1s de 15 a\u00f1os desarrollando diferentes proyectos de innovaci\u00f3n educativa relacionados con el emprendimiento en todas las etapas educativas desde infantil hasta bachillerato y Formaci\u00f3n Profesional\u201d.<\/p>\n<p><strong>El Premio Escuela Emprendedora de la FPdGi<\/strong><\/p>\n<p><strong>&nbsp;<\/strong><strong>Escuelas Profesionales Sagrada Familia<\/strong> se une as\u00ed al CEIP Andaluc\u00eda en la lista de centros premiados por la Fundaci\u00f3n Princesa de Girona con el objetivo de difundir su tarea y fomentar su visibilidad para contribuir a convertirlos en referentes en la educaci\u00f3n innovadora.<\/p>\n<p><strong>Escuelas Profesionales Sagrada Familia<\/strong> recibir\u00e1 una visita oficial de la Fundaci\u00f3n Princesa de Girona que le entregar\u00e1 una escultura dise\u00f1ada por el artista pl\u00e1stico <strong>Juan Zamora<\/strong> (Premio FPdGi Artes y Letras 2017) como reconocimiento. La&nbsp;obra, creada espec\u00edficamente por Zamora&nbsp;para el&nbsp;premio Escuela Emprendedora&nbsp;FPdGi, es un&nbsp;libro abierto, realizado en bronce con p\u00e1tina de&nbsp;pizarra.<\/p>\n<p><strong>Otros recursos:<\/strong><\/p>\n<ul>\n<li><a href=\"https:\/\/youtu.be\/zqrd6SCaMDw\">Conoce el CEIP Andaluc\u00eda, Premio Escuela Emprendedora 2018<\/a><\/li>\n<\/ul>\n[youtube https:\/\/www.youtube.com\/watch?v=zqrd6SCaMDw]\n<p>&nbsp;<\/p>\n<p><strong>Contacto:<\/strong><\/p>\n<p>Marc Gall \u00b7 M. 696 82 72 13 \u00b7&nbsp;<a href=\"mailto:mgall@fpdgi.org\">mgall@fpdgi.org<\/a><br \/>\nS\u00edlvia Bonet \u00b7 T. 972 410 695 \u00b7&nbsp;<a href=\"mailto:sbonet@fpdgi.org\">sbonet@fpdgi.org<\/a><\/p>\n","protected":false},"excerpt":{"rendered":"<p>NOTA DE PRENSA El centro educativo de Fuengirola (M\u00e1laga) ha acudido hoy, jueves 27 de junio, al encuentro en el Palacio de la Zarzuela con una delegaci\u00f3n de 15 alumnos de diferentes cursos acompa\u00f1ados&#46;&#46;&#46;<\/p>\n","protected":false},"author":2050,"featured_media":2111,"comment_status":"closed","ping_status":"open","sticky":false,"template":"","format":"standard","meta":{"footnotes":""},"categories":[52],"tags":[1345295],"aioseo_notices":[],"_links":{"self":[{"href":"https:\/\/blogsaverroes.juntadeandalucia.es\/colegioandalucia\/wp-json\/wp\/v2\/posts\/1079"}],"collection":[{"href":"https:\/\/blogsaverroes.juntadeandalucia.es\/colegioandalucia\/wp-json\/wp\/v2\/posts"}],"about":[{"href":"https:\/\/blogsaverroes.juntadeandalucia.es\/colegioandalucia\/wp-json\/wp\/v2\/types\/post"}],"author":[{"embeddable":true,"href":"https:\/\/blogsaverroes.juntadeandalucia.es\/colegioandalucia\/wp-json\/wp\/v2\/users\/2050"}],"replies":[{"embeddable":true,"href":"https:\/\/blogsaverroes.juntadeandalucia.es\/colegioandalucia\/wp-json\/wp\/v2\/comments?post=1079"}],"version-history":[{"count":9,"href":"https:\/\/blogsaverroes.juntadeandalucia.es\/colegioandalucia\/wp-json\/wp\/v2\/posts\/1079\/revisions"}],"predecessor-version":[{"id":1139,"href":"https:\/\/blogsaverroes.juntadeandalucia.es\/colegioandalucia\/wp-json\/wp\/v2\/posts\/1079\/revisions\/1139"}],"wp:featuredmedia":[{"embeddable":true,"href":"https:\/\/blogsaverroes.juntadeandalucia.es\/colegioandalucia\/wp-json\/wp\/v2\/media\/2111"}],"wp:attachment":[{"href":"https:\/\/blogsaverroes.juntadeandalucia.es\/colegioandalucia\/wp-json\/wp\/v2\/media?parent=1079"}],"wp:term":[{"taxonomy":"category","embeddable":true,"href":"https:\/\/blogsaverroes.juntadeandalucia.es\/colegioandalucia\/wp-json\/wp\/v2\/categories?post=1079"},{"taxonomy":"post_tag","embeddable":true,"href":"https:\/\/blogsaverroes.juntadeandalucia.es\/colegioandalucia\/wp-json\/wp\/v2\/tags?post=1079"}],"curies":[{"name":"wp","href":"https:\/\/api.w.org\/{rel}","templated":true}]}}