{"id":1150,"date":"2020-02-03T22:46:21","date_gmt":"2020-02-03T21:46:21","guid":{"rendered":"http:\/\/blogsaverroes.juntadeandalucia.es\/colegioandalucia\/?p=1150"},"modified":"2020-03-02T00:42:11","modified_gmt":"2020-03-01T23:42:11","slug":"buenas-practicas-educativas-del-ceip-andalucia","status":"publish","type":"post","link":"https:\/\/blogsaverroes.juntadeandalucia.es\/colegioandalucia\/2020\/02\/03\/buenas-practicas-educativas-del-ceip-andalucia\/","title":{"rendered":"Buenas Pr\u00e1cticas Educativas del CEIP Andaluc\u00eda"},"content":{"rendered":"<p>A trav\u00e9s del siguiente genially pod\u00e9is ver y seguir la presentaci\u00f3n del CEIP Andaluc\u00eda que tendr\u00e1 lugar en el Palacio de Congresos de Marbella el d\u00eda 5 de Febrero en horario de 16:30h a 17:30h.<\/p>\n<div style=\"width: 100%\">\n<div>\n<div style=\"width: 100%\">\n<div style=\"padding-bottom: 56.25%;padding-top: 0;height: 0\"><iframe loading=\"lazy\" src=\"https:\/\/view.genial.ly\/5e2ed9026bbd27220c395b52\" width=\"1200px\" height=\"585px\" frameborder=\"0\" scrolling=\"yes\"><\/iframe><\/div>\n<p>&lt;\/div&gt;<\/p>\n<\/div>\n<p>&nbsp;<\/p>\n<p>Enlace de la presentaci\u00f3n: <a href=\"https:\/\/view.genial.ly\/5e2ed9026bbd27220c395b52\">https:\/\/view.genial.ly\/5e2ed9026bbd27220c395b52 <\/a><\/p>\n<\/div>\n<\/div>\n","protected":false},"excerpt":{"rendered":"<p>A trav\u00e9s del siguiente genially pod\u00e9is ver y seguir la presentaci\u00f3n del CEIP Andaluc\u00eda que tendr\u00e1 lugar en el Palacio de Congresos de Marbella el d\u00eda 5 de Febrero en horario de 16:30h a&#46;&#46;&#46;<\/p>\n","protected":false},"author":2050,"featured_media":0,"comment_status":"closed","ping_status":"open","sticky":false,"template":"","format":"standard","meta":{"footnotes":""},"categories":[6686],"tags":[],"aioseo_notices":[],"_links":{"self":[{"href":"https:\/\/blogsaverroes.juntadeandalucia.es\/colegioandalucia\/wp-json\/wp\/v2\/posts\/1150"}],"collection":[{"href":"https:\/\/blogsaverroes.juntadeandalucia.es\/colegioandalucia\/wp-json\/wp\/v2\/posts"}],"about":[{"href":"https:\/\/blogsaverroes.juntadeandalucia.es\/colegioandalucia\/wp-json\/wp\/v2\/types\/post"}],"author":[{"embeddable":true,"href":"https:\/\/blogsaverroes.juntadeandalucia.es\/colegioandalucia\/wp-json\/wp\/v2\/users\/2050"}],"replies":[{"embeddable":true,"href":"https:\/\/blogsaverroes.juntadeandalucia.es\/colegioandalucia\/wp-json\/wp\/v2\/comments?post=1150"}],"version-history":[{"count":11,"href":"https:\/\/blogsaverroes.juntadeandalucia.es\/colegioandalucia\/wp-json\/wp\/v2\/posts\/1150\/revisions"}],"predecessor-version":[{"id":1161,"href":"https:\/\/blogsaverroes.juntadeandalucia.es\/colegioandalucia\/wp-json\/wp\/v2\/posts\/1150\/revisions\/1161"}],"wp:attachment":[{"href":"https:\/\/blogsaverroes.juntadeandalucia.es\/colegioandalucia\/wp-json\/wp\/v2\/media?parent=1150"}],"wp:term":[{"taxonomy":"category","embeddable":true,"href":"https:\/\/blogsaverroes.juntadeandalucia.es\/colegioandalucia\/wp-json\/wp\/v2\/categories?post=1150"},{"taxonomy":"post_tag","embeddable":true,"href":"https:\/\/blogsaverroes.juntadeandalucia.es\/colegioandalucia\/wp-json\/wp\/v2\/tags?post=1150"}],"curies":[{"name":"wp","href":"https:\/\/api.w.org\/{rel}","templated":true}]}}