{"id":873,"date":"2018-05-10T09:40:29","date_gmt":"2018-05-10T07:40:29","guid":{"rendered":"http:\/\/blogsaverroes.juntadeandalucia.es\/colegioandalucia\/?p=873"},"modified":"2018-05-10T09:40:29","modified_gmt":"2018-05-10T07:40:29","slug":"4o-noticiario-plurilingue-andalucia-al-dia-2a-temporada","status":"publish","type":"post","link":"https:\/\/blogsaverroes.juntadeandalucia.es\/colegioandalucia\/2018\/05\/10\/4o-noticiario-plurilingue-andalucia-al-dia-2a-temporada\/","title":{"rendered":"4\u00ba noticiario pluriling\u00fce \u00abAndaluc\u00eda al d\u00eda\u00bb (2\u00aa temporada)"},"content":{"rendered":"<p style=\"text-align: center\">[youtube https:\/\/www.youtube.com\/watch?v=_WJEeqncrag]\n<p><!--more--><\/p>\n<p>4\u00ba programa de noticias \u00abAndaluc\u00eda al d\u00eda\u00bb de la segunda temporada, especial D\u00eda del Libro 2018. El espacio televisivo de nuestro Colegio que presenta en espa\u00f1ol, ingl\u00e9s y franc\u00e9s los acontecimientos m\u00e1s relevantes del Centro y otros contenidos de gran inter\u00e9s. En esta ocasi\u00f3n:<\/p>\n<p>\u2022 Celebraci\u00f3n de la semana del Libro 2018.<\/p>\n<p>\u2022 Decimosexto Certamen Literario y de ilustraci\u00f3n.<\/p>\n<p>\u2022 Marat\u00f3n de Lectura de \u201cEl principito\u201d con nuestra alcaldesa Do\u00f1a Ana Mula.<\/p>\n<p>\u2022 Un d\u00eda leyendo.<\/p>\n<p>\u2022 Apadrinamientos lectores.<\/p>\n<p>\u2022 Mercadillo e intercambio de Libros.<\/p>\n<p>\u2022 Feria de las Ciencias.<\/p>\n<p>\u2022 Nuevos murales pintados por el AMPA.<\/p>\n<p>\u2022 Proyecto de Infantil \u201cLos pobladores de Andaluc\u00eda\u201d.<\/p>\n<p>\u2022 Nuestro huerto crece y da sus frutos <strong>(interpretada con lengua de signos)<\/strong>.<\/p>\n<p>\u2022 Taller de cocina \u201cEspecialcheff\u201d <strong>(interpretada con lengua dr signos)<\/strong>.<\/p>\n<p>\u2022 Viaje al aula de las Contadoras. \u2022 Proyecto saludable del alumnado de 6\u00ba.<\/p>\n<p>\u2022 Viaje a C\u00f3rdoba. \u2022 Proyecto Aula de Jaque: Nos visita Chesscuela.<\/p>\n<p>\u2022 Nuestro noticiario en EABE 18.<\/p>\n<p>\u2022 Torneo interno de debate.<\/p>\n<p>\u2022 Segundo Torneo Provincial de debate \u201cIES Ram\u00f3n y Cajal\u201d.<\/p>\n<p>\u2022 Teatro en el Palacio de la Paz.<\/p>\n<h2 style=\"text-align: center\"><span style=\"color: #0000ff\">\u00a1Disfr\u00fatenlo!<\/span><\/h2>\n","protected":false},"excerpt":{"rendered":"<p>[youtube https:\/\/www.youtube.com\/watch?v=_WJEeqncrag]<\/p>\n","protected":false},"author":2050,"featured_media":0,"comment_status":"closed","ping_status":"open","sticky":false,"template":"","format":"standard","meta":{"footnotes":""},"categories":[634219],"tags":[],"aioseo_notices":[],"_links":{"self":[{"href":"https:\/\/blogsaverroes.juntadeandalucia.es\/colegioandalucia\/wp-json\/wp\/v2\/posts\/873"}],"collection":[{"href":"https:\/\/blogsaverroes.juntadeandalucia.es\/colegioandalucia\/wp-json\/wp\/v2\/posts"}],"about":[{"href":"https:\/\/blogsaverroes.juntadeandalucia.es\/colegioandalucia\/wp-json\/wp\/v2\/types\/post"}],"author":[{"embeddable":true,"href":"https:\/\/blogsaverroes.juntadeandalucia.es\/colegioandalucia\/wp-json\/wp\/v2\/users\/2050"}],"replies":[{"embeddable":true,"href":"https:\/\/blogsaverroes.juntadeandalucia.es\/colegioandalucia\/wp-json\/wp\/v2\/comments?post=873"}],"version-history":[{"count":1,"href":"https:\/\/blogsaverroes.juntadeandalucia.es\/colegioandalucia\/wp-json\/wp\/v2\/posts\/873\/revisions"}],"predecessor-version":[{"id":874,"href":"https:\/\/blogsaverroes.juntadeandalucia.es\/colegioandalucia\/wp-json\/wp\/v2\/posts\/873\/revisions\/874"}],"wp:attachment":[{"href":"https:\/\/blogsaverroes.juntadeandalucia.es\/colegioandalucia\/wp-json\/wp\/v2\/media?parent=873"}],"wp:term":[{"taxonomy":"category","embeddable":true,"href":"https:\/\/blogsaverroes.juntadeandalucia.es\/colegioandalucia\/wp-json\/wp\/v2\/categories?post=873"},{"taxonomy":"post_tag","embeddable":true,"href":"https:\/\/blogsaverroes.juntadeandalucia.es\/colegioandalucia\/wp-json\/wp\/v2\/tags?post=873"}],"curies":[{"name":"wp","href":"https:\/\/api.w.org\/{rel}","templated":true}]}}