{"id":945,"date":"2018-10-09T17:59:21","date_gmt":"2018-10-09T15:59:21","guid":{"rendered":"http:\/\/blogsaverroes.juntadeandalucia.es\/colegioandalucia\/?p=945"},"modified":"2019-02-25T10:37:55","modified_gmt":"2019-02-25T09:37:55","slug":"v-jornada-como-educar-el-talento-emprendedor","status":"publish","type":"post","link":"https:\/\/blogsaverroes.juntadeandalucia.es\/colegioandalucia\/2018\/10\/09\/v-jornada-como-educar-el-talento-emprendedor\/","title":{"rendered":"V Jornada \u00abC\u00f3mo educar el talento emprendedor\u00bb"},"content":{"rendered":"<h1 style=\"text-align: center\"><a href=\"http:\/\/es.fpdgi.org\/actualidad\/noticias\/1141-la-fpdgi-concede-el-premio-escuela-emprendedora-2018-al-ceip-andalucia-de-fuengirola\/\"><img loading=\"lazy\" decoding=\"async\" class=\"aligncenter wp-image-864 size-full\" src=\"https:\/\/blogsaverroes.juntadeandalucia.es\/colegioandalucia\/files\/2018\/05\/Screenshot_1.png\" alt=\"\" width=\"614\" height=\"206\" srcset=\"https:\/\/blogsaverroes.juntadeandalucia.es\/colegioandalucia\/files\/2018\/05\/Screenshot_1.png 614w, https:\/\/blogsaverroes.juntadeandalucia.es\/colegioandalucia\/files\/2018\/05\/Screenshot_1-300x101.png 300w, https:\/\/blogsaverroes.juntadeandalucia.es\/colegioandalucia\/files\/2018\/05\/Screenshot_1-24x8.png 24w, https:\/\/blogsaverroes.juntadeandalucia.es\/colegioandalucia\/files\/2018\/05\/Screenshot_1-36x12.png 36w, https:\/\/blogsaverroes.juntadeandalucia.es\/colegioandalucia\/files\/2018\/05\/Screenshot_1-48x16.png 48w\" sizes=\"(max-width: 614px) 100vw, 614px\" \/><\/a><\/h1>\n<div style=\"text-align: center\">\n[youtube https:\/\/www.youtube.com\/watch?v=SI6-D9tPp7E&amp;w=560&amp;h=315]\n<\/div>\n<div>&nbsp;<\/div>\n<div>&nbsp;&nbsp;<\/div>\n<div><a href=\"https:\/\/www.educareltalentoemprendedor.org\/es\/v-jornada-como-educar-el-talento-emprendedor\/programa\/\"><strong>CONSULTA EL PROGRAMA<\/strong><\/a><\/div>\n<div>&nbsp;<\/div>\n<div class=\"gmail-m_4316759365667729834gmail-text\">\n<p class=\"gmail-m_4316759365667729834gmail-summary\"><strong>Gay Claxton, Rolf Tarrach, Luz Rello, Karima Grant o David Cuartielles ser\u00e1n algunos de los expertos que participar\u00e1n en esta cita con la educaci\u00f3n que se celebrar\u00e1 en Fuengirola el d\u00eda 10 de diciembre de 2018 en el Palacio de la Paz.<\/strong><\/p>\n<p><strong>La Fundaci\u00f3n Princesa de Girona celebrar\u00e1 el 10 de diciembre la V Jornada \u00abC\u00f3mo educar el talento emprendedor\u00bb con el objetivo de mostrar las tendencias mundiales en innovaci\u00f3n y emprendimiento educativo<\/strong>. Este a\u00f1o la cita con la educaci\u00f3n innovadora y emprendedora se celebrar\u00e1 en Fuengirola (M\u00e1laga), localidad donde se encuentra el <strong>CEIP Andaluc\u00eda que ha sido reconocido por la FPdGi con el Premio a la Escuela Emprendedora.<\/strong><\/p>\n<p>Si tu centro pertenece al programa INNICIA, de la Consejer\u00eda de Educaci\u00f3n, no dudes en inscribirte o animar al profesorado implicado a hacerlo. Si alg\u00fan profesor o profesora de tu centro desea participar, podr\u00eda tambi\u00e9n cursar su inscripci\u00f3n y para ello habr\u00e1 que contar con los oportunos permisos debidamente solicitados.<\/p>\n<h1 class=\"title style-scope ytd-video-primary-info-renderer\" style=\"text-align: center\">Actuaci\u00f3n musical del CEIP Andaluc\u00eda, AMA Fuengirola<\/h1>\n<p style=\"text-align: center\">[youtube https:\/\/www.youtube.com\/watch?v=I4no1BioTEc&amp;w=560&amp;h=315]\n<\/div>\n","protected":false},"excerpt":{"rendered":"<p>[youtube https:\/\/www.youtube.com\/watch?v=SI6-D9tPp7E&amp;w=560&amp;h=315] &nbsp; &nbsp;&nbsp; CONSULTA EL PROGRAMA &nbsp; Gay Claxton, Rolf Tarrach, Luz Rello, Karima Grant o David Cuartielles ser\u00e1n algunos de los expertos que participar\u00e1n en esta cita con la educaci\u00f3n que se&#46;&#46;&#46;<\/p>\n","protected":false},"author":2050,"featured_media":0,"comment_status":"closed","ping_status":"open","sticky":false,"template":"","format":"standard","meta":{"footnotes":""},"categories":[1345294],"tags":[],"aioseo_notices":[],"_links":{"self":[{"href":"https:\/\/blogsaverroes.juntadeandalucia.es\/colegioandalucia\/wp-json\/wp\/v2\/posts\/945"}],"collection":[{"href":"https:\/\/blogsaverroes.juntadeandalucia.es\/colegioandalucia\/wp-json\/wp\/v2\/posts"}],"about":[{"href":"https:\/\/blogsaverroes.juntadeandalucia.es\/colegioandalucia\/wp-json\/wp\/v2\/types\/post"}],"author":[{"embeddable":true,"href":"https:\/\/blogsaverroes.juntadeandalucia.es\/colegioandalucia\/wp-json\/wp\/v2\/users\/2050"}],"replies":[{"embeddable":true,"href":"https:\/\/blogsaverroes.juntadeandalucia.es\/colegioandalucia\/wp-json\/wp\/v2\/comments?post=945"}],"version-history":[{"count":8,"href":"https:\/\/blogsaverroes.juntadeandalucia.es\/colegioandalucia\/wp-json\/wp\/v2\/posts\/945\/revisions"}],"predecessor-version":[{"id":1021,"href":"https:\/\/blogsaverroes.juntadeandalucia.es\/colegioandalucia\/wp-json\/wp\/v2\/posts\/945\/revisions\/1021"}],"wp:attachment":[{"href":"https:\/\/blogsaverroes.juntadeandalucia.es\/colegioandalucia\/wp-json\/wp\/v2\/media?parent=945"}],"wp:term":[{"taxonomy":"category","embeddable":true,"href":"https:\/\/blogsaverroes.juntadeandalucia.es\/colegioandalucia\/wp-json\/wp\/v2\/categories?post=945"},{"taxonomy":"post_tag","embeddable":true,"href":"https:\/\/blogsaverroes.juntadeandalucia.es\/colegioandalucia\/wp-json\/wp\/v2\/tags?post=945"}],"curies":[{"name":"wp","href":"https:\/\/api.w.org\/{rel}","templated":true}]}}