{"id":2262,"date":"2015-05-12T12:02:07","date_gmt":"2015-05-12T12:02:07","guid":{"rendered":"http:\/\/localhost\/wordpress\/colegioasensiogranados\/2015\/05\/12\/dia-del-agua\/"},"modified":"2015-05-12T12:02:07","modified_gmt":"2015-05-12T12:02:07","slug":"dia-del-agua","status":"publish","type":"post","link":"https:\/\/blogsaverroes.juntadeandalucia.es\/colegioasensiogranados\/2015\/05\/12\/dia-del-agua\/","title":{"rendered":"Dia del agua"},"content":{"rendered":"<p class=\"post_excerpt\">El alumnado del CEIP Asensio Granados conmemora los d\u00edas Forestal Mundial y del Agua<\/p>\n<p>Otro curso m\u00e1s, conmemoramos en nuestro colegio los d\u00edas Forestal Mundial y del Agua (21 y 22 de marzo respectivamente). El respeto por el entorno, el cuidado de la Naturaleza y el ahorro del agua, son temas recurrentes y que se trabajan continuamente en nuestras aulas. A pesar de \u00e9sto hacemos especial referencia en estas fechas.    En Infantil hemos plantado esquejes donados por D\u00aa Antonia Rodr\u00edguez Mulero, maestra de este colegio. Ha sido una actividad de ciclo,aprovechando bandejas y garrafas de agua vac\u00edas como contenedores de las plantas. Adem\u00e1s, con esta actividad ,explicamos la importancia del agua en la naturaleza, los cuidados que necesitan las plantas y las partes de las mismas.          img2233|center&gt;      img2238|center        EnPrimer Ciclo, han realizado experimentos sobre el ciclo del agua en Science y murales sobre el tema.    En Segundo Ciclo, han realizado lecturas sobre el origen de la celebraci\u00f3n de estos d\u00edas, coment\u00e1ndolo posteriormente. Han aprendido poes\u00edas y realizado coloquios sobre la contaminaci\u00f3n y la  escasez  del agua (especialmente en nuestra localidad) as\u00ed como de la tala de bosques. Finalmente han realizado carteles con esl\u00f3ganes y dibujos sobre ambos temas    img2232|center&gt;  |center&gt;   <\/p>\n","protected":false},"excerpt":{"rendered":"<p>El alumnado del CEIP Asensio Granados conmemora los d\u00edas Forestal Mundial y del Agua Otro curso m\u00e1s, conmemoramos en nuestro colegio los d\u00edas Forestal Mundial y del Agua (21 y 22 de marzo respectivamente).&#46;&#46;&#46;<\/p>\n","protected":false},"author":2414,"featured_media":0,"comment_status":"open","ping_status":"open","sticky":false,"template":"","format":"standard","meta":{"ngg_post_thumbnail":0,"footnotes":""},"categories":[410],"tags":[],"aioseo_notices":[],"_links":{"self":[{"href":"https:\/\/blogsaverroes.juntadeandalucia.es\/colegioasensiogranados\/wp-json\/wp\/v2\/posts\/2262"}],"collection":[{"href":"https:\/\/blogsaverroes.juntadeandalucia.es\/colegioasensiogranados\/wp-json\/wp\/v2\/posts"}],"about":[{"href":"https:\/\/blogsaverroes.juntadeandalucia.es\/colegioasensiogranados\/wp-json\/wp\/v2\/types\/post"}],"author":[{"embeddable":true,"href":"https:\/\/blogsaverroes.juntadeandalucia.es\/colegioasensiogranados\/wp-json\/wp\/v2\/users\/2414"}],"replies":[{"embeddable":true,"href":"https:\/\/blogsaverroes.juntadeandalucia.es\/colegioasensiogranados\/wp-json\/wp\/v2\/comments?post=2262"}],"version-history":[{"count":0,"href":"https:\/\/blogsaverroes.juntadeandalucia.es\/colegioasensiogranados\/wp-json\/wp\/v2\/posts\/2262\/revisions"}],"wp:attachment":[{"href":"https:\/\/blogsaverroes.juntadeandalucia.es\/colegioasensiogranados\/wp-json\/wp\/v2\/media?parent=2262"}],"wp:term":[{"taxonomy":"category","embeddable":true,"href":"https:\/\/blogsaverroes.juntadeandalucia.es\/colegioasensiogranados\/wp-json\/wp\/v2\/categories?post=2262"},{"taxonomy":"post_tag","embeddable":true,"href":"https:\/\/blogsaverroes.juntadeandalucia.es\/colegioasensiogranados\/wp-json\/wp\/v2\/tags?post=2262"}],"curies":[{"name":"wp","href":"https:\/\/api.w.org\/{rel}","templated":true}]}}