{"id":2587,"date":"2016-12-19T13:30:34","date_gmt":"2016-12-19T13:30:34","guid":{"rendered":"http:\/\/blogsaverroes.juntadeandalucia.es\/colegioasensiogranados\/?p=2587"},"modified":"2016-12-19T13:31:10","modified_gmt":"2016-12-19T13:31:10","slug":"feria-del-libro","status":"publish","type":"post","link":"https:\/\/blogsaverroes.juntadeandalucia.es\/colegioasensiogranados\/2016\/12\/19\/feria-del-libro\/","title":{"rendered":"Feria del libro"},"content":{"rendered":"<p>Nuestro centro CEIP Encarnaci\u00f3n Asensio Granados quiere celebrar el <strong>d\u00eda de la Lectura en Andaluc\u00eda<\/strong>, que fue el pasado 16 de diciembre.<\/p>\n<p>Por ello, est\u00e1 organizando\u00a0la <strong>\u201cLA XVII FERIA DEL LIBRO\u201d, <\/strong>en el cual se lleva a cabo la exposici\u00f3n de libros en el colegio, con el fin de <strong>fomentar el placer por la lectura<\/strong>.<\/p>\n<p>Tendr\u00e1 lugar\u00a0durante los d\u00edas 19 y 20, en horario de ma\u00f1ana (de 08:45 a 09:15 h) y tarde ( de 13:45 a 14:15 h). El lunes por la tarde, aprovechando la entrega del bolet\u00edn informativo, tambi\u00e9n se abrir\u00e1 de 16:30 a 19:30 h.<\/p>\n<p>Ello significa que podr\u00e9is adquirir libros con el siguiente descuento:<\/p>\n<ul>\n<li><em>1 \u20ac POR PARTE DEL CENTRO, a cada alumno\/a.<\/em><\/li>\n<li><em>1 \u20ac POR PARTE DEL AMPA \u201cFUENTE \u00c1LAMO\u201d a cada alumno\/a asociado\/a.<\/em><\/li>\n<li><em>15% POR PARTE DE LA LIBRER\u00cdA \u201cCRUZ GRANDE\u201d con la colaboraci\u00f3n DEL AYUNTAMIENTO.<\/em><\/li>\n<\/ul>\n<p>Durante la ma\u00f1ana, los ni\u00f1os del centro han visitado el lugar donde est\u00e1n expuestos los libros, de esta manera han podido\u00a0compartir entre ellos sus gustos literarios y hacer su elecci\u00f3n para una futura posible adquisici\u00f3n. Estos son algunos de ellos:<\/p>\n<p><a href=\"http:\/\/blogsaverroes.juntadeandalucia.es\/colegioasensiogranados\/files\/2016\/12\/IMG_5440.jpg\"><img loading=\"lazy\" decoding=\"async\" class=\"alignnone size-medium wp-image-2588\" src=\"http:\/\/blogsaverroes.juntadeandalucia.es\/colegioasensiogranados\/files\/2016\/12\/IMG_5440-300x169.jpg\" alt=\"IMG_5440\" width=\"300\" height=\"169\" srcset=\"https:\/\/blogsaverroes.juntadeandalucia.es\/colegioasensiogranados\/files\/2016\/12\/IMG_5440-300x169.jpg 300w, https:\/\/blogsaverroes.juntadeandalucia.es\/colegioasensiogranados\/files\/2016\/12\/IMG_5440-1024x576.jpg 1024w, https:\/\/blogsaverroes.juntadeandalucia.es\/colegioasensiogranados\/files\/2016\/12\/IMG_5440-700x393.jpg 700w, https:\/\/blogsaverroes.juntadeandalucia.es\/colegioasensiogranados\/files\/2016\/12\/IMG_5440-24x14.jpg 24w, https:\/\/blogsaverroes.juntadeandalucia.es\/colegioasensiogranados\/files\/2016\/12\/IMG_5440-36x20.jpg 36w, https:\/\/blogsaverroes.juntadeandalucia.es\/colegioasensiogranados\/files\/2016\/12\/IMG_5440-48x27.jpg 48w, https:\/\/blogsaverroes.juntadeandalucia.es\/colegioasensiogranados\/files\/2016\/12\/IMG_5440.jpg 1600w\" sizes=\"(max-width: 300px) 100vw, 300px\" \/><\/a> <a href=\"http:\/\/blogsaverroes.juntadeandalucia.es\/colegioasensiogranados\/files\/2016\/12\/IMG_5431.jpg\"><img loading=\"lazy\" decoding=\"async\" class=\"alignnone size-medium wp-image-2589\" src=\"http:\/\/blogsaverroes.juntadeandalucia.es\/colegioasensiogranados\/files\/2016\/12\/IMG_5431-300x169.jpg\" alt=\"IMG_5431\" width=\"300\" height=\"169\" srcset=\"https:\/\/blogsaverroes.juntadeandalucia.es\/colegioasensiogranados\/files\/2016\/12\/IMG_5431-300x169.jpg 300w, https:\/\/blogsaverroes.juntadeandalucia.es\/colegioasensiogranados\/files\/2016\/12\/IMG_5431-1024x576.jpg 1024w, https:\/\/blogsaverroes.juntadeandalucia.es\/colegioasensiogranados\/files\/2016\/12\/IMG_5431-700x393.jpg 700w, https:\/\/blogsaverroes.juntadeandalucia.es\/colegioasensiogranados\/files\/2016\/12\/IMG_5431-24x14.jpg 24w, https:\/\/blogsaverroes.juntadeandalucia.es\/colegioasensiogranados\/files\/2016\/12\/IMG_5431-36x20.jpg 36w, https:\/\/blogsaverroes.juntadeandalucia.es\/colegioasensiogranados\/files\/2016\/12\/IMG_5431-48x27.jpg 48w, https:\/\/blogsaverroes.juntadeandalucia.es\/colegioasensiogranados\/files\/2016\/12\/IMG_5431.jpg 1600w\" sizes=\"(max-width: 300px) 100vw, 300px\" \/><\/a> <a href=\"http:\/\/blogsaverroes.juntadeandalucia.es\/colegioasensiogranados\/files\/2016\/12\/IMG_5432.jpg\"><img loading=\"lazy\" decoding=\"async\" class=\"alignnone size-medium wp-image-2590\" src=\"http:\/\/blogsaverroes.juntadeandalucia.es\/colegioasensiogranados\/files\/2016\/12\/IMG_5432-300x225.jpg\" alt=\"IMG_5432\" width=\"300\" height=\"225\" srcset=\"https:\/\/blogsaverroes.juntadeandalucia.es\/colegioasensiogranados\/files\/2016\/12\/IMG_5432-300x225.jpg 300w, https:\/\/blogsaverroes.juntadeandalucia.es\/colegioasensiogranados\/files\/2016\/12\/IMG_5432-1024x768.jpg 1024w, https:\/\/blogsaverroes.juntadeandalucia.es\/colegioasensiogranados\/files\/2016\/12\/IMG_5432-700x525.jpg 700w, https:\/\/blogsaverroes.juntadeandalucia.es\/colegioasensiogranados\/files\/2016\/12\/IMG_5432-24x18.jpg 24w, https:\/\/blogsaverroes.juntadeandalucia.es\/colegioasensiogranados\/files\/2016\/12\/IMG_5432-36x27.jpg 36w, https:\/\/blogsaverroes.juntadeandalucia.es\/colegioasensiogranados\/files\/2016\/12\/IMG_5432-48x36.jpg 48w, https:\/\/blogsaverroes.juntadeandalucia.es\/colegioasensiogranados\/files\/2016\/12\/IMG_5432.jpg 1600w\" sizes=\"(max-width: 300px) 100vw, 300px\" \/><\/a> <a href=\"http:\/\/blogsaverroes.juntadeandalucia.es\/colegioasensiogranados\/files\/2016\/12\/IMG_5433.jpg\"><img loading=\"lazy\" decoding=\"async\" class=\"alignnone size-medium wp-image-2591\" src=\"http:\/\/blogsaverroes.juntadeandalucia.es\/colegioasensiogranados\/files\/2016\/12\/IMG_5433-168x300.jpg\" alt=\"IMG_5433\" width=\"168\" height=\"300\" srcset=\"https:\/\/blogsaverroes.juntadeandalucia.es\/colegioasensiogranados\/files\/2016\/12\/IMG_5433-168x300.jpg 168w, https:\/\/blogsaverroes.juntadeandalucia.es\/colegioasensiogranados\/files\/2016\/12\/IMG_5433-575x1024.jpg 575w, https:\/\/blogsaverroes.juntadeandalucia.es\/colegioasensiogranados\/files\/2016\/12\/IMG_5433-700x1247.jpg 700w, https:\/\/blogsaverroes.juntadeandalucia.es\/colegioasensiogranados\/files\/2016\/12\/IMG_5433-13x24.jpg 13w, https:\/\/blogsaverroes.juntadeandalucia.es\/colegioasensiogranados\/files\/2016\/12\/IMG_5433-20x36.jpg 20w, https:\/\/blogsaverroes.juntadeandalucia.es\/colegioasensiogranados\/files\/2016\/12\/IMG_5433-27x48.jpg 27w, https:\/\/blogsaverroes.juntadeandalucia.es\/colegioasensiogranados\/files\/2016\/12\/IMG_5433.jpg 898w\" sizes=\"(max-width: 168px) 100vw, 168px\" \/><\/a> <a href=\"http:\/\/blogsaverroes.juntadeandalucia.es\/colegioasensiogranados\/files\/2016\/12\/IMG_5434.jpg\"><img loading=\"lazy\" decoding=\"async\" class=\"alignnone size-medium wp-image-2592\" src=\"http:\/\/blogsaverroes.juntadeandalucia.es\/colegioasensiogranados\/files\/2016\/12\/IMG_5434-300x169.jpg\" alt=\"IMG_5434\" width=\"300\" height=\"169\" srcset=\"https:\/\/blogsaverroes.juntadeandalucia.es\/colegioasensiogranados\/files\/2016\/12\/IMG_5434-300x169.jpg 300w, https:\/\/blogsaverroes.juntadeandalucia.es\/colegioasensiogranados\/files\/2016\/12\/IMG_5434-1024x576.jpg 1024w, https:\/\/blogsaverroes.juntadeandalucia.es\/colegioasensiogranados\/files\/2016\/12\/IMG_5434-700x393.jpg 700w, https:\/\/blogsaverroes.juntadeandalucia.es\/colegioasensiogranados\/files\/2016\/12\/IMG_5434-24x14.jpg 24w, https:\/\/blogsaverroes.juntadeandalucia.es\/colegioasensiogranados\/files\/2016\/12\/IMG_5434-36x20.jpg 36w, https:\/\/blogsaverroes.juntadeandalucia.es\/colegioasensiogranados\/files\/2016\/12\/IMG_5434-48x27.jpg 48w, https:\/\/blogsaverroes.juntadeandalucia.es\/colegioasensiogranados\/files\/2016\/12\/IMG_5434.jpg 1600w\" sizes=\"(max-width: 300px) 100vw, 300px\" \/><\/a> <a href=\"http:\/\/blogsaverroes.juntadeandalucia.es\/colegioasensiogranados\/files\/2016\/12\/IMG_5435.jpg\"><img loading=\"lazy\" decoding=\"async\" class=\"alignnone size-medium wp-image-2593\" src=\"http:\/\/blogsaverroes.juntadeandalucia.es\/colegioasensiogranados\/files\/2016\/12\/IMG_5435-300x169.jpg\" alt=\"IMG_5435\" width=\"300\" height=\"169\" srcset=\"https:\/\/blogsaverroes.juntadeandalucia.es\/colegioasensiogranados\/files\/2016\/12\/IMG_5435-300x169.jpg 300w, https:\/\/blogsaverroes.juntadeandalucia.es\/colegioasensiogranados\/files\/2016\/12\/IMG_5435-1024x576.jpg 1024w, https:\/\/blogsaverroes.juntadeandalucia.es\/colegioasensiogranados\/files\/2016\/12\/IMG_5435-700x393.jpg 700w, https:\/\/blogsaverroes.juntadeandalucia.es\/colegioasensiogranados\/files\/2016\/12\/IMG_5435-24x14.jpg 24w, https:\/\/blogsaverroes.juntadeandalucia.es\/colegioasensiogranados\/files\/2016\/12\/IMG_5435-36x20.jpg 36w, https:\/\/blogsaverroes.juntadeandalucia.es\/colegioasensiogranados\/files\/2016\/12\/IMG_5435-48x27.jpg 48w, https:\/\/blogsaverroes.juntadeandalucia.es\/colegioasensiogranados\/files\/2016\/12\/IMG_5435.jpg 1600w\" sizes=\"(max-width: 300px) 100vw, 300px\" \/><\/a> <a href=\"http:\/\/blogsaverroes.juntadeandalucia.es\/colegioasensiogranados\/files\/2016\/12\/IMG_5436.jpg\"><img loading=\"lazy\" decoding=\"async\" class=\"alignnone size-medium wp-image-2594\" src=\"http:\/\/blogsaverroes.juntadeandalucia.es\/colegioasensiogranados\/files\/2016\/12\/IMG_5436-300x169.jpg\" alt=\"IMG_5436\" width=\"300\" height=\"169\" srcset=\"https:\/\/blogsaverroes.juntadeandalucia.es\/colegioasensiogranados\/files\/2016\/12\/IMG_5436-300x169.jpg 300w, https:\/\/blogsaverroes.juntadeandalucia.es\/colegioasensiogranados\/files\/2016\/12\/IMG_5436-1024x576.jpg 1024w, https:\/\/blogsaverroes.juntadeandalucia.es\/colegioasensiogranados\/files\/2016\/12\/IMG_5436-700x393.jpg 700w, https:\/\/blogsaverroes.juntadeandalucia.es\/colegioasensiogranados\/files\/2016\/12\/IMG_5436-24x14.jpg 24w, https:\/\/blogsaverroes.juntadeandalucia.es\/colegioasensiogranados\/files\/2016\/12\/IMG_5436-36x20.jpg 36w, https:\/\/blogsaverroes.juntadeandalucia.es\/colegioasensiogranados\/files\/2016\/12\/IMG_5436-48x27.jpg 48w, https:\/\/blogsaverroes.juntadeandalucia.es\/colegioasensiogranados\/files\/2016\/12\/IMG_5436.jpg 1600w\" sizes=\"(max-width: 300px) 100vw, 300px\" \/><\/a> <a href=\"http:\/\/blogsaverroes.juntadeandalucia.es\/colegioasensiogranados\/files\/2016\/12\/IMG_5437.jpg\"><img loading=\"lazy\" decoding=\"async\" class=\"alignnone size-medium wp-image-2595\" src=\"http:\/\/blogsaverroes.juntadeandalucia.es\/colegioasensiogranados\/files\/2016\/12\/IMG_5437-300x169.jpg\" alt=\"IMG_5437\" width=\"300\" height=\"169\" srcset=\"https:\/\/blogsaverroes.juntadeandalucia.es\/colegioasensiogranados\/files\/2016\/12\/IMG_5437-300x169.jpg 300w, https:\/\/blogsaverroes.juntadeandalucia.es\/colegioasensiogranados\/files\/2016\/12\/IMG_5437-1024x576.jpg 1024w, https:\/\/blogsaverroes.juntadeandalucia.es\/colegioasensiogranados\/files\/2016\/12\/IMG_5437-700x393.jpg 700w, https:\/\/blogsaverroes.juntadeandalucia.es\/colegioasensiogranados\/files\/2016\/12\/IMG_5437-24x14.jpg 24w, https:\/\/blogsaverroes.juntadeandalucia.es\/colegioasensiogranados\/files\/2016\/12\/IMG_5437-36x20.jpg 36w, https:\/\/blogsaverroes.juntadeandalucia.es\/colegioasensiogranados\/files\/2016\/12\/IMG_5437-48x27.jpg 48w, https:\/\/blogsaverroes.juntadeandalucia.es\/colegioasensiogranados\/files\/2016\/12\/IMG_5437.jpg 1600w\" sizes=\"(max-width: 300px) 100vw, 300px\" \/><\/a> <a href=\"http:\/\/blogsaverroes.juntadeandalucia.es\/colegioasensiogranados\/files\/2016\/12\/IMG_5438.jpg\"><img loading=\"lazy\" decoding=\"async\" class=\"alignnone size-medium wp-image-2596\" src=\"http:\/\/blogsaverroes.juntadeandalucia.es\/colegioasensiogranados\/files\/2016\/12\/IMG_5438-300x169.jpg\" alt=\"IMG_5438\" width=\"300\" height=\"169\" srcset=\"https:\/\/blogsaverroes.juntadeandalucia.es\/colegioasensiogranados\/files\/2016\/12\/IMG_5438-300x169.jpg 300w, https:\/\/blogsaverroes.juntadeandalucia.es\/colegioasensiogranados\/files\/2016\/12\/IMG_5438-1024x576.jpg 1024w, https:\/\/blogsaverroes.juntadeandalucia.es\/colegioasensiogranados\/files\/2016\/12\/IMG_5438-700x393.jpg 700w, https:\/\/blogsaverroes.juntadeandalucia.es\/colegioasensiogranados\/files\/2016\/12\/IMG_5438-24x14.jpg 24w, https:\/\/blogsaverroes.juntadeandalucia.es\/colegioasensiogranados\/files\/2016\/12\/IMG_5438-36x20.jpg 36w, https:\/\/blogsaverroes.juntadeandalucia.es\/colegioasensiogranados\/files\/2016\/12\/IMG_5438-48x27.jpg 48w, https:\/\/blogsaverroes.juntadeandalucia.es\/colegioasensiogranados\/files\/2016\/12\/IMG_5438.jpg 1600w\" sizes=\"(max-width: 300px) 100vw, 300px\" \/><\/a> <a href=\"http:\/\/blogsaverroes.juntadeandalucia.es\/colegioasensiogranados\/files\/2016\/12\/IMG_5439.jpg\"><img loading=\"lazy\" decoding=\"async\" class=\"alignnone size-medium wp-image-2597\" src=\"http:\/\/blogsaverroes.juntadeandalucia.es\/colegioasensiogranados\/files\/2016\/12\/IMG_5439-169x300.jpg\" alt=\"IMG_5439\" width=\"169\" height=\"300\" srcset=\"https:\/\/blogsaverroes.juntadeandalucia.es\/colegioasensiogranados\/files\/2016\/12\/IMG_5439-169x300.jpg 169w, https:\/\/blogsaverroes.juntadeandalucia.es\/colegioasensiogranados\/files\/2016\/12\/IMG_5439-576x1024.jpg 576w, https:\/\/blogsaverroes.juntadeandalucia.es\/colegioasensiogranados\/files\/2016\/12\/IMG_5439-700x1244.jpg 700w, https:\/\/blogsaverroes.juntadeandalucia.es\/colegioasensiogranados\/files\/2016\/12\/IMG_5439-14x24.jpg 14w, https:\/\/blogsaverroes.juntadeandalucia.es\/colegioasensiogranados\/files\/2016\/12\/IMG_5439-20x36.jpg 20w, https:\/\/blogsaverroes.juntadeandalucia.es\/colegioasensiogranados\/files\/2016\/12\/IMG_5439-27x48.jpg 27w, https:\/\/blogsaverroes.juntadeandalucia.es\/colegioasensiogranados\/files\/2016\/12\/IMG_5439.jpg 900w\" sizes=\"(max-width: 169px) 100vw, 169px\" \/><\/a><\/p>\n","protected":false},"excerpt":{"rendered":"<p>Nuestro centro CEIP Encarnaci\u00f3n Asensio Granados quiere celebrar el d\u00eda de la Lectura en Andaluc\u00eda, que fue el pasado 16 de diciembre. Por ello, est\u00e1 organizando\u00a0la \u201cLA XVII FERIA DEL LIBRO\u201d, en el cual&#46;&#46;&#46;<\/p>\n","protected":false},"author":3166,"featured_media":2594,"comment_status":"open","ping_status":"open","sticky":false,"template":"","format":"standard","meta":{"ngg_post_thumbnail":0,"footnotes":""},"categories":[11909],"tags":[],"aioseo_notices":[],"_links":{"self":[{"href":"https:\/\/blogsaverroes.juntadeandalucia.es\/colegioasensiogranados\/wp-json\/wp\/v2\/posts\/2587"}],"collection":[{"href":"https:\/\/blogsaverroes.juntadeandalucia.es\/colegioasensiogranados\/wp-json\/wp\/v2\/posts"}],"about":[{"href":"https:\/\/blogsaverroes.juntadeandalucia.es\/colegioasensiogranados\/wp-json\/wp\/v2\/types\/post"}],"author":[{"embeddable":true,"href":"https:\/\/blogsaverroes.juntadeandalucia.es\/colegioasensiogranados\/wp-json\/wp\/v2\/users\/3166"}],"replies":[{"embeddable":true,"href":"https:\/\/blogsaverroes.juntadeandalucia.es\/colegioasensiogranados\/wp-json\/wp\/v2\/comments?post=2587"}],"version-history":[{"count":1,"href":"https:\/\/blogsaverroes.juntadeandalucia.es\/colegioasensiogranados\/wp-json\/wp\/v2\/posts\/2587\/revisions"}],"predecessor-version":[{"id":2598,"href":"https:\/\/blogsaverroes.juntadeandalucia.es\/colegioasensiogranados\/wp-json\/wp\/v2\/posts\/2587\/revisions\/2598"}],"wp:featuredmedia":[{"embeddable":true,"href":"https:\/\/blogsaverroes.juntadeandalucia.es\/colegioasensiogranados\/wp-json\/wp\/v2\/media\/2594"}],"wp:attachment":[{"href":"https:\/\/blogsaverroes.juntadeandalucia.es\/colegioasensiogranados\/wp-json\/wp\/v2\/media?parent=2587"}],"wp:term":[{"taxonomy":"category","embeddable":true,"href":"https:\/\/blogsaverroes.juntadeandalucia.es\/colegioasensiogranados\/wp-json\/wp\/v2\/categories?post=2587"},{"taxonomy":"post_tag","embeddable":true,"href":"https:\/\/blogsaverroes.juntadeandalucia.es\/colegioasensiogranados\/wp-json\/wp\/v2\/tags?post=2587"}],"curies":[{"name":"wp","href":"https:\/\/api.w.org\/{rel}","templated":true}]}}