{"id":3821,"date":"2019-12-10T18:22:34","date_gmt":"2019-12-10T18:22:34","guid":{"rendered":"https:\/\/blogsaverroes.juntadeandalucia.es\/colegioasensiogranados\/?p=3821"},"modified":"2020-01-31T11:54:20","modified_gmt":"2020-01-31T11:54:20","slug":"dia-de-la-constitucion-8","status":"publish","type":"post","link":"https:\/\/blogsaverroes.juntadeandalucia.es\/colegioasensiogranados\/2019\/12\/10\/dia-de-la-constitucion-8\/","title":{"rendered":"D\u00cdA DE LA CONSTITUCI\u00d3N"},"content":{"rendered":"<p>&nbsp; &nbsp; &nbsp; Entre las actividades que hemos realizado en nuestro Centro para conmemorar el d\u00eda de la Constituci\u00f3n, est\u00e1n las siguientes:<\/p>\n<p>INFANTIL:<\/p>\n<p>Asambleas para trabajar los derechos y deberes del colegio y visionado de videos como \u00abEl patio de la Constituci\u00f3n\u00bb y \u00abEl cumplea\u00f1os de la Constituci\u00f3n\u00bb.Infantil 3 A\u00d1OS colore\u00f3 un libro de la Constituci\u00f3n; 4 A\u00d1OS, colore\u00f3 una bandera y 5 A\u00d1OS hizo una l\u00e1mina alusiva a la Constituci\u00f3n.<\/p>\n<p style=\"text-align: center\"><a href=\"https:\/\/blogsaverroes.juntadeandalucia.es\/colegioasensiogranados\/files\/2019\/12\/WhatsApp-Image-2019-12-10-at-11.39.55-1.jpeg\"><img loading=\"lazy\" decoding=\"async\" class=\"alignnone size-medium wp-image-3824\" src=\"https:\/\/blogsaverroes.juntadeandalucia.es\/colegioasensiogranados\/files\/2019\/12\/WhatsApp-Image-2019-12-10-at-11.39.55-1-225x300.jpeg\" alt=\"\" width=\"225\" height=\"300\" srcset=\"https:\/\/blogsaverroes.juntadeandalucia.es\/colegioasensiogranados\/files\/2019\/12\/WhatsApp-Image-2019-12-10-at-11.39.55-1-225x300.jpeg 225w, https:\/\/blogsaverroes.juntadeandalucia.es\/colegioasensiogranados\/files\/2019\/12\/WhatsApp-Image-2019-12-10-at-11.39.55-1-768x1024.jpeg 768w, https:\/\/blogsaverroes.juntadeandalucia.es\/colegioasensiogranados\/files\/2019\/12\/WhatsApp-Image-2019-12-10-at-11.39.55-1-700x933.jpeg 700w, https:\/\/blogsaverroes.juntadeandalucia.es\/colegioasensiogranados\/files\/2019\/12\/WhatsApp-Image-2019-12-10-at-11.39.55-1-18x24.jpeg 18w, https:\/\/blogsaverroes.juntadeandalucia.es\/colegioasensiogranados\/files\/2019\/12\/WhatsApp-Image-2019-12-10-at-11.39.55-1-27x36.jpeg 27w, https:\/\/blogsaverroes.juntadeandalucia.es\/colegioasensiogranados\/files\/2019\/12\/WhatsApp-Image-2019-12-10-at-11.39.55-1-36x48.jpeg 36w, https:\/\/blogsaverroes.juntadeandalucia.es\/colegioasensiogranados\/files\/2019\/12\/WhatsApp-Image-2019-12-10-at-11.39.55-1.jpeg 1200w\" sizes=\"(max-width: 225px) 100vw, 225px\" \/><\/a> <a href=\"https:\/\/blogsaverroes.juntadeandalucia.es\/colegioasensiogranados\/files\/2019\/12\/WhatsApp-Image-2019-12-10-at-11.39.55.jpeg\"><img loading=\"lazy\" decoding=\"async\" class=\"alignnone size-medium wp-image-3826\" src=\"https:\/\/blogsaverroes.juntadeandalucia.es\/colegioasensiogranados\/files\/2019\/12\/WhatsApp-Image-2019-12-10-at-11.39.55-225x300.jpeg\" alt=\"\" width=\"225\" height=\"300\" srcset=\"https:\/\/blogsaverroes.juntadeandalucia.es\/colegioasensiogranados\/files\/2019\/12\/WhatsApp-Image-2019-12-10-at-11.39.55-225x300.jpeg 225w, https:\/\/blogsaverroes.juntadeandalucia.es\/colegioasensiogranados\/files\/2019\/12\/WhatsApp-Image-2019-12-10-at-11.39.55-768x1024.jpeg 768w, https:\/\/blogsaverroes.juntadeandalucia.es\/colegioasensiogranados\/files\/2019\/12\/WhatsApp-Image-2019-12-10-at-11.39.55-700x933.jpeg 700w, https:\/\/blogsaverroes.juntadeandalucia.es\/colegioasensiogranados\/files\/2019\/12\/WhatsApp-Image-2019-12-10-at-11.39.55-18x24.jpeg 18w, https:\/\/blogsaverroes.juntadeandalucia.es\/colegioasensiogranados\/files\/2019\/12\/WhatsApp-Image-2019-12-10-at-11.39.55-27x36.jpeg 27w, https:\/\/blogsaverroes.juntadeandalucia.es\/colegioasensiogranados\/files\/2019\/12\/WhatsApp-Image-2019-12-10-at-11.39.55-36x48.jpeg 36w, https:\/\/blogsaverroes.juntadeandalucia.es\/colegioasensiogranados\/files\/2019\/12\/WhatsApp-Image-2019-12-10-at-11.39.55.jpeg 1200w\" sizes=\"(max-width: 225px) 100vw, 225px\" \/><\/a><\/p>\n<p>PRIMER CICLO:<\/p>\n<p>Los alumnos y alumnas de 1\u00ba hicieron una Constituci\u00f3n con las normas del colegio que despu\u00e9s fue coloreada. 2\u00ba curso, vieron videos explicativos adaptados al nivel y despu\u00e9s elaboraron el dec\u00e1logo constitucional de nuestro colegio y lo enmarcaron en un libro ficticio.<\/p>\n<p style=\"text-align: center\"><a href=\"https:\/\/blogsaverroes.juntadeandalucia.es\/colegioasensiogranados\/files\/2019\/12\/WhatsApp-Image-2019-12-15-at-19.29.24-9.jpeg\"><img loading=\"lazy\" decoding=\"async\" class=\"alignnone size-medium wp-image-3828\" src=\"https:\/\/blogsaverroes.juntadeandalucia.es\/colegioasensiogranados\/files\/2019\/12\/WhatsApp-Image-2019-12-15-at-19.29.24-9-300x169.jpeg\" alt=\"\" width=\"300\" height=\"169\" srcset=\"https:\/\/blogsaverroes.juntadeandalucia.es\/colegioasensiogranados\/files\/2019\/12\/WhatsApp-Image-2019-12-15-at-19.29.24-9-300x169.jpeg 300w, https:\/\/blogsaverroes.juntadeandalucia.es\/colegioasensiogranados\/files\/2019\/12\/WhatsApp-Image-2019-12-15-at-19.29.24-9-768x432.jpeg 768w, https:\/\/blogsaverroes.juntadeandalucia.es\/colegioasensiogranados\/files\/2019\/12\/WhatsApp-Image-2019-12-15-at-19.29.24-9-1024x576.jpeg 1024w, https:\/\/blogsaverroes.juntadeandalucia.es\/colegioasensiogranados\/files\/2019\/12\/WhatsApp-Image-2019-12-15-at-19.29.24-9-700x393.jpeg 700w, https:\/\/blogsaverroes.juntadeandalucia.es\/colegioasensiogranados\/files\/2019\/12\/WhatsApp-Image-2019-12-15-at-19.29.24-9-24x14.jpeg 24w, https:\/\/blogsaverroes.juntadeandalucia.es\/colegioasensiogranados\/files\/2019\/12\/WhatsApp-Image-2019-12-15-at-19.29.24-9-36x20.jpeg 36w, https:\/\/blogsaverroes.juntadeandalucia.es\/colegioasensiogranados\/files\/2019\/12\/WhatsApp-Image-2019-12-15-at-19.29.24-9-48x27.jpeg 48w, https:\/\/blogsaverroes.juntadeandalucia.es\/colegioasensiogranados\/files\/2019\/12\/WhatsApp-Image-2019-12-15-at-19.29.24-9.jpeg 1600w\" sizes=\"(max-width: 300px) 100vw, 300px\" \/><\/a><\/p>\n<p>SEGUNDO CICLO:<\/p>\n<p>Vieron videos relacionados y trabajaron la Constituci\u00f3n de forma individual explicando los art\u00edculos m\u00e1s importantes. Despu\u00e9s hicieron una redacci\u00f3n.<\/p>\n<p style=\"text-align: center\"><a href=\"https:\/\/blogsaverroes.juntadeandalucia.es\/colegioasensiogranados\/files\/2019\/12\/WhatsApp-Image-2019-12-15-at-19.29.24-7.jpeg\"><img loading=\"lazy\" decoding=\"async\" class=\"alignnone size-medium wp-image-3829\" src=\"https:\/\/blogsaverroes.juntadeandalucia.es\/colegioasensiogranados\/files\/2019\/12\/WhatsApp-Image-2019-12-15-at-19.29.24-7-300x225.jpeg\" alt=\"\" width=\"300\" height=\"225\" srcset=\"https:\/\/blogsaverroes.juntadeandalucia.es\/colegioasensiogranados\/files\/2019\/12\/WhatsApp-Image-2019-12-15-at-19.29.24-7-300x225.jpeg 300w, https:\/\/blogsaverroes.juntadeandalucia.es\/colegioasensiogranados\/files\/2019\/12\/WhatsApp-Image-2019-12-15-at-19.29.24-7-768x576.jpeg 768w, https:\/\/blogsaverroes.juntadeandalucia.es\/colegioasensiogranados\/files\/2019\/12\/WhatsApp-Image-2019-12-15-at-19.29.24-7-1024x768.jpeg 1024w, https:\/\/blogsaverroes.juntadeandalucia.es\/colegioasensiogranados\/files\/2019\/12\/WhatsApp-Image-2019-12-15-at-19.29.24-7-700x525.jpeg 700w, https:\/\/blogsaverroes.juntadeandalucia.es\/colegioasensiogranados\/files\/2019\/12\/WhatsApp-Image-2019-12-15-at-19.29.24-7-24x18.jpeg 24w, https:\/\/blogsaverroes.juntadeandalucia.es\/colegioasensiogranados\/files\/2019\/12\/WhatsApp-Image-2019-12-15-at-19.29.24-7-36x27.jpeg 36w, https:\/\/blogsaverroes.juntadeandalucia.es\/colegioasensiogranados\/files\/2019\/12\/WhatsApp-Image-2019-12-15-at-19.29.24-7-48x36.jpeg 48w, https:\/\/blogsaverroes.juntadeandalucia.es\/colegioasensiogranados\/files\/2019\/12\/WhatsApp-Image-2019-12-15-at-19.29.24-7.jpeg 1600w\" sizes=\"(max-width: 300px) 100vw, 300px\" \/><\/a> <a href=\"https:\/\/blogsaverroes.juntadeandalucia.es\/colegioasensiogranados\/files\/2019\/12\/WhatsApp-Image-2019-12-15-at-19.29.24-5.jpeg\"><img loading=\"lazy\" decoding=\"async\" class=\"alignnone size-medium wp-image-3830\" src=\"https:\/\/blogsaverroes.juntadeandalucia.es\/colegioasensiogranados\/files\/2019\/12\/WhatsApp-Image-2019-12-15-at-19.29.24-5-300x225.jpeg\" alt=\"\" width=\"300\" height=\"225\" srcset=\"https:\/\/blogsaverroes.juntadeandalucia.es\/colegioasensiogranados\/files\/2019\/12\/WhatsApp-Image-2019-12-15-at-19.29.24-5-300x225.jpeg 300w, https:\/\/blogsaverroes.juntadeandalucia.es\/colegioasensiogranados\/files\/2019\/12\/WhatsApp-Image-2019-12-15-at-19.29.24-5-768x576.jpeg 768w, https:\/\/blogsaverroes.juntadeandalucia.es\/colegioasensiogranados\/files\/2019\/12\/WhatsApp-Image-2019-12-15-at-19.29.24-5-1024x768.jpeg 1024w, https:\/\/blogsaverroes.juntadeandalucia.es\/colegioasensiogranados\/files\/2019\/12\/WhatsApp-Image-2019-12-15-at-19.29.24-5-700x525.jpeg 700w, https:\/\/blogsaverroes.juntadeandalucia.es\/colegioasensiogranados\/files\/2019\/12\/WhatsApp-Image-2019-12-15-at-19.29.24-5-24x18.jpeg 24w, https:\/\/blogsaverroes.juntadeandalucia.es\/colegioasensiogranados\/files\/2019\/12\/WhatsApp-Image-2019-12-15-at-19.29.24-5-36x27.jpeg 36w, https:\/\/blogsaverroes.juntadeandalucia.es\/colegioasensiogranados\/files\/2019\/12\/WhatsApp-Image-2019-12-15-at-19.29.24-5-48x36.jpeg 48w, https:\/\/blogsaverroes.juntadeandalucia.es\/colegioasensiogranados\/files\/2019\/12\/WhatsApp-Image-2019-12-15-at-19.29.24-5.jpeg 1600w\" sizes=\"(max-width: 300px) 100vw, 300px\" \/><\/a><\/p>\n<p>TERCER CICLO:<\/p>\n<p>Los alumnos de 5\u00ba leyeron la Unidad Did\u00e1ctica dedicada a la Constituci\u00f3n, despu\u00e9s hicieron elecciones para elegir al delegado\/a con la lectura de los derechos y deberes del Centro. Adem\u00e1s de otras actividades, como el visionado de las Cortes y el Parlamento Andaluz y compararon el c\u00f3digo de conducta del colegio con la Constituci\u00f3n. 6\u00ba curso, leyeron los art\u00edculos de la Constituci\u00f3n viendo los derechos y deberes por grupos, donde sacaron 3 derechos y 3 deberes. Seguidamente se eligi\u00f3 un representante parlamentario por grupo y los elegidos se pusieron de acuerdo para sacar los derechos y deberes. Por \u00faltimo, vieron un video de la historia de la Constituci\u00f3n Espa\u00f1ola.<\/p>\n<p style=\"text-align: center\"><a href=\"https:\/\/blogsaverroes.juntadeandalucia.es\/colegioasensiogranados\/files\/2019\/12\/WhatsApp-Image-2019-12-04-at-10.54.00-1.jpeg\"><img loading=\"lazy\" decoding=\"async\" class=\"alignnone size-medium wp-image-3831\" src=\"https:\/\/blogsaverroes.juntadeandalucia.es\/colegioasensiogranados\/files\/2019\/12\/WhatsApp-Image-2019-12-04-at-10.54.00-1-300x225.jpeg\" alt=\"\" width=\"300\" height=\"225\" srcset=\"https:\/\/blogsaverroes.juntadeandalucia.es\/colegioasensiogranados\/files\/2019\/12\/WhatsApp-Image-2019-12-04-at-10.54.00-1-300x225.jpeg 300w, https:\/\/blogsaverroes.juntadeandalucia.es\/colegioasensiogranados\/files\/2019\/12\/WhatsApp-Image-2019-12-04-at-10.54.00-1-768x576.jpeg 768w, https:\/\/blogsaverroes.juntadeandalucia.es\/colegioasensiogranados\/files\/2019\/12\/WhatsApp-Image-2019-12-04-at-10.54.00-1-1024x768.jpeg 1024w, https:\/\/blogsaverroes.juntadeandalucia.es\/colegioasensiogranados\/files\/2019\/12\/WhatsApp-Image-2019-12-04-at-10.54.00-1-700x525.jpeg 700w, https:\/\/blogsaverroes.juntadeandalucia.es\/colegioasensiogranados\/files\/2019\/12\/WhatsApp-Image-2019-12-04-at-10.54.00-1-24x18.jpeg 24w, https:\/\/blogsaverroes.juntadeandalucia.es\/colegioasensiogranados\/files\/2019\/12\/WhatsApp-Image-2019-12-04-at-10.54.00-1-36x27.jpeg 36w, https:\/\/blogsaverroes.juntadeandalucia.es\/colegioasensiogranados\/files\/2019\/12\/WhatsApp-Image-2019-12-04-at-10.54.00-1-48x36.jpeg 48w, https:\/\/blogsaverroes.juntadeandalucia.es\/colegioasensiogranados\/files\/2019\/12\/WhatsApp-Image-2019-12-04-at-10.54.00-1.jpeg 1600w\" sizes=\"(max-width: 300px) 100vw, 300px\" \/><\/a> <a href=\"https:\/\/blogsaverroes.juntadeandalucia.es\/colegioasensiogranados\/files\/2019\/12\/WhatsApp-Image-2019-12-04-at-10.54.00.jpeg\"><img loading=\"lazy\" decoding=\"async\" class=\"alignnone size-medium wp-image-3832\" src=\"https:\/\/blogsaverroes.juntadeandalucia.es\/colegioasensiogranados\/files\/2019\/12\/WhatsApp-Image-2019-12-04-at-10.54.00-300x225.jpeg\" alt=\"\" width=\"300\" height=\"225\" srcset=\"https:\/\/blogsaverroes.juntadeandalucia.es\/colegioasensiogranados\/files\/2019\/12\/WhatsApp-Image-2019-12-04-at-10.54.00-300x225.jpeg 300w, https:\/\/blogsaverroes.juntadeandalucia.es\/colegioasensiogranados\/files\/2019\/12\/WhatsApp-Image-2019-12-04-at-10.54.00-768x576.jpeg 768w, https:\/\/blogsaverroes.juntadeandalucia.es\/colegioasensiogranados\/files\/2019\/12\/WhatsApp-Image-2019-12-04-at-10.54.00-1024x768.jpeg 1024w, https:\/\/blogsaverroes.juntadeandalucia.es\/colegioasensiogranados\/files\/2019\/12\/WhatsApp-Image-2019-12-04-at-10.54.00-700x525.jpeg 700w, https:\/\/blogsaverroes.juntadeandalucia.es\/colegioasensiogranados\/files\/2019\/12\/WhatsApp-Image-2019-12-04-at-10.54.00-24x18.jpeg 24w, https:\/\/blogsaverroes.juntadeandalucia.es\/colegioasensiogranados\/files\/2019\/12\/WhatsApp-Image-2019-12-04-at-10.54.00-36x27.jpeg 36w, https:\/\/blogsaverroes.juntadeandalucia.es\/colegioasensiogranados\/files\/2019\/12\/WhatsApp-Image-2019-12-04-at-10.54.00-48x36.jpeg 48w, https:\/\/blogsaverroes.juntadeandalucia.es\/colegioasensiogranados\/files\/2019\/12\/WhatsApp-Image-2019-12-04-at-10.54.00.jpeg 1600w\" sizes=\"(max-width: 300px) 100vw, 300px\" \/><\/a> <a href=\"https:\/\/blogsaverroes.juntadeandalucia.es\/colegioasensiogranados\/files\/2019\/12\/WhatsApp-Image-2019-12-04-at-15.59.36.jpeg\"><img loading=\"lazy\" decoding=\"async\" class=\"alignnone size-medium wp-image-3833\" src=\"https:\/\/blogsaverroes.juntadeandalucia.es\/colegioasensiogranados\/files\/2019\/12\/WhatsApp-Image-2019-12-04-at-15.59.36-300x225.jpeg\" alt=\"\" width=\"300\" height=\"225\" srcset=\"https:\/\/blogsaverroes.juntadeandalucia.es\/colegioasensiogranados\/files\/2019\/12\/WhatsApp-Image-2019-12-04-at-15.59.36-300x225.jpeg 300w, https:\/\/blogsaverroes.juntadeandalucia.es\/colegioasensiogranados\/files\/2019\/12\/WhatsApp-Image-2019-12-04-at-15.59.36-768x576.jpeg 768w, https:\/\/blogsaverroes.juntadeandalucia.es\/colegioasensiogranados\/files\/2019\/12\/WhatsApp-Image-2019-12-04-at-15.59.36-1024x768.jpeg 1024w, https:\/\/blogsaverroes.juntadeandalucia.es\/colegioasensiogranados\/files\/2019\/12\/WhatsApp-Image-2019-12-04-at-15.59.36-700x525.jpeg 700w, https:\/\/blogsaverroes.juntadeandalucia.es\/colegioasensiogranados\/files\/2019\/12\/WhatsApp-Image-2019-12-04-at-15.59.36-24x18.jpeg 24w, https:\/\/blogsaverroes.juntadeandalucia.es\/colegioasensiogranados\/files\/2019\/12\/WhatsApp-Image-2019-12-04-at-15.59.36-36x27.jpeg 36w, https:\/\/blogsaverroes.juntadeandalucia.es\/colegioasensiogranados\/files\/2019\/12\/WhatsApp-Image-2019-12-04-at-15.59.36-48x36.jpeg 48w, https:\/\/blogsaverroes.juntadeandalucia.es\/colegioasensiogranados\/files\/2019\/12\/WhatsApp-Image-2019-12-04-at-15.59.36.jpeg 1600w\" sizes=\"(max-width: 300px) 100vw, 300px\" \/><\/a><\/p>\n<p>A NIVEL DE CENTRO.<\/p>\n<p>El d\u00eda 4 los alumnos\/as de 6\u00ba curso interpretaron con los instrumentos escolares el himno de Espa\u00f1a.<br \/>\nTambi\u00e9n alumnos\/as representantes de 5\u00ba y la clase de 6\u00ba asistieron a un pleno municipal en el Ayuntamiento. Expusieron sus propuestas de mejora para el pueblo y sus colegios. Al finalizar el pleno hubo un turno de ruegos y preguntas.<\/p>\n<p style=\"text-align: center\"><a href=\"https:\/\/blogsaverroes.juntadeandalucia.es\/colegioasensiogranados\/files\/2019\/12\/WhatsApp-Image-2019-12-15-at-19.29.24-10.jpeg\"><img loading=\"lazy\" decoding=\"async\" class=\"alignnone size-medium wp-image-3834\" src=\"https:\/\/blogsaverroes.juntadeandalucia.es\/colegioasensiogranados\/files\/2019\/12\/WhatsApp-Image-2019-12-15-at-19.29.24-10-300x225.jpeg\" alt=\"\" width=\"300\" height=\"225\" srcset=\"https:\/\/blogsaverroes.juntadeandalucia.es\/colegioasensiogranados\/files\/2019\/12\/WhatsApp-Image-2019-12-15-at-19.29.24-10-300x225.jpeg 300w, https:\/\/blogsaverroes.juntadeandalucia.es\/colegioasensiogranados\/files\/2019\/12\/WhatsApp-Image-2019-12-15-at-19.29.24-10-768x576.jpeg 768w, https:\/\/blogsaverroes.juntadeandalucia.es\/colegioasensiogranados\/files\/2019\/12\/WhatsApp-Image-2019-12-15-at-19.29.24-10-1024x768.jpeg 1024w, https:\/\/blogsaverroes.juntadeandalucia.es\/colegioasensiogranados\/files\/2019\/12\/WhatsApp-Image-2019-12-15-at-19.29.24-10-700x525.jpeg 700w, https:\/\/blogsaverroes.juntadeandalucia.es\/colegioasensiogranados\/files\/2019\/12\/WhatsApp-Image-2019-12-15-at-19.29.24-10-24x18.jpeg 24w, https:\/\/blogsaverroes.juntadeandalucia.es\/colegioasensiogranados\/files\/2019\/12\/WhatsApp-Image-2019-12-15-at-19.29.24-10-36x27.jpeg 36w, https:\/\/blogsaverroes.juntadeandalucia.es\/colegioasensiogranados\/files\/2019\/12\/WhatsApp-Image-2019-12-15-at-19.29.24-10-48x36.jpeg 48w, https:\/\/blogsaverroes.juntadeandalucia.es\/colegioasensiogranados\/files\/2019\/12\/WhatsApp-Image-2019-12-15-at-19.29.24-10.jpeg 1600w\" sizes=\"(max-width: 300px) 100vw, 300px\" \/><\/a> <a href=\"https:\/\/blogsaverroes.juntadeandalucia.es\/colegioasensiogranados\/files\/2019\/12\/WhatsApp-Image-2019-12-15-at-19.29.24-6.jpeg\"><img loading=\"lazy\" decoding=\"async\" class=\"alignnone size-medium wp-image-3835\" src=\"https:\/\/blogsaverroes.juntadeandalucia.es\/colegioasensiogranados\/files\/2019\/12\/WhatsApp-Image-2019-12-15-at-19.29.24-6-300x225.jpeg\" alt=\"\" width=\"300\" height=\"225\" srcset=\"https:\/\/blogsaverroes.juntadeandalucia.es\/colegioasensiogranados\/files\/2019\/12\/WhatsApp-Image-2019-12-15-at-19.29.24-6-300x225.jpeg 300w, https:\/\/blogsaverroes.juntadeandalucia.es\/colegioasensiogranados\/files\/2019\/12\/WhatsApp-Image-2019-12-15-at-19.29.24-6-768x576.jpeg 768w, https:\/\/blogsaverroes.juntadeandalucia.es\/colegioasensiogranados\/files\/2019\/12\/WhatsApp-Image-2019-12-15-at-19.29.24-6-1024x768.jpeg 1024w, https:\/\/blogsaverroes.juntadeandalucia.es\/colegioasensiogranados\/files\/2019\/12\/WhatsApp-Image-2019-12-15-at-19.29.24-6-700x525.jpeg 700w, https:\/\/blogsaverroes.juntadeandalucia.es\/colegioasensiogranados\/files\/2019\/12\/WhatsApp-Image-2019-12-15-at-19.29.24-6-24x18.jpeg 24w, https:\/\/blogsaverroes.juntadeandalucia.es\/colegioasensiogranados\/files\/2019\/12\/WhatsApp-Image-2019-12-15-at-19.29.24-6-36x27.jpeg 36w, https:\/\/blogsaverroes.juntadeandalucia.es\/colegioasensiogranados\/files\/2019\/12\/WhatsApp-Image-2019-12-15-at-19.29.24-6-48x36.jpeg 48w, https:\/\/blogsaverroes.juntadeandalucia.es\/colegioasensiogranados\/files\/2019\/12\/WhatsApp-Image-2019-12-15-at-19.29.24-6.jpeg 1600w\" sizes=\"(max-width: 300px) 100vw, 300px\" \/><\/a><\/p>\n","protected":false},"excerpt":{"rendered":"<p>&nbsp; &nbsp; &nbsp; Entre las actividades que hemos realizado en nuestro Centro para conmemorar el d\u00eda de la Constituci\u00f3n, est\u00e1n las siguientes: INFANTIL: Asambleas para trabajar los derechos y deberes del colegio y visionado&#46;&#46;&#46;<\/p>\n","protected":false},"author":2414,"featured_media":3823,"comment_status":"open","ping_status":"open","sticky":false,"template":"","format":"standard","meta":{"ngg_post_thumbnail":0,"footnotes":""},"categories":[410,11909],"tags":[],"aioseo_notices":[],"_links":{"self":[{"href":"https:\/\/blogsaverroes.juntadeandalucia.es\/colegioasensiogranados\/wp-json\/wp\/v2\/posts\/3821"}],"collection":[{"href":"https:\/\/blogsaverroes.juntadeandalucia.es\/colegioasensiogranados\/wp-json\/wp\/v2\/posts"}],"about":[{"href":"https:\/\/blogsaverroes.juntadeandalucia.es\/colegioasensiogranados\/wp-json\/wp\/v2\/types\/post"}],"author":[{"embeddable":true,"href":"https:\/\/blogsaverroes.juntadeandalucia.es\/colegioasensiogranados\/wp-json\/wp\/v2\/users\/2414"}],"replies":[{"embeddable":true,"href":"https:\/\/blogsaverroes.juntadeandalucia.es\/colegioasensiogranados\/wp-json\/wp\/v2\/comments?post=3821"}],"version-history":[{"count":6,"href":"https:\/\/blogsaverroes.juntadeandalucia.es\/colegioasensiogranados\/wp-json\/wp\/v2\/posts\/3821\/revisions"}],"predecessor-version":[{"id":3939,"href":"https:\/\/blogsaverroes.juntadeandalucia.es\/colegioasensiogranados\/wp-json\/wp\/v2\/posts\/3821\/revisions\/3939"}],"wp:featuredmedia":[{"embeddable":true,"href":"https:\/\/blogsaverroes.juntadeandalucia.es\/colegioasensiogranados\/wp-json\/wp\/v2\/media\/3823"}],"wp:attachment":[{"href":"https:\/\/blogsaverroes.juntadeandalucia.es\/colegioasensiogranados\/wp-json\/wp\/v2\/media?parent=3821"}],"wp:term":[{"taxonomy":"category","embeddable":true,"href":"https:\/\/blogsaverroes.juntadeandalucia.es\/colegioasensiogranados\/wp-json\/wp\/v2\/categories?post=3821"},{"taxonomy":"post_tag","embeddable":true,"href":"https:\/\/blogsaverroes.juntadeandalucia.es\/colegioasensiogranados\/wp-json\/wp\/v2\/tags?post=3821"}],"curies":[{"name":"wp","href":"https:\/\/api.w.org\/{rel}","templated":true}]}}