{"id":4671,"date":"2020-11-20T13:56:10","date_gmt":"2020-11-20T13:56:10","guid":{"rendered":"https:\/\/blogsaverroes.juntadeandalucia.es\/colegioasensiogranados\/?p=4671"},"modified":"2020-11-22T13:57:28","modified_gmt":"2020-11-22T13:57:28","slug":"dia-de-los-derechos-de-los-ninos-as","status":"publish","type":"post","link":"https:\/\/blogsaverroes.juntadeandalucia.es\/colegioasensiogranados\/2020\/11\/20\/dia-de-los-derechos-de-los-ninos-as\/","title":{"rendered":"D\u00cdA DE LOS DERECHOS DE LOS NI\u00d1OS\/AS"},"content":{"rendered":"<p style=\"text-align: justify\">&nbsp; &nbsp; &nbsp; &nbsp; &nbsp;Con motivo de la celebraci\u00f3n del \u201cD\u00eda de los derechos de los ni\u00f1os\u201d o \u201cD\u00eda internacional de la Infancia\u201d el alumnado del primer ciclo de Educaci\u00f3n Primaria (1\u00ba y 2\u00ba) hemos trabajado varias actividades en las cuales a trav\u00e9s de v\u00eddeos, debates y manualidades hemos conocido y concienciado al alumnado, entre otras muchas cosas, sobre la situaci\u00f3n de los ni\u00f1os m\u00e1s desfavorecidos, la lucha por la defensa de los derechos de todos los ni\u00f1os, el a\u00f1o en el que se firm\u00f3 la declaraci\u00f3n&nbsp; de los derechos de los ni\u00f1os y los pa\u00edses comprometidos con la causa, los deberes que tienen los mayores para proteger y defender los derechos de los m\u00e1s peque\u00f1os y por su puesto hemos trabajado y hablado sobre algunos de los derechos de los ni\u00f1os como, por ejemplo, el derecho a una educaci\u00f3n de calidad, a no ser discriminados por ning\u00fan motivo, a tener una vida saludable, la protecci\u00f3n contra la violencia y cualquier tipo de abuso, entre otros. Como actividad de culminaci\u00f3n, el alumnado del primer ciclo ha elaborado un cartel y han escrito en peque\u00f1as cartulinas algunos de estos derechos.<\/p>\n<p style=\"text-align: right\">Ana Fern\u00e1ndez (tutora de 2\u00ba de Primaria)<\/p>\n<p>V\u00cdDEOS:<\/p>\n<p><a href=\"https:\/\/www.youtube.com\/watch?v=rApULMPWQIU\">https:\/\/www.youtube.com\/watch?v=rApULMPWQIU<\/a><\/p>\n<p><a href=\"https:\/\/www.youtube.com\/watch?v=bRgj-Hz8dWQ\">https:\/\/www.youtube.com\/watch?v=bRgj-Hz8dWQ<\/a><\/p>\n<p style=\"text-align: center\"><img loading=\"lazy\" decoding=\"async\" class=\"alignnone wp-image-4672 size-large\" src=\"https:\/\/blogsaverroes.juntadeandalucia.es\/colegioasensiogranados\/files\/2020\/11\/IMG_20201119_135256-1024x768.jpg\" alt=\"\" width=\"660\" height=\"495\" srcset=\"https:\/\/blogsaverroes.juntadeandalucia.es\/colegioasensiogranados\/files\/2020\/11\/IMG_20201119_135256-1024x768.jpg 1024w, https:\/\/blogsaverroes.juntadeandalucia.es\/colegioasensiogranados\/files\/2020\/11\/IMG_20201119_135256-300x225.jpg 300w, https:\/\/blogsaverroes.juntadeandalucia.es\/colegioasensiogranados\/files\/2020\/11\/IMG_20201119_135256-768x576.jpg 768w, https:\/\/blogsaverroes.juntadeandalucia.es\/colegioasensiogranados\/files\/2020\/11\/IMG_20201119_135256-1536x1152.jpg 1536w, https:\/\/blogsaverroes.juntadeandalucia.es\/colegioasensiogranados\/files\/2020\/11\/IMG_20201119_135256-2048x1536.jpg 2048w, https:\/\/blogsaverroes.juntadeandalucia.es\/colegioasensiogranados\/files\/2020\/11\/IMG_20201119_135256-700x525.jpg 700w, https:\/\/blogsaverroes.juntadeandalucia.es\/colegioasensiogranados\/files\/2020\/11\/IMG_20201119_135256-24x18.jpg 24w, https:\/\/blogsaverroes.juntadeandalucia.es\/colegioasensiogranados\/files\/2020\/11\/IMG_20201119_135256-36x27.jpg 36w, https:\/\/blogsaverroes.juntadeandalucia.es\/colegioasensiogranados\/files\/2020\/11\/IMG_20201119_135256-48x36.jpg 48w, https:\/\/blogsaverroes.juntadeandalucia.es\/colegioasensiogranados\/files\/2020\/11\/IMG_20201119_135256-scaled.jpg 1600w\" sizes=\"(max-width: 660px) 100vw, 660px\" \/> <img loading=\"lazy\" decoding=\"async\" class=\"alignnone wp-image-4673 size-large\" src=\"https:\/\/blogsaverroes.juntadeandalucia.es\/colegioasensiogranados\/files\/2020\/11\/IMG_20201119_120904-1024x768.jpg\" alt=\"\" width=\"660\" height=\"495\" srcset=\"https:\/\/blogsaverroes.juntadeandalucia.es\/colegioasensiogranados\/files\/2020\/11\/IMG_20201119_120904-1024x768.jpg 1024w, https:\/\/blogsaverroes.juntadeandalucia.es\/colegioasensiogranados\/files\/2020\/11\/IMG_20201119_120904-300x225.jpg 300w, https:\/\/blogsaverroes.juntadeandalucia.es\/colegioasensiogranados\/files\/2020\/11\/IMG_20201119_120904-768x576.jpg 768w, https:\/\/blogsaverroes.juntadeandalucia.es\/colegioasensiogranados\/files\/2020\/11\/IMG_20201119_120904-1536x1152.jpg 1536w, https:\/\/blogsaverroes.juntadeandalucia.es\/colegioasensiogranados\/files\/2020\/11\/IMG_20201119_120904-2048x1536.jpg 2048w, https:\/\/blogsaverroes.juntadeandalucia.es\/colegioasensiogranados\/files\/2020\/11\/IMG_20201119_120904-700x525.jpg 700w, https:\/\/blogsaverroes.juntadeandalucia.es\/colegioasensiogranados\/files\/2020\/11\/IMG_20201119_120904-24x18.jpg 24w, https:\/\/blogsaverroes.juntadeandalucia.es\/colegioasensiogranados\/files\/2020\/11\/IMG_20201119_120904-36x27.jpg 36w, https:\/\/blogsaverroes.juntadeandalucia.es\/colegioasensiogranados\/files\/2020\/11\/IMG_20201119_120904-48x36.jpg 48w, https:\/\/blogsaverroes.juntadeandalucia.es\/colegioasensiogranados\/files\/2020\/11\/IMG_20201119_120904-scaled.jpg 1600w\" sizes=\"(max-width: 660px) 100vw, 660px\" \/> <img loading=\"lazy\" decoding=\"async\" class=\"alignnone wp-image-4674 size-large\" src=\"https:\/\/blogsaverroes.juntadeandalucia.es\/colegioasensiogranados\/files\/2020\/11\/IMG_20201119_110136-1024x768.jpg\" alt=\"\" width=\"660\" height=\"495\" srcset=\"https:\/\/blogsaverroes.juntadeandalucia.es\/colegioasensiogranados\/files\/2020\/11\/IMG_20201119_110136-1024x768.jpg 1024w, https:\/\/blogsaverroes.juntadeandalucia.es\/colegioasensiogranados\/files\/2020\/11\/IMG_20201119_110136-300x225.jpg 300w, https:\/\/blogsaverroes.juntadeandalucia.es\/colegioasensiogranados\/files\/2020\/11\/IMG_20201119_110136-768x576.jpg 768w, https:\/\/blogsaverroes.juntadeandalucia.es\/colegioasensiogranados\/files\/2020\/11\/IMG_20201119_110136-1536x1152.jpg 1536w, https:\/\/blogsaverroes.juntadeandalucia.es\/colegioasensiogranados\/files\/2020\/11\/IMG_20201119_110136-2048x1536.jpg 2048w, https:\/\/blogsaverroes.juntadeandalucia.es\/colegioasensiogranados\/files\/2020\/11\/IMG_20201119_110136-700x525.jpg 700w, https:\/\/blogsaverroes.juntadeandalucia.es\/colegioasensiogranados\/files\/2020\/11\/IMG_20201119_110136-24x18.jpg 24w, https:\/\/blogsaverroes.juntadeandalucia.es\/colegioasensiogranados\/files\/2020\/11\/IMG_20201119_110136-36x27.jpg 36w, https:\/\/blogsaverroes.juntadeandalucia.es\/colegioasensiogranados\/files\/2020\/11\/IMG_20201119_110136-48x36.jpg 48w, https:\/\/blogsaverroes.juntadeandalucia.es\/colegioasensiogranados\/files\/2020\/11\/IMG_20201119_110136-scaled.jpg 1600w\" sizes=\"(max-width: 660px) 100vw, 660px\" \/> <img loading=\"lazy\" decoding=\"async\" class=\"alignnone wp-image-4675 size-large\" src=\"https:\/\/blogsaverroes.juntadeandalucia.es\/colegioasensiogranados\/files\/2020\/11\/IMG_20201119_110002-1024x768.jpg\" alt=\"\" width=\"660\" height=\"495\" srcset=\"https:\/\/blogsaverroes.juntadeandalucia.es\/colegioasensiogranados\/files\/2020\/11\/IMG_20201119_110002-1024x768.jpg 1024w, https:\/\/blogsaverroes.juntadeandalucia.es\/colegioasensiogranados\/files\/2020\/11\/IMG_20201119_110002-300x225.jpg 300w, https:\/\/blogsaverroes.juntadeandalucia.es\/colegioasensiogranados\/files\/2020\/11\/IMG_20201119_110002-768x576.jpg 768w, https:\/\/blogsaverroes.juntadeandalucia.es\/colegioasensiogranados\/files\/2020\/11\/IMG_20201119_110002-1536x1152.jpg 1536w, https:\/\/blogsaverroes.juntadeandalucia.es\/colegioasensiogranados\/files\/2020\/11\/IMG_20201119_110002-2048x1536.jpg 2048w, https:\/\/blogsaverroes.juntadeandalucia.es\/colegioasensiogranados\/files\/2020\/11\/IMG_20201119_110002-700x525.jpg 700w, https:\/\/blogsaverroes.juntadeandalucia.es\/colegioasensiogranados\/files\/2020\/11\/IMG_20201119_110002-24x18.jpg 24w, https:\/\/blogsaverroes.juntadeandalucia.es\/colegioasensiogranados\/files\/2020\/11\/IMG_20201119_110002-36x27.jpg 36w, https:\/\/blogsaverroes.juntadeandalucia.es\/colegioasensiogranados\/files\/2020\/11\/IMG_20201119_110002-48x36.jpg 48w, https:\/\/blogsaverroes.juntadeandalucia.es\/colegioasensiogranados\/files\/2020\/11\/IMG_20201119_110002-scaled.jpg 1600w\" sizes=\"(max-width: 660px) 100vw, 660px\" \/> <img loading=\"lazy\" decoding=\"async\" class=\"alignnone wp-image-4676 size-large\" src=\"https:\/\/blogsaverroes.juntadeandalucia.es\/colegioasensiogranados\/files\/2020\/11\/IMG_20201119_110041-1024x768.jpg\" alt=\"\" width=\"660\" height=\"495\" srcset=\"https:\/\/blogsaverroes.juntadeandalucia.es\/colegioasensiogranados\/files\/2020\/11\/IMG_20201119_110041-1024x768.jpg 1024w, https:\/\/blogsaverroes.juntadeandalucia.es\/colegioasensiogranados\/files\/2020\/11\/IMG_20201119_110041-300x225.jpg 300w, https:\/\/blogsaverroes.juntadeandalucia.es\/colegioasensiogranados\/files\/2020\/11\/IMG_20201119_110041-768x576.jpg 768w, https:\/\/blogsaverroes.juntadeandalucia.es\/colegioasensiogranados\/files\/2020\/11\/IMG_20201119_110041-1536x1152.jpg 1536w, https:\/\/blogsaverroes.juntadeandalucia.es\/colegioasensiogranados\/files\/2020\/11\/IMG_20201119_110041-2048x1536.jpg 2048w, https:\/\/blogsaverroes.juntadeandalucia.es\/colegioasensiogranados\/files\/2020\/11\/IMG_20201119_110041-700x525.jpg 700w, https:\/\/blogsaverroes.juntadeandalucia.es\/colegioasensiogranados\/files\/2020\/11\/IMG_20201119_110041-24x18.jpg 24w, https:\/\/blogsaverroes.juntadeandalucia.es\/colegioasensiogranados\/files\/2020\/11\/IMG_20201119_110041-36x27.jpg 36w, https:\/\/blogsaverroes.juntadeandalucia.es\/colegioasensiogranados\/files\/2020\/11\/IMG_20201119_110041-48x36.jpg 48w, https:\/\/blogsaverroes.juntadeandalucia.es\/colegioasensiogranados\/files\/2020\/11\/IMG_20201119_110041-scaled.jpg 1600w\" sizes=\"(max-width: 660px) 100vw, 660px\" \/> <img loading=\"lazy\" decoding=\"async\" class=\"alignnone wp-image-4677 size-large\" src=\"https:\/\/blogsaverroes.juntadeandalucia.es\/colegioasensiogranados\/files\/2020\/11\/IMG_20201119_105910-1024x768.jpg\" alt=\"\" width=\"660\" height=\"495\" srcset=\"https:\/\/blogsaverroes.juntadeandalucia.es\/colegioasensiogranados\/files\/2020\/11\/IMG_20201119_105910-1024x768.jpg 1024w, https:\/\/blogsaverroes.juntadeandalucia.es\/colegioasensiogranados\/files\/2020\/11\/IMG_20201119_105910-300x225.jpg 300w, https:\/\/blogsaverroes.juntadeandalucia.es\/colegioasensiogranados\/files\/2020\/11\/IMG_20201119_105910-768x576.jpg 768w, https:\/\/blogsaverroes.juntadeandalucia.es\/colegioasensiogranados\/files\/2020\/11\/IMG_20201119_105910-1536x1152.jpg 1536w, https:\/\/blogsaverroes.juntadeandalucia.es\/colegioasensiogranados\/files\/2020\/11\/IMG_20201119_105910-2048x1536.jpg 2048w, https:\/\/blogsaverroes.juntadeandalucia.es\/colegioasensiogranados\/files\/2020\/11\/IMG_20201119_105910-700x525.jpg 700w, https:\/\/blogsaverroes.juntadeandalucia.es\/colegioasensiogranados\/files\/2020\/11\/IMG_20201119_105910-24x18.jpg 24w, https:\/\/blogsaverroes.juntadeandalucia.es\/colegioasensiogranados\/files\/2020\/11\/IMG_20201119_105910-36x27.jpg 36w, https:\/\/blogsaverroes.juntadeandalucia.es\/colegioasensiogranados\/files\/2020\/11\/IMG_20201119_105910-48x36.jpg 48w, https:\/\/blogsaverroes.juntadeandalucia.es\/colegioasensiogranados\/files\/2020\/11\/IMG_20201119_105910-scaled.jpg 1600w\" sizes=\"(max-width: 660px) 100vw, 660px\" \/> <img loading=\"lazy\" decoding=\"async\" class=\"alignnone wp-image-4678 size-large\" src=\"https:\/\/blogsaverroes.juntadeandalucia.es\/colegioasensiogranados\/files\/2020\/11\/IMG_20201119_105854-1024x768.jpg\" alt=\"\" width=\"660\" height=\"495\" srcset=\"https:\/\/blogsaverroes.juntadeandalucia.es\/colegioasensiogranados\/files\/2020\/11\/IMG_20201119_105854-1024x768.jpg 1024w, https:\/\/blogsaverroes.juntadeandalucia.es\/colegioasensiogranados\/files\/2020\/11\/IMG_20201119_105854-300x225.jpg 300w, https:\/\/blogsaverroes.juntadeandalucia.es\/colegioasensiogranados\/files\/2020\/11\/IMG_20201119_105854-768x576.jpg 768w, https:\/\/blogsaverroes.juntadeandalucia.es\/colegioasensiogranados\/files\/2020\/11\/IMG_20201119_105854-1536x1152.jpg 1536w, https:\/\/blogsaverroes.juntadeandalucia.es\/colegioasensiogranados\/files\/2020\/11\/IMG_20201119_105854-2048x1536.jpg 2048w, https:\/\/blogsaverroes.juntadeandalucia.es\/colegioasensiogranados\/files\/2020\/11\/IMG_20201119_105854-700x525.jpg 700w, https:\/\/blogsaverroes.juntadeandalucia.es\/colegioasensiogranados\/files\/2020\/11\/IMG_20201119_105854-24x18.jpg 24w, https:\/\/blogsaverroes.juntadeandalucia.es\/colegioasensiogranados\/files\/2020\/11\/IMG_20201119_105854-36x27.jpg 36w, https:\/\/blogsaverroes.juntadeandalucia.es\/colegioasensiogranados\/files\/2020\/11\/IMG_20201119_105854-48x36.jpg 48w, https:\/\/blogsaverroes.juntadeandalucia.es\/colegioasensiogranados\/files\/2020\/11\/IMG_20201119_105854-scaled.jpg 1600w\" sizes=\"(max-width: 660px) 100vw, 660px\" \/> <img loading=\"lazy\" decoding=\"async\" class=\"alignnone wp-image-4679 size-large\" src=\"https:\/\/blogsaverroes.juntadeandalucia.es\/colegioasensiogranados\/files\/2020\/11\/IMG_20201119_105200-1024x768.jpg\" alt=\"\" width=\"660\" height=\"495\" srcset=\"https:\/\/blogsaverroes.juntadeandalucia.es\/colegioasensiogranados\/files\/2020\/11\/IMG_20201119_105200-1024x768.jpg 1024w, https:\/\/blogsaverroes.juntadeandalucia.es\/colegioasensiogranados\/files\/2020\/11\/IMG_20201119_105200-300x225.jpg 300w, https:\/\/blogsaverroes.juntadeandalucia.es\/colegioasensiogranados\/files\/2020\/11\/IMG_20201119_105200-768x576.jpg 768w, https:\/\/blogsaverroes.juntadeandalucia.es\/colegioasensiogranados\/files\/2020\/11\/IMG_20201119_105200-1536x1152.jpg 1536w, https:\/\/blogsaverroes.juntadeandalucia.es\/colegioasensiogranados\/files\/2020\/11\/IMG_20201119_105200-2048x1536.jpg 2048w, https:\/\/blogsaverroes.juntadeandalucia.es\/colegioasensiogranados\/files\/2020\/11\/IMG_20201119_105200-700x525.jpg 700w, https:\/\/blogsaverroes.juntadeandalucia.es\/colegioasensiogranados\/files\/2020\/11\/IMG_20201119_105200-24x18.jpg 24w, https:\/\/blogsaverroes.juntadeandalucia.es\/colegioasensiogranados\/files\/2020\/11\/IMG_20201119_105200-36x27.jpg 36w, https:\/\/blogsaverroes.juntadeandalucia.es\/colegioasensiogranados\/files\/2020\/11\/IMG_20201119_105200-48x36.jpg 48w, https:\/\/blogsaverroes.juntadeandalucia.es\/colegioasensiogranados\/files\/2020\/11\/IMG_20201119_105200-scaled.jpg 1600w\" sizes=\"(max-width: 660px) 100vw, 660px\" \/> <img loading=\"lazy\" decoding=\"async\" class=\"alignnone wp-image-4680 size-large\" src=\"https:\/\/blogsaverroes.juntadeandalucia.es\/colegioasensiogranados\/files\/2020\/11\/IMG_20201119_105152-1024x768.jpg\" alt=\"\" width=\"660\" height=\"495\" srcset=\"https:\/\/blogsaverroes.juntadeandalucia.es\/colegioasensiogranados\/files\/2020\/11\/IMG_20201119_105152-1024x768.jpg 1024w, https:\/\/blogsaverroes.juntadeandalucia.es\/colegioasensiogranados\/files\/2020\/11\/IMG_20201119_105152-300x225.jpg 300w, https:\/\/blogsaverroes.juntadeandalucia.es\/colegioasensiogranados\/files\/2020\/11\/IMG_20201119_105152-768x576.jpg 768w, https:\/\/blogsaverroes.juntadeandalucia.es\/colegioasensiogranados\/files\/2020\/11\/IMG_20201119_105152-1536x1152.jpg 1536w, https:\/\/blogsaverroes.juntadeandalucia.es\/colegioasensiogranados\/files\/2020\/11\/IMG_20201119_105152-2048x1536.jpg 2048w, https:\/\/blogsaverroes.juntadeandalucia.es\/colegioasensiogranados\/files\/2020\/11\/IMG_20201119_105152-700x525.jpg 700w, https:\/\/blogsaverroes.juntadeandalucia.es\/colegioasensiogranados\/files\/2020\/11\/IMG_20201119_105152-24x18.jpg 24w, https:\/\/blogsaverroes.juntadeandalucia.es\/colegioasensiogranados\/files\/2020\/11\/IMG_20201119_105152-36x27.jpg 36w, https:\/\/blogsaverroes.juntadeandalucia.es\/colegioasensiogranados\/files\/2020\/11\/IMG_20201119_105152-48x36.jpg 48w, https:\/\/blogsaverroes.juntadeandalucia.es\/colegioasensiogranados\/files\/2020\/11\/IMG_20201119_105152-scaled.jpg 1600w\" sizes=\"(max-width: 660px) 100vw, 660px\" \/> <img loading=\"lazy\" decoding=\"async\" class=\"alignnone wp-image-4681 size-large\" src=\"https:\/\/blogsaverroes.juntadeandalucia.es\/colegioasensiogranados\/files\/2020\/11\/IMG_20201119_103925-1024x768.jpg\" alt=\"\" width=\"660\" height=\"495\" srcset=\"https:\/\/blogsaverroes.juntadeandalucia.es\/colegioasensiogranados\/files\/2020\/11\/IMG_20201119_103925-1024x768.jpg 1024w, https:\/\/blogsaverroes.juntadeandalucia.es\/colegioasensiogranados\/files\/2020\/11\/IMG_20201119_103925-300x225.jpg 300w, https:\/\/blogsaverroes.juntadeandalucia.es\/colegioasensiogranados\/files\/2020\/11\/IMG_20201119_103925-768x576.jpg 768w, https:\/\/blogsaverroes.juntadeandalucia.es\/colegioasensiogranados\/files\/2020\/11\/IMG_20201119_103925-1536x1152.jpg 1536w, https:\/\/blogsaverroes.juntadeandalucia.es\/colegioasensiogranados\/files\/2020\/11\/IMG_20201119_103925-2048x1536.jpg 2048w, https:\/\/blogsaverroes.juntadeandalucia.es\/colegioasensiogranados\/files\/2020\/11\/IMG_20201119_103925-700x525.jpg 700w, https:\/\/blogsaverroes.juntadeandalucia.es\/colegioasensiogranados\/files\/2020\/11\/IMG_20201119_103925-24x18.jpg 24w, https:\/\/blogsaverroes.juntadeandalucia.es\/colegioasensiogranados\/files\/2020\/11\/IMG_20201119_103925-36x27.jpg 36w, https:\/\/blogsaverroes.juntadeandalucia.es\/colegioasensiogranados\/files\/2020\/11\/IMG_20201119_103925-48x36.jpg 48w, https:\/\/blogsaverroes.juntadeandalucia.es\/colegioasensiogranados\/files\/2020\/11\/IMG_20201119_103925-scaled.jpg 1600w\" sizes=\"(max-width: 660px) 100vw, 660px\" \/> <img loading=\"lazy\" decoding=\"async\" class=\"alignnone wp-image-4682 size-large\" src=\"https:\/\/blogsaverroes.juntadeandalucia.es\/colegioasensiogranados\/files\/2020\/11\/IMG-20201119-WA0005-1024x768.jpg\" alt=\"\" width=\"660\" height=\"495\" srcset=\"https:\/\/blogsaverroes.juntadeandalucia.es\/colegioasensiogranados\/files\/2020\/11\/IMG-20201119-WA0005-1024x768.jpg 1024w, https:\/\/blogsaverroes.juntadeandalucia.es\/colegioasensiogranados\/files\/2020\/11\/IMG-20201119-WA0005-300x225.jpg 300w, https:\/\/blogsaverroes.juntadeandalucia.es\/colegioasensiogranados\/files\/2020\/11\/IMG-20201119-WA0005-768x576.jpg 768w, https:\/\/blogsaverroes.juntadeandalucia.es\/colegioasensiogranados\/files\/2020\/11\/IMG-20201119-WA0005-1536x1152.jpg 1536w, https:\/\/blogsaverroes.juntadeandalucia.es\/colegioasensiogranados\/files\/2020\/11\/IMG-20201119-WA0005-700x525.jpg 700w, https:\/\/blogsaverroes.juntadeandalucia.es\/colegioasensiogranados\/files\/2020\/11\/IMG-20201119-WA0005-24x18.jpg 24w, https:\/\/blogsaverroes.juntadeandalucia.es\/colegioasensiogranados\/files\/2020\/11\/IMG-20201119-WA0005-36x27.jpg 36w, https:\/\/blogsaverroes.juntadeandalucia.es\/colegioasensiogranados\/files\/2020\/11\/IMG-20201119-WA0005-48x36.jpg 48w, https:\/\/blogsaverroes.juntadeandalucia.es\/colegioasensiogranados\/files\/2020\/11\/IMG-20201119-WA0005.jpg 1600w\" sizes=\"(max-width: 660px) 100vw, 660px\" \/> <img loading=\"lazy\" decoding=\"async\" class=\"alignnone wp-image-4683 size-large\" src=\"https:\/\/blogsaverroes.juntadeandalucia.es\/colegioasensiogranados\/files\/2020\/11\/IMG-20201119-WA0007-1024x768.jpg\" alt=\"\" width=\"660\" height=\"495\" srcset=\"https:\/\/blogsaverroes.juntadeandalucia.es\/colegioasensiogranados\/files\/2020\/11\/IMG-20201119-WA0007-1024x768.jpg 1024w, https:\/\/blogsaverroes.juntadeandalucia.es\/colegioasensiogranados\/files\/2020\/11\/IMG-20201119-WA0007-300x225.jpg 300w, https:\/\/blogsaverroes.juntadeandalucia.es\/colegioasensiogranados\/files\/2020\/11\/IMG-20201119-WA0007-768x576.jpg 768w, https:\/\/blogsaverroes.juntadeandalucia.es\/colegioasensiogranados\/files\/2020\/11\/IMG-20201119-WA0007-1536x1152.jpg 1536w, https:\/\/blogsaverroes.juntadeandalucia.es\/colegioasensiogranados\/files\/2020\/11\/IMG-20201119-WA0007-700x525.jpg 700w, https:\/\/blogsaverroes.juntadeandalucia.es\/colegioasensiogranados\/files\/2020\/11\/IMG-20201119-WA0007-24x18.jpg 24w, https:\/\/blogsaverroes.juntadeandalucia.es\/colegioasensiogranados\/files\/2020\/11\/IMG-20201119-WA0007-36x27.jpg 36w, https:\/\/blogsaverroes.juntadeandalucia.es\/colegioasensiogranados\/files\/2020\/11\/IMG-20201119-WA0007-48x36.jpg 48w, https:\/\/blogsaverroes.juntadeandalucia.es\/colegioasensiogranados\/files\/2020\/11\/IMG-20201119-WA0007.jpg 1600w\" sizes=\"(max-width: 660px) 100vw, 660px\" \/><\/p>\n","protected":false},"excerpt":{"rendered":"<p>&nbsp; &nbsp; &nbsp; &nbsp; &nbsp;Con motivo de la celebraci\u00f3n del \u201cD\u00eda de los derechos de los ni\u00f1os\u201d o \u201cD\u00eda internacional de la Infancia\u201d el alumnado del primer ciclo de Educaci\u00f3n Primaria (1\u00ba y 2\u00ba)&#46;&#46;&#46;<\/p>\n","protected":false},"author":2414,"featured_media":4684,"comment_status":"open","ping_status":"open","sticky":false,"template":"","format":"standard","meta":{"ngg_post_thumbnail":0,"footnotes":""},"categories":[11909],"tags":[],"aioseo_notices":[],"_links":{"self":[{"href":"https:\/\/blogsaverroes.juntadeandalucia.es\/colegioasensiogranados\/wp-json\/wp\/v2\/posts\/4671"}],"collection":[{"href":"https:\/\/blogsaverroes.juntadeandalucia.es\/colegioasensiogranados\/wp-json\/wp\/v2\/posts"}],"about":[{"href":"https:\/\/blogsaverroes.juntadeandalucia.es\/colegioasensiogranados\/wp-json\/wp\/v2\/types\/post"}],"author":[{"embeddable":true,"href":"https:\/\/blogsaverroes.juntadeandalucia.es\/colegioasensiogranados\/wp-json\/wp\/v2\/users\/2414"}],"replies":[{"embeddable":true,"href":"https:\/\/blogsaverroes.juntadeandalucia.es\/colegioasensiogranados\/wp-json\/wp\/v2\/comments?post=4671"}],"version-history":[{"count":1,"href":"https:\/\/blogsaverroes.juntadeandalucia.es\/colegioasensiogranados\/wp-json\/wp\/v2\/posts\/4671\/revisions"}],"predecessor-version":[{"id":4685,"href":"https:\/\/blogsaverroes.juntadeandalucia.es\/colegioasensiogranados\/wp-json\/wp\/v2\/posts\/4671\/revisions\/4685"}],"wp:featuredmedia":[{"embeddable":true,"href":"https:\/\/blogsaverroes.juntadeandalucia.es\/colegioasensiogranados\/wp-json\/wp\/v2\/media\/4684"}],"wp:attachment":[{"href":"https:\/\/blogsaverroes.juntadeandalucia.es\/colegioasensiogranados\/wp-json\/wp\/v2\/media?parent=4671"}],"wp:term":[{"taxonomy":"category","embeddable":true,"href":"https:\/\/blogsaverroes.juntadeandalucia.es\/colegioasensiogranados\/wp-json\/wp\/v2\/categories?post=4671"},{"taxonomy":"post_tag","embeddable":true,"href":"https:\/\/blogsaverroes.juntadeandalucia.es\/colegioasensiogranados\/wp-json\/wp\/v2\/tags?post=4671"}],"curies":[{"name":"wp","href":"https:\/\/api.w.org\/{rel}","templated":true}]}}