{"id":5027,"date":"2021-03-08T15:40:09","date_gmt":"2021-03-08T15:40:09","guid":{"rendered":"https:\/\/blogsaverroes.juntadeandalucia.es\/colegioasensiogranados\/?p=5027"},"modified":"2021-03-12T16:26:36","modified_gmt":"2021-03-12T16:26:36","slug":"dia-internacional-de-la-mujer-5","status":"publish","type":"post","link":"https:\/\/blogsaverroes.juntadeandalucia.es\/colegioasensiogranados\/2021\/03\/08\/dia-internacional-de-la-mujer-5\/","title":{"rendered":"D\u00cdA INTERNACIONAL DE LA MUJER"},"content":{"rendered":"<p style=\"text-align: center\"><img loading=\"lazy\" decoding=\"async\" class=\"alignnone wp-image-5044 size-full\" src=\"https:\/\/blogsaverroes.juntadeandalucia.es\/colegioasensiogranados\/files\/2021\/03\/DIA-MUJER-TRABAJADORA-PAMESA.jpg\" alt=\"\" width=\"648\" height=\"397\" srcset=\"https:\/\/blogsaverroes.juntadeandalucia.es\/colegioasensiogranados\/files\/2021\/03\/DIA-MUJER-TRABAJADORA-PAMESA.jpg 648w, https:\/\/blogsaverroes.juntadeandalucia.es\/colegioasensiogranados\/files\/2021\/03\/DIA-MUJER-TRABAJADORA-PAMESA-300x184.jpg 300w, https:\/\/blogsaverroes.juntadeandalucia.es\/colegioasensiogranados\/files\/2021\/03\/DIA-MUJER-TRABAJADORA-PAMESA-268x164.jpg 268w\" sizes=\"(max-width: 648px) 100vw, 648px\" \/><\/p>\n<p style=\"text-align: justify\">&nbsp; &nbsp; &nbsp; Como cada 8 de marzo, en nuestro Centro celebramos el <span style=\"color: #6c21ad\"><span style=\"color: #8030ab\"><strong>D\u00cdA INTERNACIONAL DE LA MUJER TRABAJADORA<\/strong><\/span>.<\/span> Nuestro objetivo principal es fomentar y crear en nuestro alumnado la conciencia de igualdad social entre hombres y mujeres, especialmente en los tiempos en los que vivimos.<img loading=\"lazy\" decoding=\"async\" class=\"aligncenter wp-image-5032 size-medium\" src=\"https:\/\/blogsaverroes.juntadeandalucia.es\/colegioasensiogranados\/files\/2021\/03\/MujeresMotivadoras-1-294x300.jpg\" alt=\"\" width=\"294\" height=\"300\" srcset=\"https:\/\/blogsaverroes.juntadeandalucia.es\/colegioasensiogranados\/files\/2021\/03\/MujeresMotivadoras-1-294x300.jpg 294w, https:\/\/blogsaverroes.juntadeandalucia.es\/colegioasensiogranados\/files\/2021\/03\/MujeresMotivadoras-1.jpg 564w\" sizes=\"(max-width: 294px) 100vw, 294px\" \/><\/p>\n<p style=\"text-align: justify\">Para tal fin, hemos trabajado distintas actividades dirigidas a potenciar en los ni\u00f1os\/as valores, actitudes y cualidades de la mujer, siempre desde la perspectiva de la igualdad. Entre ellas, el alumnado de cuarto curso lo ha celebrado a trav\u00e9s de una actividad creativa en la cual han resaltado el valor de la figura femenina en nuestra sociedad. Se ha dibujado la silueta de una mujer y dentro de su cabello, las alumnas y alumnos han plasmado adjetivos positivos que las identifican, con distintos tipos de graf\u00edas, tama\u00f1os y colores. <span style=\"color: #9000ff\">BELLA, INTELIGENTE, LUCHADORA, CARI\u00d1OSA, CREATIVA, GUERRERA, SABIA, CULTA, SO\u00d1ADORA, SENSIBLE, FUERTE, SIMP\u00c1TICA, PACIENTE, PODEROSA, SOLIDARIA, CUIDADOSA\u2026.<\/span>Todos estos adjetivos les ha hecho reflexionar y recordarles el esfuerzo y el trabajo que las mujeres han desarrollado a lo largo del tiempo para conseguir los derechos de los que hoy podemos disfrutar en nuestra sociedad. Adem\u00e1s, hemos sido conscientes que hay a\u00fan lugares en el mundo en los cuales, por desgracia, las mujeres siguen demandando derechos b\u00e1sicos como es el acceso a la educaci\u00f3n, la cultura, el trabajo y la pol\u00edtica, entre otros.<\/p>\n<p><img loading=\"lazy\" decoding=\"async\" class=\"alignnone wp-image-5040 size-full\" src=\"https:\/\/blogsaverroes.juntadeandalucia.es\/colegioasensiogranados\/files\/2021\/03\/mujer1.jpg\" alt=\"\" width=\"853\" height=\"746\" srcset=\"https:\/\/blogsaverroes.juntadeandalucia.es\/colegioasensiogranados\/files\/2021\/03\/mujer1.jpg 853w, https:\/\/blogsaverroes.juntadeandalucia.es\/colegioasensiogranados\/files\/2021\/03\/mujer1-300x262.jpg 300w, https:\/\/blogsaverroes.juntadeandalucia.es\/colegioasensiogranados\/files\/2021\/03\/mujer1-768x672.jpg 768w, https:\/\/blogsaverroes.juntadeandalucia.es\/colegioasensiogranados\/files\/2021\/03\/mujer1-700x612.jpg 700w\" sizes=\"(max-width: 853px) 100vw, 853px\" \/><\/p>\n<p><img loading=\"lazy\" decoding=\"async\" class=\"alignnone wp-image-5041 size-full\" src=\"https:\/\/blogsaverroes.juntadeandalucia.es\/colegioasensiogranados\/files\/2021\/03\/mujer2.jpg\" alt=\"\" width=\"941\" height=\"706\" srcset=\"https:\/\/blogsaverroes.juntadeandalucia.es\/colegioasensiogranados\/files\/2021\/03\/mujer2.jpg 941w, https:\/\/blogsaverroes.juntadeandalucia.es\/colegioasensiogranados\/files\/2021\/03\/mujer2-300x225.jpg 300w, https:\/\/blogsaverroes.juntadeandalucia.es\/colegioasensiogranados\/files\/2021\/03\/mujer2-768x576.jpg 768w, https:\/\/blogsaverroes.juntadeandalucia.es\/colegioasensiogranados\/files\/2021\/03\/mujer2-700x525.jpg 700w\" sizes=\"(max-width: 941px) 100vw, 941px\" \/><\/p>\n<p><img loading=\"lazy\" decoding=\"async\" class=\"alignnone wp-image-5029 size-full\" src=\"https:\/\/blogsaverroes.juntadeandalucia.es\/colegioasensiogranados\/files\/2021\/03\/WhatsApp-Image-2021-03-08-at-11.33.05.jpeg\" alt=\"\" width=\"1600\" height=\"913\" srcset=\"https:\/\/blogsaverroes.juntadeandalucia.es\/colegioasensiogranados\/files\/2021\/03\/WhatsApp-Image-2021-03-08-at-11.33.05.jpeg 1600w, https:\/\/blogsaverroes.juntadeandalucia.es\/colegioasensiogranados\/files\/2021\/03\/WhatsApp-Image-2021-03-08-at-11.33.05-300x171.jpeg 300w, https:\/\/blogsaverroes.juntadeandalucia.es\/colegioasensiogranados\/files\/2021\/03\/WhatsApp-Image-2021-03-08-at-11.33.05-1024x584.jpeg 1024w, https:\/\/blogsaverroes.juntadeandalucia.es\/colegioasensiogranados\/files\/2021\/03\/WhatsApp-Image-2021-03-08-at-11.33.05-768x438.jpeg 768w, https:\/\/blogsaverroes.juntadeandalucia.es\/colegioasensiogranados\/files\/2021\/03\/WhatsApp-Image-2021-03-08-at-11.33.05-1536x876.jpeg 1536w, https:\/\/blogsaverroes.juntadeandalucia.es\/colegioasensiogranados\/files\/2021\/03\/WhatsApp-Image-2021-03-08-at-11.33.05-700x399.jpeg 700w\" sizes=\"(max-width: 1600px) 100vw, 1600px\" \/><\/p>\n<p style=\"text-align: justify\">Otra de la actividades realizadas, ha sido el visionado del corto titulado \u201c Cuentos de princesas\u201d. El corto nos ense\u00f1a que las mujeres no tienen que esperar al pr\u00edncipe azul, sino que son libres y capaces de elegir, pensar, actuar, luchar y que tienen la capacidad de cambiar el mundo.<\/p>\n<div style=\"width: 640px;\" class=\"wp-video\"><!--[if lt IE 9]><script>document.createElement('video');<\/script><![endif]-->\n<video class=\"wp-video-shortcode\" id=\"video-5027-1\" width=\"640\" height=\"360\" preload=\"metadata\" controls=\"controls\"><source type=\"video\/mp4\" src=\"https:\/\/blogsaverroes.juntadeandalucia.es\/colegioasensiogranados\/files\/2021\/03\/CORTO-MUJERES.mp4?_=1\" \/><a href=\"https:\/\/blogsaverroes.juntadeandalucia.es\/colegioasensiogranados\/files\/2021\/03\/CORTO-MUJERES.mp4\">https:\/\/blogsaverroes.juntadeandalucia.es\/colegioasensiogranados\/files\/2021\/03\/CORTO-MUJERES.mp4<\/a><\/video><\/div>\n<p>&nbsp;<\/p>\n<p style=\"text-align: justify\">Para finalizar, hemos recortado mariposas en tonos morados para adornar nuestro mural, como s\u00edmbolo de libertad.<\/p>\n<ul>\n<li style=\"text-align: justify\">1\u00ba y 2\u00ba Ciclo han colaborado en la decoraci\u00f3n del mural mediante la elaboraci\u00f3n de mariposas.<\/li>\n<li style=\"text-align: justify\">En 5\u00ba Han trabajado sobre el Proyecto \u201cMerezcounacalle\u201d donde el alumnado, con la ayuda de callejeros aportados por el ayuntamiento, han investigado y analizado el n\u00famero de calles con nombre de hombres y de mujeres. Con este proyecto, no pretendemos cambiar el nombre de las calles. Nuestro prop\u00f3sito es llegar a la igualdad en el n\u00famero de calles dedicadas a hombres y a mujeres. Comprometiendo al ayuntamiento a que las nuevas calles que se abran en el municipio lleven nombre de mujer hasta llegar a la igualdad real.<\/li>\n<\/ul>\n<ul>\n<li style=\"text-align: justify\">Los alumnos de 6\u00ba curso han recibido la visita&nbsp; de Aula Mandarina que ha trabajado la obra&nbsp; \u201cGrandes mujeres que cambian el mundo \u201c.<\/li>\n<\/ul>\n<p style=\"text-align: center\"><strong>Video del D\u00cdA DE LA MUJER 2021<\/strong><\/p>\n<div style=\"width: 480px;\" class=\"wp-video\"><video class=\"wp-video-shortcode\" id=\"video-5027-2\" width=\"480\" height=\"480\" preload=\"metadata\" controls=\"controls\"><source type=\"video\/mp4\" src=\"https:\/\/blogsaverroes.juntadeandalucia.es\/colegioasensiogranados\/files\/2021\/03\/8M2021.mp4?_=2\" \/><a href=\"https:\/\/blogsaverroes.juntadeandalucia.es\/colegioasensiogranados\/files\/2021\/03\/8M2021.mp4\">https:\/\/blogsaverroes.juntadeandalucia.es\/colegioasensiogranados\/files\/2021\/03\/8M2021.mp4<\/a><\/video><\/div>\n<p style=\"text-align: left\">&nbsp;<\/p>\n<p style=\"text-align: right\">To\u00f1i Caparr\u00f3s (especialista en Pedagog\u00eda Terape\u00fatica)<\/p>\n","protected":false},"excerpt":{"rendered":"<p>&nbsp; &nbsp; &nbsp; Como cada 8 de marzo, en nuestro Centro celebramos el D\u00cdA INTERNACIONAL DE LA MUJER TRABAJADORA. Nuestro objetivo principal es fomentar y crear en nuestro alumnado la conciencia de igualdad social&#46;&#46;&#46;<\/p>\n","protected":false},"author":2414,"featured_media":5044,"comment_status":"open","ping_status":"open","sticky":false,"template":"","format":"standard","meta":{"ngg_post_thumbnail":0,"footnotes":""},"categories":[11909],"tags":[],"aioseo_notices":[],"_links":{"self":[{"href":"https:\/\/blogsaverroes.juntadeandalucia.es\/colegioasensiogranados\/wp-json\/wp\/v2\/posts\/5027"}],"collection":[{"href":"https:\/\/blogsaverroes.juntadeandalucia.es\/colegioasensiogranados\/wp-json\/wp\/v2\/posts"}],"about":[{"href":"https:\/\/blogsaverroes.juntadeandalucia.es\/colegioasensiogranados\/wp-json\/wp\/v2\/types\/post"}],"author":[{"embeddable":true,"href":"https:\/\/blogsaverroes.juntadeandalucia.es\/colegioasensiogranados\/wp-json\/wp\/v2\/users\/2414"}],"replies":[{"embeddable":true,"href":"https:\/\/blogsaverroes.juntadeandalucia.es\/colegioasensiogranados\/wp-json\/wp\/v2\/comments?post=5027"}],"version-history":[{"count":17,"href":"https:\/\/blogsaverroes.juntadeandalucia.es\/colegioasensiogranados\/wp-json\/wp\/v2\/posts\/5027\/revisions"}],"predecessor-version":[{"id":5051,"href":"https:\/\/blogsaverroes.juntadeandalucia.es\/colegioasensiogranados\/wp-json\/wp\/v2\/posts\/5027\/revisions\/5051"}],"wp:featuredmedia":[{"embeddable":true,"href":"https:\/\/blogsaverroes.juntadeandalucia.es\/colegioasensiogranados\/wp-json\/wp\/v2\/media\/5044"}],"wp:attachment":[{"href":"https:\/\/blogsaverroes.juntadeandalucia.es\/colegioasensiogranados\/wp-json\/wp\/v2\/media?parent=5027"}],"wp:term":[{"taxonomy":"category","embeddable":true,"href":"https:\/\/blogsaverroes.juntadeandalucia.es\/colegioasensiogranados\/wp-json\/wp\/v2\/categories?post=5027"},{"taxonomy":"post_tag","embeddable":true,"href":"https:\/\/blogsaverroes.juntadeandalucia.es\/colegioasensiogranados\/wp-json\/wp\/v2\/tags?post=5027"}],"curies":[{"name":"wp","href":"https:\/\/api.w.org\/{rel}","templated":true}]}}