{"id":8220,"date":"2024-11-25T00:00:01","date_gmt":"2024-11-25T00:00:01","guid":{"rendered":"https:\/\/blogsaverroes.juntadeandalucia.es\/colegioasensiogranados\/?p=8220"},"modified":"2024-11-28T19:30:29","modified_gmt":"2024-11-28T19:30:29","slug":"video-contra-la-violencia-de-genero","status":"publish","type":"post","link":"https:\/\/blogsaverroes.juntadeandalucia.es\/colegioasensiogranados\/2024\/11\/25\/video-contra-la-violencia-de-genero\/","title":{"rendered":"D\u00eda contra la Violencia de G\u00e9nero"},"content":{"rendered":"<p><img loading=\"lazy\" decoding=\"async\" class=\"alignnone wp-image-8223 size-full\" src=\"https:\/\/blogsaverroes.juntadeandalucia.es\/colegioasensiogranados\/files\/2024\/11\/banner-estatal-mujeres-vulnerables-1024x293-1.jpg\" alt=\"\" width=\"1024\" height=\"293\" srcset=\"https:\/\/blogsaverroes.juntadeandalucia.es\/colegioasensiogranados\/files\/2024\/11\/banner-estatal-mujeres-vulnerables-1024x293-1.jpg 1024w, https:\/\/blogsaverroes.juntadeandalucia.es\/colegioasensiogranados\/files\/2024\/11\/banner-estatal-mujeres-vulnerables-1024x293-1-300x86.jpg 300w, https:\/\/blogsaverroes.juntadeandalucia.es\/colegioasensiogranados\/files\/2024\/11\/banner-estatal-mujeres-vulnerables-1024x293-1-768x220.jpg 768w, https:\/\/blogsaverroes.juntadeandalucia.es\/colegioasensiogranados\/files\/2024\/11\/banner-estatal-mujeres-vulnerables-1024x293-1-700x200.jpg 700w\" sizes=\"(max-width: 1024px) 100vw, 1024px\" \/><\/p>\n<p style=\"text-align: justify\">&nbsp; &nbsp; &nbsp; El pasado 25 de noviembre, un a\u00f1o m\u00e1s, nuestro colegio se uni\u00f3 a la conmemoraci\u00f3n del D\u00eda Internacional de la Eliminaci\u00f3n de la Violencia contra la Mujer, una fecha que nos invita a reflexionar y actuar en pro de la igualdad y el respeto, y que de manera especial convertimos en una jornada de manifestaci\u00f3n de solidaridad, educaci\u00f3n y compromiso por construir un futuro m\u00e1s justo y equitativo.<\/p>\n<p style=\"text-align: justify\">Los alumnos de 3, 4 y 5 a\u00f1os trabajaron la tem\u00e1tica desde la literatura infantil gracias a la colaboraci\u00f3n de Juan, un creativo y coeducativo cuentacuentos con el que los alumnos disfrutaron de un entretenido y enriquecedor espect\u00e1culo.<\/p>\n<p style=\"text-align: justify\"><img loading=\"lazy\" decoding=\"async\" class=\"alignnone wp-image-8233 size-full\" src=\"https:\/\/blogsaverroes.juntadeandalucia.es\/colegioasensiogranados\/files\/2024\/11\/CUENTACUENTOS-INFANTIL.jpg\" alt=\"\" width=\"2048\" height=\"1536\" srcset=\"https:\/\/blogsaverroes.juntadeandalucia.es\/colegioasensiogranados\/files\/2024\/11\/CUENTACUENTOS-INFANTIL.jpg 1600w, https:\/\/blogsaverroes.juntadeandalucia.es\/colegioasensiogranados\/files\/2024\/11\/CUENTACUENTOS-INFANTIL-300x225.jpg 300w, https:\/\/blogsaverroes.juntadeandalucia.es\/colegioasensiogranados\/files\/2024\/11\/CUENTACUENTOS-INFANTIL-1024x768.jpg 1024w, https:\/\/blogsaverroes.juntadeandalucia.es\/colegioasensiogranados\/files\/2024\/11\/CUENTACUENTOS-INFANTIL-768x576.jpg 768w, https:\/\/blogsaverroes.juntadeandalucia.es\/colegioasensiogranados\/files\/2024\/11\/CUENTACUENTOS-INFANTIL-1536x1152.jpg 1536w, https:\/\/blogsaverroes.juntadeandalucia.es\/colegioasensiogranados\/files\/2024\/11\/CUENTACUENTOS-INFANTIL-700x525.jpg 700w\" sizes=\"(max-width: 2048px) 100vw, 2048px\" \/> <img loading=\"lazy\" decoding=\"async\" class=\"alignnone wp-image-8234 size-full\" src=\"https:\/\/blogsaverroes.juntadeandalucia.es\/colegioasensiogranados\/files\/2024\/11\/CUENTACUENTOS-INF.jpg\" alt=\"\" width=\"2048\" height=\"1536\" srcset=\"https:\/\/blogsaverroes.juntadeandalucia.es\/colegioasensiogranados\/files\/2024\/11\/CUENTACUENTOS-INF.jpg 1600w, https:\/\/blogsaverroes.juntadeandalucia.es\/colegioasensiogranados\/files\/2024\/11\/CUENTACUENTOS-INF-300x225.jpg 300w, https:\/\/blogsaverroes.juntadeandalucia.es\/colegioasensiogranados\/files\/2024\/11\/CUENTACUENTOS-INF-1024x768.jpg 1024w, https:\/\/blogsaverroes.juntadeandalucia.es\/colegioasensiogranados\/files\/2024\/11\/CUENTACUENTOS-INF-768x576.jpg 768w, https:\/\/blogsaverroes.juntadeandalucia.es\/colegioasensiogranados\/files\/2024\/11\/CUENTACUENTOS-INF-1536x1152.jpg 1536w, https:\/\/blogsaverroes.juntadeandalucia.es\/colegioasensiogranados\/files\/2024\/11\/CUENTACUENTOS-INF-700x525.jpg 700w\" sizes=\"(max-width: 2048px) 100vw, 2048px\" \/><\/p>\n<p style=\"text-align: justify\">Los alumnos del primer ciclo de primaria visualizaron el videocuento \u201cEl m\u00e1s poderoso\u201d que con gran sencillez transmite una importante ense\u00f1anza <em>:\u201c<\/em><em>el verdadero poder no se ejerce con violencia\u201d.<\/em><\/p>\n<p><iframe loading=\"lazy\" src=\"https:\/\/www.youtube.com\/embed\/-wOOKGixL2Y?si=3qqcRApqOsRLyNZ8\" width=\"560\" height=\"315\" frameborder=\"0\"><\/iframe>&nbsp;<\/p>\n<p style=\"text-align: justify\">El alumnado del 2\u00ba ciclo quiso aportar su granito de arena a esta importante causa con la grabaci\u00f3n de un videoclip de concienciaci\u00f3n sobre la prevenci\u00f3n y erradicaci\u00f3n de violencia de g\u00e9nero.<\/p>\n<p style=\"text-align: justify\"><iframe loading=\"lazy\" src=\"https:\/\/www.youtube.com\/embed\/tZmHtkhEVnc?si=HbY_79G17jRcuQTS\" width=\"560\" height=\"315\" frameborder=\"0\"><\/iframe><\/p>\n<p style=\"text-align: justify\">Los alumnos de 5\u00ba de primaria visualizaron un emotivo video que ilustra la importancia de erradicar la violencia en todas sus formas. Todos compartieron sus reflexiones y compromisos para promover un ambiente de respeto y apoyo mutuo.<\/p>\n<p style=\"text-align: justify\">Los alumnos de 6\u00ba de primaria participaron activamente en una charla interactiva sobre Violencia de G\u00e9nero impartida por Mari Carmen Gonz\u00e1lez Gonz\u00e1lez, asesora jur\u00eddica en materia de Violencia de G\u00e9nero del ayuntamiento de&nbsp; nuestra localidad,&nbsp; y Paco L\u00f3pez Belmonte, polic\u00eda local responsable del programa \u201cVioGen\u201d.<\/p>\n<p><img loading=\"lazy\" decoding=\"async\" class=\"alignnone wp-image-8237 size-full\" src=\"https:\/\/blogsaverroes.juntadeandalucia.es\/colegioasensiogranados\/files\/2024\/11\/CHARLA-6o.jpg\" alt=\"\" width=\"1600\" height=\"1200\" srcset=\"https:\/\/blogsaverroes.juntadeandalucia.es\/colegioasensiogranados\/files\/2024\/11\/CHARLA-6o.jpg 1600w, https:\/\/blogsaverroes.juntadeandalucia.es\/colegioasensiogranados\/files\/2024\/11\/CHARLA-6o-300x225.jpg 300w, https:\/\/blogsaverroes.juntadeandalucia.es\/colegioasensiogranados\/files\/2024\/11\/CHARLA-6o-1024x768.jpg 1024w, https:\/\/blogsaverroes.juntadeandalucia.es\/colegioasensiogranados\/files\/2024\/11\/CHARLA-6o-768x576.jpg 768w, https:\/\/blogsaverroes.juntadeandalucia.es\/colegioasensiogranados\/files\/2024\/11\/CHARLA-6o-1536x1152.jpg 1536w, https:\/\/blogsaverroes.juntadeandalucia.es\/colegioasensiogranados\/files\/2024\/11\/CHARLA-6o-700x525.jpg 700w\" sizes=\"(max-width: 1600px) 100vw, 1600px\" \/><\/p>\n<p style=\"text-align: justify\">Adem\u00e1s, los alumnos de primaria participaron en una oca gigante de corresponsabilidad, actividad organizada por el ayuntamiento que adem\u00e1s obsequi\u00f3 a todo el alumnado del centro con un juego de cartas coeducativas.<\/p>\n<p><img loading=\"lazy\" decoding=\"async\" class=\"alignnone wp-image-8238 size-full\" src=\"https:\/\/blogsaverroes.juntadeandalucia.es\/colegioasensiogranados\/files\/2024\/11\/OCA.jpg\" alt=\"\" width=\"1600\" height=\"1200\" srcset=\"https:\/\/blogsaverroes.juntadeandalucia.es\/colegioasensiogranados\/files\/2024\/11\/OCA.jpg 1600w, https:\/\/blogsaverroes.juntadeandalucia.es\/colegioasensiogranados\/files\/2024\/11\/OCA-300x225.jpg 300w, https:\/\/blogsaverroes.juntadeandalucia.es\/colegioasensiogranados\/files\/2024\/11\/OCA-1024x768.jpg 1024w, https:\/\/blogsaverroes.juntadeandalucia.es\/colegioasensiogranados\/files\/2024\/11\/OCA-768x576.jpg 768w, https:\/\/blogsaverroes.juntadeandalucia.es\/colegioasensiogranados\/files\/2024\/11\/OCA-1536x1152.jpg 1536w, https:\/\/blogsaverroes.juntadeandalucia.es\/colegioasensiogranados\/files\/2024\/11\/OCA-700x525.jpg 700w\" sizes=\"(max-width: 1600px) 100vw, 1600px\" \/><img loading=\"lazy\" decoding=\"async\" class=\"alignnone wp-image-8235 size-full\" src=\"https:\/\/blogsaverroes.juntadeandalucia.es\/colegioasensiogranados\/files\/2024\/11\/OCA-2o.jpg\" alt=\"\" width=\"1600\" height=\"1200\" srcset=\"https:\/\/blogsaverroes.juntadeandalucia.es\/colegioasensiogranados\/files\/2024\/11\/OCA-2o.jpg 1600w, https:\/\/blogsaverroes.juntadeandalucia.es\/colegioasensiogranados\/files\/2024\/11\/OCA-2o-300x225.jpg 300w, https:\/\/blogsaverroes.juntadeandalucia.es\/colegioasensiogranados\/files\/2024\/11\/OCA-2o-1024x768.jpg 1024w, https:\/\/blogsaverroes.juntadeandalucia.es\/colegioasensiogranados\/files\/2024\/11\/OCA-2o-768x576.jpg 768w, https:\/\/blogsaverroes.juntadeandalucia.es\/colegioasensiogranados\/files\/2024\/11\/OCA-2o-1536x1152.jpg 1536w, https:\/\/blogsaverroes.juntadeandalucia.es\/colegioasensiogranados\/files\/2024\/11\/OCA-2o-700x525.jpg 700w\" sizes=\"(max-width: 1600px) 100vw, 1600px\" \/> <img loading=\"lazy\" decoding=\"async\" class=\"alignnone wp-image-8236 size-full\" src=\"https:\/\/blogsaverroes.juntadeandalucia.es\/colegioasensiogranados\/files\/2024\/11\/OCA-1o.jpg\" alt=\"\" width=\"1600\" height=\"1200\" srcset=\"https:\/\/blogsaverroes.juntadeandalucia.es\/colegioasensiogranados\/files\/2024\/11\/OCA-1o.jpg 1600w, https:\/\/blogsaverroes.juntadeandalucia.es\/colegioasensiogranados\/files\/2024\/11\/OCA-1o-300x225.jpg 300w, https:\/\/blogsaverroes.juntadeandalucia.es\/colegioasensiogranados\/files\/2024\/11\/OCA-1o-1024x768.jpg 1024w, https:\/\/blogsaverroes.juntadeandalucia.es\/colegioasensiogranados\/files\/2024\/11\/OCA-1o-768x576.jpg 768w, https:\/\/blogsaverroes.juntadeandalucia.es\/colegioasensiogranados\/files\/2024\/11\/OCA-1o-1536x1152.jpg 1536w, https:\/\/blogsaverroes.juntadeandalucia.es\/colegioasensiogranados\/files\/2024\/11\/OCA-1o-700x525.jpg 700w\" sizes=\"(max-width: 1600px) 100vw, 1600px\" \/><img loading=\"lazy\" decoding=\"async\" class=\"alignnone wp-image-8240 size-full\" src=\"https:\/\/blogsaverroes.juntadeandalucia.es\/colegioasensiogranados\/files\/2024\/11\/OCA3o.jpg\" alt=\"\" width=\"2048\" height=\"1536\" srcset=\"https:\/\/blogsaverroes.juntadeandalucia.es\/colegioasensiogranados\/files\/2024\/11\/OCA3o.jpg 1600w, https:\/\/blogsaverroes.juntadeandalucia.es\/colegioasensiogranados\/files\/2024\/11\/OCA3o-300x225.jpg 300w, https:\/\/blogsaverroes.juntadeandalucia.es\/colegioasensiogranados\/files\/2024\/11\/OCA3o-1024x768.jpg 1024w, https:\/\/blogsaverroes.juntadeandalucia.es\/colegioasensiogranados\/files\/2024\/11\/OCA3o-768x576.jpg 768w, https:\/\/blogsaverroes.juntadeandalucia.es\/colegioasensiogranados\/files\/2024\/11\/OCA3o-1536x1152.jpg 1536w, https:\/\/blogsaverroes.juntadeandalucia.es\/colegioasensiogranados\/files\/2024\/11\/OCA3o-700x525.jpg 700w\" sizes=\"(max-width: 2048px) 100vw, 2048px\" \/><img loading=\"lazy\" decoding=\"async\" class=\"alignnone wp-image-8241 size-full\" style=\"font-family: 'Open Sans', sans-serif;font-size: 15px;font-style: normal;font-weight: 400\" src=\"https:\/\/blogsaverroes.juntadeandalucia.es\/colegioasensiogranados\/files\/2024\/11\/OCA-4o.jpg\" alt=\"\" width=\"1204\" height=\"1600\" srcset=\"https:\/\/blogsaverroes.juntadeandalucia.es\/colegioasensiogranados\/files\/2024\/11\/OCA-4o.jpg 1204w, https:\/\/blogsaverroes.juntadeandalucia.es\/colegioasensiogranados\/files\/2024\/11\/OCA-4o-226x300.jpg 226w, https:\/\/blogsaverroes.juntadeandalucia.es\/colegioasensiogranados\/files\/2024\/11\/OCA-4o-771x1024.jpg 771w, https:\/\/blogsaverroes.juntadeandalucia.es\/colegioasensiogranados\/files\/2024\/11\/OCA-4o-768x1021.jpg 768w, https:\/\/blogsaverroes.juntadeandalucia.es\/colegioasensiogranados\/files\/2024\/11\/OCA-4o-1156x1536.jpg 1156w, https:\/\/blogsaverroes.juntadeandalucia.es\/colegioasensiogranados\/files\/2024\/11\/OCA-4o-700x930.jpg 700w\" sizes=\"(max-width: 1204px) 100vw, 1204px\" \/><img loading=\"lazy\" decoding=\"async\" class=\"alignnone wp-image-8239 size-full\" src=\"https:\/\/blogsaverroes.juntadeandalucia.es\/colegioasensiogranados\/files\/2024\/11\/OCA5o.jpg\" alt=\"\" width=\"1599\" height=\"899\" srcset=\"https:\/\/blogsaverroes.juntadeandalucia.es\/colegioasensiogranados\/files\/2024\/11\/OCA5o.jpg 1599w, https:\/\/blogsaverroes.juntadeandalucia.es\/colegioasensiogranados\/files\/2024\/11\/OCA5o-300x169.jpg 300w, https:\/\/blogsaverroes.juntadeandalucia.es\/colegioasensiogranados\/files\/2024\/11\/OCA5o-1024x576.jpg 1024w, https:\/\/blogsaverroes.juntadeandalucia.es\/colegioasensiogranados\/files\/2024\/11\/OCA5o-768x432.jpg 768w, https:\/\/blogsaverroes.juntadeandalucia.es\/colegioasensiogranados\/files\/2024\/11\/OCA5o-1536x864.jpg 1536w, https:\/\/blogsaverroes.juntadeandalucia.es\/colegioasensiogranados\/files\/2024\/11\/OCA5o-700x393.jpg 700w\" sizes=\"(max-width: 1599px) 100vw, 1599px\" \/>&nbsp;<\/p>\n<p style=\"text-align: right\">Eva M\u00aa&nbsp; P\u00e9rez Castro (Coordinadora de Igualdad)<\/p>\n","protected":false},"excerpt":{"rendered":"<p>&nbsp; &nbsp; &nbsp; El pasado 25 de noviembre, un a\u00f1o m\u00e1s, nuestro colegio se uni\u00f3 a la conmemoraci\u00f3n del D\u00eda Internacional de la Eliminaci\u00f3n de la Violencia contra la Mujer, una fecha que nos&#46;&#46;&#46;<\/p>\n","protected":false},"author":2414,"featured_media":8232,"comment_status":"open","ping_status":"open","sticky":false,"template":"","format":"standard","meta":{"ngg_post_thumbnail":0,"footnotes":""},"categories":[11909],"tags":[],"aioseo_notices":[],"_links":{"self":[{"href":"https:\/\/blogsaverroes.juntadeandalucia.es\/colegioasensiogranados\/wp-json\/wp\/v2\/posts\/8220"}],"collection":[{"href":"https:\/\/blogsaverroes.juntadeandalucia.es\/colegioasensiogranados\/wp-json\/wp\/v2\/posts"}],"about":[{"href":"https:\/\/blogsaverroes.juntadeandalucia.es\/colegioasensiogranados\/wp-json\/wp\/v2\/types\/post"}],"author":[{"embeddable":true,"href":"https:\/\/blogsaverroes.juntadeandalucia.es\/colegioasensiogranados\/wp-json\/wp\/v2\/users\/2414"}],"replies":[{"embeddable":true,"href":"https:\/\/blogsaverroes.juntadeandalucia.es\/colegioasensiogranados\/wp-json\/wp\/v2\/comments?post=8220"}],"version-history":[{"count":9,"href":"https:\/\/blogsaverroes.juntadeandalucia.es\/colegioasensiogranados\/wp-json\/wp\/v2\/posts\/8220\/revisions"}],"predecessor-version":[{"id":8228,"href":"https:\/\/blogsaverroes.juntadeandalucia.es\/colegioasensiogranados\/wp-json\/wp\/v2\/posts\/8220\/revisions\/8228"}],"wp:featuredmedia":[{"embeddable":true,"href":"https:\/\/blogsaverroes.juntadeandalucia.es\/colegioasensiogranados\/wp-json\/wp\/v2\/media\/8232"}],"wp:attachment":[{"href":"https:\/\/blogsaverroes.juntadeandalucia.es\/colegioasensiogranados\/wp-json\/wp\/v2\/media?parent=8220"}],"wp:term":[{"taxonomy":"category","embeddable":true,"href":"https:\/\/blogsaverroes.juntadeandalucia.es\/colegioasensiogranados\/wp-json\/wp\/v2\/categories?post=8220"},{"taxonomy":"post_tag","embeddable":true,"href":"https:\/\/blogsaverroes.juntadeandalucia.es\/colegioasensiogranados\/wp-json\/wp\/v2\/tags?post=8220"}],"curies":[{"name":"wp","href":"https:\/\/api.w.org\/{rel}","templated":true}]}}