{"id":8712,"date":"2025-11-12T11:25:44","date_gmt":"2025-11-12T11:25:44","guid":{"rendered":"https:\/\/blogsaverroes.juntadeandalucia.es\/colegioasensiogranados\/?p=8712"},"modified":"2025-11-12T11:27:14","modified_gmt":"2025-11-12T11:27:14","slug":"voces-de-feria","status":"publish","type":"post","link":"https:\/\/blogsaverroes.juntadeandalucia.es\/colegioasensiogranados\/2025\/11\/12\/voces-de-feria\/","title":{"rendered":"VOCES DE FERIA"},"content":{"rendered":"<h3>&nbsp;<img loading=\"lazy\" decoding=\"async\" class=\"alignnone wp-image-8716 size-full\" src=\"https:\/\/blogsaverroes.juntadeandalucia.es\/colegioasensiogranados\/files\/2025\/11\/banderillas.jpg\" alt=\"\" width=\"788\" height=\"174\" srcset=\"https:\/\/blogsaverroes.juntadeandalucia.es\/colegioasensiogranados\/files\/2025\/11\/banderillas.jpg 788w, https:\/\/blogsaverroes.juntadeandalucia.es\/colegioasensiogranados\/files\/2025\/11\/banderillas-300x66.jpg 300w, https:\/\/blogsaverroes.juntadeandalucia.es\/colegioasensiogranados\/files\/2025\/11\/banderillas-768x170.jpg 768w\" sizes=\"(max-width: 788px) 100vw, 788px\" \/><\/h3>\n<h3 style=\"text-align: center\"><strong><span style=\"color: #ff6600\">ASENSIO EN LA ONDA SE VISTE DE LUZ Y COLOR CON SU PROGRAMA ESPECIAL \u201cVOCES DE FERIA\u201d<\/span><\/strong><\/h3>\n<h5 style=\"text-align: justify\">&nbsp; &nbsp; &nbsp; A pocas horas del inicio de la esperada feria en honor a nuestro patr\u00f3n San Diego de Alcal\u00e1, el esp\u00edritu festivo se ha adelantado en nuestro cole gracias a nuestra radio escolar, Asensio en la Onda, con la emisi\u00f3n de \u201cVoces de Feria\u201d<\/h5>\n<p><img loading=\"lazy\" decoding=\"async\" class=\"alignnone wp-image-8713 size-full\" src=\"https:\/\/blogsaverroes.juntadeandalucia.es\/colegioasensiogranados\/files\/2025\/11\/WhatsApp-Image-2025-11-11-at-22.50.05-1.jpeg\" alt=\"\" width=\"1600\" height=\"897\" srcset=\"https:\/\/blogsaverroes.juntadeandalucia.es\/colegioasensiogranados\/files\/2025\/11\/WhatsApp-Image-2025-11-11-at-22.50.05-1.jpeg 1600w, https:\/\/blogsaverroes.juntadeandalucia.es\/colegioasensiogranados\/files\/2025\/11\/WhatsApp-Image-2025-11-11-at-22.50.05-1-300x168.jpeg 300w, https:\/\/blogsaverroes.juntadeandalucia.es\/colegioasensiogranados\/files\/2025\/11\/WhatsApp-Image-2025-11-11-at-22.50.05-1-1024x574.jpeg 1024w, https:\/\/blogsaverroes.juntadeandalucia.es\/colegioasensiogranados\/files\/2025\/11\/WhatsApp-Image-2025-11-11-at-22.50.05-1-768x431.jpeg 768w, https:\/\/blogsaverroes.juntadeandalucia.es\/colegioasensiogranados\/files\/2025\/11\/WhatsApp-Image-2025-11-11-at-22.50.05-1-1536x861.jpeg 1536w\" sizes=\"(max-width: 1600px) 100vw, 1600px\" \/><\/p>\n<p style=\"text-align: justify\"><span style=\"color: #000000\">Dos de nuestros alumnos, Youssef Arjoun e Israe Hmiche, convertidos en curiosos reporteros<strong>,<\/strong> han sido los encargados de conducir el espacio con gran profesionalidad realizando unas magn\u00edficas entrevistas al pregonero de la feria, Juan Antonio Rodr\u00edguez Higueras y a la concejala de festejos<strong>,<\/strong> Isabel Haro Salas, quienes han querido compartir con nosotros primicias, an\u00e9cdotas y detalles sobre todo lo que nos espera en estos d\u00edas tan se\u00f1alados.<\/span><\/p>\n<p style=\"text-align: justify\"><span style=\"color: #000000\">La sorpresa y la emoci\u00f3n se ha podido sentir en cada una de las aulas donde los alumnos escuchaban entusiasmados el programa, viviendo con ilusi\u00f3n la llegada de la feria.<\/span><\/p>\n<p style=\"text-align: justify\"><span style=\"color: #000000\">Queremos expresar nuestro m\u00e1s sincero agradecimiento a Juan Antonio e Isabel por haber aceptado nuestra invitaci\u00f3n. Su cercan\u00eda, amabilidad y disposici\u00f3n han hecho que la experiencia haya sido inolvidable para todos nuestros alumnos.<\/span><\/p>\n<p><span style=\"color: #000000\"><img loading=\"lazy\" decoding=\"async\" class=\"alignnone wp-image-8714 size-full\" src=\"https:\/\/blogsaverroes.juntadeandalucia.es\/colegioasensiogranados\/files\/2025\/11\/WhatsApp-Image-2025-11-11-at-13.15.52.jpeg\" alt=\"\" width=\"1073\" height=\"1759\" srcset=\"https:\/\/blogsaverroes.juntadeandalucia.es\/colegioasensiogranados\/files\/2025\/11\/WhatsApp-Image-2025-11-11-at-13.15.52.jpeg 976w, https:\/\/blogsaverroes.juntadeandalucia.es\/colegioasensiogranados\/files\/2025\/11\/WhatsApp-Image-2025-11-11-at-13.15.52-183x300.jpeg 183w, https:\/\/blogsaverroes.juntadeandalucia.es\/colegioasensiogranados\/files\/2025\/11\/WhatsApp-Image-2025-11-11-at-13.15.52-625x1024.jpeg 625w, https:\/\/blogsaverroes.juntadeandalucia.es\/colegioasensiogranados\/files\/2025\/11\/WhatsApp-Image-2025-11-11-at-13.15.52-768x1259.jpeg 768w, https:\/\/blogsaverroes.juntadeandalucia.es\/colegioasensiogranados\/files\/2025\/11\/WhatsApp-Image-2025-11-11-at-13.15.52-937x1536.jpeg 937w\" sizes=\"(max-width: 1073px) 100vw, 1073px\" \/><\/span><\/p>\n<p style=\"text-align: justify\"><span style=\"color: #000000\">Con \u201cVoces de Feria\u201d, Asensio en la Onda ha demostrado una vez m\u00e1s que la radio escolar es mucho m\u00e1s que palabras al aire: es aprendizaje, diversi\u00f3n y convivencia.<\/span><\/p>\n<p>&nbsp;<\/p>\n<p style=\"text-align: right\"><span style=\"color: #000000\">&nbsp;&nbsp;&nbsp;&nbsp;&nbsp;&nbsp;&nbsp;&nbsp;&nbsp;&nbsp;&nbsp;&nbsp;&nbsp;&nbsp;&nbsp;&nbsp;&nbsp;&nbsp;&nbsp;&nbsp;&nbsp;&nbsp;&nbsp;&nbsp;&nbsp;&nbsp;&nbsp;&nbsp;&nbsp; Eva M\u00aa P\u00e9rez Castro (maestra especialista en Pedagog\u00eda Terap\u00e9utica)<\/span><\/p>\n<p>&nbsp;<\/p>\n<p><img loading=\"lazy\" decoding=\"async\" class=\"aligncenter wp-image-8719 size-full\" src=\"https:\/\/blogsaverroes.juntadeandalucia.es\/colegioasensiogranados\/files\/2025\/11\/banderillas2-2.jpg\" alt=\"\" width=\"956\" height=\"120\" srcset=\"https:\/\/blogsaverroes.juntadeandalucia.es\/colegioasensiogranados\/files\/2025\/11\/banderillas2-2.jpg 956w, https:\/\/blogsaverroes.juntadeandalucia.es\/colegioasensiogranados\/files\/2025\/11\/banderillas2-2-300x38.jpg 300w, https:\/\/blogsaverroes.juntadeandalucia.es\/colegioasensiogranados\/files\/2025\/11\/banderillas2-2-768x96.jpg 768w\" sizes=\"(max-width: 956px) 100vw, 956px\" \/><\/p>\n","protected":false},"excerpt":{"rendered":"<p>&nbsp; ASENSIO EN LA ONDA SE VISTE DE LUZ Y COLOR CON SU PROGRAMA ESPECIAL \u201cVOCES DE FERIA\u201d &nbsp; &nbsp; &nbsp; A pocas horas del inicio de la esperada feria en honor a nuestro&#46;&#46;&#46;<\/p>\n","protected":false},"author":2414,"featured_media":8715,"comment_status":"open","ping_status":"open","sticky":false,"template":"","format":"standard","meta":{"ngg_post_thumbnail":0,"footnotes":""},"categories":[11909],"tags":[],"aioseo_notices":[],"_links":{"self":[{"href":"https:\/\/blogsaverroes.juntadeandalucia.es\/colegioasensiogranados\/wp-json\/wp\/v2\/posts\/8712"}],"collection":[{"href":"https:\/\/blogsaverroes.juntadeandalucia.es\/colegioasensiogranados\/wp-json\/wp\/v2\/posts"}],"about":[{"href":"https:\/\/blogsaverroes.juntadeandalucia.es\/colegioasensiogranados\/wp-json\/wp\/v2\/types\/post"}],"author":[{"embeddable":true,"href":"https:\/\/blogsaverroes.juntadeandalucia.es\/colegioasensiogranados\/wp-json\/wp\/v2\/users\/2414"}],"replies":[{"embeddable":true,"href":"https:\/\/blogsaverroes.juntadeandalucia.es\/colegioasensiogranados\/wp-json\/wp\/v2\/comments?post=8712"}],"version-history":[{"count":3,"href":"https:\/\/blogsaverroes.juntadeandalucia.es\/colegioasensiogranados\/wp-json\/wp\/v2\/posts\/8712\/revisions"}],"predecessor-version":[{"id":8722,"href":"https:\/\/blogsaverroes.juntadeandalucia.es\/colegioasensiogranados\/wp-json\/wp\/v2\/posts\/8712\/revisions\/8722"}],"wp:featuredmedia":[{"embeddable":true,"href":"https:\/\/blogsaverroes.juntadeandalucia.es\/colegioasensiogranados\/wp-json\/wp\/v2\/media\/8715"}],"wp:attachment":[{"href":"https:\/\/blogsaverroes.juntadeandalucia.es\/colegioasensiogranados\/wp-json\/wp\/v2\/media?parent=8712"}],"wp:term":[{"taxonomy":"category","embeddable":true,"href":"https:\/\/blogsaverroes.juntadeandalucia.es\/colegioasensiogranados\/wp-json\/wp\/v2\/categories?post=8712"},{"taxonomy":"post_tag","embeddable":true,"href":"https:\/\/blogsaverroes.juntadeandalucia.es\/colegioasensiogranados\/wp-json\/wp\/v2\/tags?post=8712"}],"curies":[{"name":"wp","href":"https:\/\/api.w.org\/{rel}","templated":true}]}}