{"id":8831,"date":"2025-12-21T00:00:11","date_gmt":"2025-12-21T00:00:11","guid":{"rendered":"https:\/\/blogsaverroes.juntadeandalucia.es\/colegioasensiogranados\/?p=8831"},"modified":"2025-12-21T10:32:11","modified_gmt":"2025-12-21T10:32:11","slug":"navidad-2025","status":"publish","type":"post","link":"https:\/\/blogsaverroes.juntadeandalucia.es\/colegioasensiogranados\/2025\/12\/21\/navidad-2025\/","title":{"rendered":"NAVIDAD 2025"},"content":{"rendered":"<p><img loading=\"lazy\" decoding=\"async\" class=\"wp-image-8838 size-full aligncenter\" src=\"https:\/\/blogsaverroes.juntadeandalucia.es\/colegioasensiogranados\/files\/2025\/12\/navi11.jpg\" alt=\"\" width=\"990\" height=\"148\" srcset=\"https:\/\/blogsaverroes.juntadeandalucia.es\/colegioasensiogranados\/files\/2025\/12\/navi11.jpg 990w, https:\/\/blogsaverroes.juntadeandalucia.es\/colegioasensiogranados\/files\/2025\/12\/navi11-300x45.jpg 300w, https:\/\/blogsaverroes.juntadeandalucia.es\/colegioasensiogranados\/files\/2025\/12\/navi11-768x115.jpg 768w, https:\/\/blogsaverroes.juntadeandalucia.es\/colegioasensiogranados\/files\/2025\/12\/navi11-980x148.jpg 980w\" sizes=\"(max-width: 990px) 100vw, 990px\" \/><\/p>\n<p style=\"text-align: justify\">&nbsp; &nbsp; &nbsp; Con la llegada de la Navidad, nuestro cole se viste de gala para celebrar una de las \u00e9pocas m\u00e1s m\u00e1gicas del a\u00f1o. Se llevan a cabo un sinf\u00edn de acciones para que se respire esa serenidad y amor por todo nuestro centro.<\/p>\n<p style=\"text-align: justify\">Una de las tradiciones que m\u00e1s esperamos con entusiasmo son las actuaciones de baile, donde nuestros ni\u00f1os\/as tienen la oportunidad de brillar sobre el escenario y mostrar todo su talento. El viernes 19 de diciembre de 2025 toda la comunidad educativa nos reunimos en la nave Polivalente para disfrutar de esta celebraci\u00f3n. Las actuaciones de baile no solo son una forma divertida de celebrar las festividades, sino que tambi\u00e9n desempe\u00f1an un papel fundamental en el desarrollo personal y social de nuestro alumnado. Participar en estas presentaciones les ayuda a fomentar el <strong>trabajo en equipo<\/strong>. Los ensayos requieren colaboraci\u00f3n y comunicaci\u00f3n entre compa\u00f1eros, ayudando a los estudiantes a aprender a trabajar juntos hacia un objetivo com\u00fan. Les ayuda a desarrollar la <strong>confianza<\/strong> porque subir a un escenario frente a una audiencia puede ser un desaf\u00edo, pero permite a los ni\u00f1os y ni\u00f1as superar sus miedos y fortalecer su autoconfianza. Tambi\u00e9n permite cultivar el <strong>respeto <\/strong>y la <strong>disciplina<\/strong>, ya que cada presentaci\u00f3n exige dedicaci\u00f3n y compromiso, valores esenciales que nuestro alumnado aprende al participar en estas actividades. Y por \u00faltimo,&nbsp; estas actividades promueven la <strong>alegr\u00eda<\/strong> y la <strong>diversi\u00f3n<\/strong>. Las actuaciones permiten a los estudiantes disfrutar de momentos de alegr\u00eda y celebraci\u00f3n, creando recuerdos duraderos y fortaleciendo los lazos entre ellos.<\/p>\n<p style=\"text-align: center\"><iframe loading=\"lazy\" src=\"https:\/\/www.youtube.com\/embed\/0H-sEOBcJOw?si=Twe-0G7snWmt-D2-\" width=\"560\" height=\"315\" frameborder=\"0\"><\/iframe>&nbsp;<\/p>\n<p style=\"text-align: justify\">Otro aspecto que se cuida mucho es la decoraci\u00f3n tem\u00e1tica en nuestro centro. Un a\u00f1o m\u00e1s, tambi\u00e9n se siente y palpa la Navidad gracias a la decoraci\u00f3n tan especial y acogedora que se ha colocado por todos los rincones. Pasillos, aulas y espacios comunes han sido adornados con luces brillantes, guirnaldas coloridas, decoraci\u00f3n de puertas de Navidad, entre otros,&nbsp; que aportan un ambiente festivo y acogedor. Cada rinc\u00f3n refleja el esp\u00edritu navide\u00f1o y el esfuerzo conjunto de estudiantes y docentes para hacer de nuestro espacio un lugar donde la alegr\u00eda y la esperanza prevalezcan. Motivo por el cual, un curso m\u00e1s, SSMM los Reyes Magos han elegido nuestro colegio para acercarse y recoger las cartas que los ni\u00f1os\/as de infantil han hecho con tanto cari\u00f1o.<\/p>\n<p><img loading=\"lazy\" decoding=\"async\" class=\"alignnone wp-image-8845 size-full\" src=\"https:\/\/blogsaverroes.juntadeandalucia.es\/colegioasensiogranados\/files\/2025\/12\/WhatsApp-Image-2025-12-18-at-11.55.41.jpeg\" alt=\"\" width=\"1600\" height=\"1200\" srcset=\"https:\/\/blogsaverroes.juntadeandalucia.es\/colegioasensiogranados\/files\/2025\/12\/WhatsApp-Image-2025-12-18-at-11.55.41.jpeg 1600w, https:\/\/blogsaverroes.juntadeandalucia.es\/colegioasensiogranados\/files\/2025\/12\/WhatsApp-Image-2025-12-18-at-11.55.41-300x225.jpeg 300w, https:\/\/blogsaverroes.juntadeandalucia.es\/colegioasensiogranados\/files\/2025\/12\/WhatsApp-Image-2025-12-18-at-11.55.41-1024x768.jpeg 1024w, https:\/\/blogsaverroes.juntadeandalucia.es\/colegioasensiogranados\/files\/2025\/12\/WhatsApp-Image-2025-12-18-at-11.55.41-768x576.jpeg 768w, https:\/\/blogsaverroes.juntadeandalucia.es\/colegioasensiogranados\/files\/2025\/12\/WhatsApp-Image-2025-12-18-at-11.55.41-1536x1152.jpeg 1536w\" sizes=\"(max-width: 1600px) 100vw, 1600px\" \/><\/p>\n<p style=\"text-align: justify\">Tambi\u00e9n en el mes de noviembre\/diciembre contamos con el torneo de ajedrez como cada a\u00f1o. Este a\u00f1o en homenaje a nuestro alumno Leo Lara D\u00edaz, este torneo llevar\u00e1 su nombre. Los alumnos campeones y subcampeones de este a\u00f1o son: en la categor\u00eda de prebenjam\u00edn \u00c1lvaro P.S. de 2.\u00ba de primaria,&nbsp; en la categor\u00eda de benjam\u00edn Juan Carlos N. G. y Noel S. V.&nbsp; de 4.\u00ba de primaria y en la categor\u00eda de alev\u00edn \u00c1lvaro F.C. de 6.\u00ba de primaria y Daniel C. M. de 5.\u00ba de primaria.<\/p>\n<p><img loading=\"lazy\" decoding=\"async\" class=\"alignnone wp-image-8848 size-full\" src=\"https:\/\/blogsaverroes.juntadeandalucia.es\/colegioasensiogranados\/files\/2025\/12\/WhatsApp-Image-2025-12-21-at-01.14.36.jpeg\" alt=\"\" width=\"1600\" height=\"1200\" srcset=\"https:\/\/blogsaverroes.juntadeandalucia.es\/colegioasensiogranados\/files\/2025\/12\/WhatsApp-Image-2025-12-21-at-01.14.36.jpeg 1600w, https:\/\/blogsaverroes.juntadeandalucia.es\/colegioasensiogranados\/files\/2025\/12\/WhatsApp-Image-2025-12-21-at-01.14.36-300x225.jpeg 300w, https:\/\/blogsaverroes.juntadeandalucia.es\/colegioasensiogranados\/files\/2025\/12\/WhatsApp-Image-2025-12-21-at-01.14.36-1024x768.jpeg 1024w, https:\/\/blogsaverroes.juntadeandalucia.es\/colegioasensiogranados\/files\/2025\/12\/WhatsApp-Image-2025-12-21-at-01.14.36-768x576.jpeg 768w, https:\/\/blogsaverroes.juntadeandalucia.es\/colegioasensiogranados\/files\/2025\/12\/WhatsApp-Image-2025-12-21-at-01.14.36-1536x1152.jpeg 1536w\" sizes=\"(max-width: 1600px) 100vw, 1600px\" \/><\/p>\n<p>Para favorecer la creatividad y potenciar la expresi\u00f3n escrita de nuestro alumnado, organizamos un concurso de dibujo (infantil) y de felicitaciones (primaria) con cuyos ganadores compusimos la tradicional felicitaci\u00f3n que hicimos llegar a la comunidad educativa.&nbsp;<\/p>\n<p><img loading=\"lazy\" decoding=\"async\" class=\"alignnone wp-image-8854 size-full\" src=\"https:\/\/blogsaverroes.juntadeandalucia.es\/colegioasensiogranados\/files\/2025\/12\/Copia-de-Presentacion-la-magia-de-la-navidad-ilustrativo-infantil-beis.gif\" alt=\"\" width=\"1152\" height=\"648\"> <img loading=\"lazy\" decoding=\"async\" class=\"alignnone wp-image-8855 size-full\" src=\"https:\/\/blogsaverroes.juntadeandalucia.es\/colegioasensiogranados\/files\/2025\/12\/felicitacion.jpg\" alt=\"\" width=\"1487\" height=\"837\" srcset=\"https:\/\/blogsaverroes.juntadeandalucia.es\/colegioasensiogranados\/files\/2025\/12\/felicitacion.jpg 1487w, https:\/\/blogsaverroes.juntadeandalucia.es\/colegioasensiogranados\/files\/2025\/12\/felicitacion-300x169.jpg 300w, https:\/\/blogsaverroes.juntadeandalucia.es\/colegioasensiogranados\/files\/2025\/12\/felicitacion-1024x576.jpg 1024w, https:\/\/blogsaverroes.juntadeandalucia.es\/colegioasensiogranados\/files\/2025\/12\/felicitacion-768x432.jpg 768w\" sizes=\"(max-width: 1487px) 100vw, 1487px\" \/><\/p>\n<p style=\"text-align: justify\">Como otra actividad solidaria para fomentar la convivencia, el respeto, la&nbsp; empat\u00eda y el aprendizaje servicio, el alumnado de 5.\u00ba de primaria fue a cantar villancicos a la residencia de mayores y al centro de d\u00eda para alegrarles la ma\u00f1ana a nuestros abuelos y abuelas.<\/p>\n<p><img loading=\"lazy\" decoding=\"async\" class=\"alignnone wp-image-8839 size-full\" src=\"https:\/\/blogsaverroes.juntadeandalucia.es\/colegioasensiogranados\/files\/2025\/12\/WhatsApp-Image-2025-12-18-at-12.20.09.jpeg\" alt=\"\" width=\"2040\" height=\"1536\" srcset=\"https:\/\/blogsaverroes.juntadeandalucia.es\/colegioasensiogranados\/files\/2025\/12\/WhatsApp-Image-2025-12-18-at-12.20.09.jpeg 1600w, https:\/\/blogsaverroes.juntadeandalucia.es\/colegioasensiogranados\/files\/2025\/12\/WhatsApp-Image-2025-12-18-at-12.20.09-300x226.jpeg 300w, https:\/\/blogsaverroes.juntadeandalucia.es\/colegioasensiogranados\/files\/2025\/12\/WhatsApp-Image-2025-12-18-at-12.20.09-1024x771.jpeg 1024w, https:\/\/blogsaverroes.juntadeandalucia.es\/colegioasensiogranados\/files\/2025\/12\/WhatsApp-Image-2025-12-18-at-12.20.09-768x578.jpeg 768w, https:\/\/blogsaverroes.juntadeandalucia.es\/colegioasensiogranados\/files\/2025\/12\/WhatsApp-Image-2025-12-18-at-12.20.09-1536x1157.jpeg 1536w\" sizes=\"(max-width: 2040px) 100vw, 2040px\" \/> <img loading=\"lazy\" decoding=\"async\" class=\"alignnone wp-image-8840 size-full\" src=\"https:\/\/blogsaverroes.juntadeandalucia.es\/colegioasensiogranados\/files\/2025\/12\/WhatsApp-Image-2025-12-18-at-12.20.05.jpeg\" alt=\"\" width=\"1600\" height=\"739\" srcset=\"https:\/\/blogsaverroes.juntadeandalucia.es\/colegioasensiogranados\/files\/2025\/12\/WhatsApp-Image-2025-12-18-at-12.20.05.jpeg 1600w, https:\/\/blogsaverroes.juntadeandalucia.es\/colegioasensiogranados\/files\/2025\/12\/WhatsApp-Image-2025-12-18-at-12.20.05-300x139.jpeg 300w, https:\/\/blogsaverroes.juntadeandalucia.es\/colegioasensiogranados\/files\/2025\/12\/WhatsApp-Image-2025-12-18-at-12.20.05-1024x473.jpeg 1024w, https:\/\/blogsaverroes.juntadeandalucia.es\/colegioasensiogranados\/files\/2025\/12\/WhatsApp-Image-2025-12-18-at-12.20.05-768x355.jpeg 768w, https:\/\/blogsaverroes.juntadeandalucia.es\/colegioasensiogranados\/files\/2025\/12\/WhatsApp-Image-2025-12-18-at-12.20.05-1536x709.jpeg 1536w\" sizes=\"(max-width: 1600px) 100vw, 1600px\" \/> <img loading=\"lazy\" decoding=\"async\" class=\"alignnone wp-image-8841 size-full\" src=\"https:\/\/blogsaverroes.juntadeandalucia.es\/colegioasensiogranados\/files\/2025\/12\/WhatsApp-Image-2025-12-18-at-12.20.03.jpeg\" alt=\"\" width=\"1600\" height=\"1204\" srcset=\"https:\/\/blogsaverroes.juntadeandalucia.es\/colegioasensiogranados\/files\/2025\/12\/WhatsApp-Image-2025-12-18-at-12.20.03.jpeg 1600w, https:\/\/blogsaverroes.juntadeandalucia.es\/colegioasensiogranados\/files\/2025\/12\/WhatsApp-Image-2025-12-18-at-12.20.03-300x226.jpeg 300w, https:\/\/blogsaverroes.juntadeandalucia.es\/colegioasensiogranados\/files\/2025\/12\/WhatsApp-Image-2025-12-18-at-12.20.03-1024x771.jpeg 1024w, https:\/\/blogsaverroes.juntadeandalucia.es\/colegioasensiogranados\/files\/2025\/12\/WhatsApp-Image-2025-12-18-at-12.20.03-768x578.jpeg 768w, https:\/\/blogsaverroes.juntadeandalucia.es\/colegioasensiogranados\/files\/2025\/12\/WhatsApp-Image-2025-12-18-at-12.20.03-1536x1156.jpeg 1536w\" sizes=\"(max-width: 1600px) 100vw, 1600px\" \/><\/p>\n<p style=\"text-align: justify\">Adem\u00e1s, nuestro alumnado de primer ciclo disfrut\u00f3 de una visita al Bel\u00e9n que est\u00e1 en el Calvario para poder vivir y sentir la tradici\u00f3n del pueblo. Y nuestros peque\u00f1os recibieron la m\u00e1gica visita de sus Majestades Los Reyes Magos de Oriente a los que les entregaron sus cartas. Como recompensa a su buen comportamiento y gran trabajo realizado durante este trimestre, recibieron un presente de las manos de nuestras Majestades.&nbsp;&nbsp;&nbsp;<\/p>\n<p><img loading=\"lazy\" decoding=\"async\" class=\"alignnone wp-image-8844 size-full\" src=\"https:\/\/blogsaverroes.juntadeandalucia.es\/colegioasensiogranados\/files\/2025\/12\/Foto-de-Isabel-Andreo-Leal.jpg\" alt=\"\" width=\"1600\" height=\"900\" srcset=\"https:\/\/blogsaverroes.juntadeandalucia.es\/colegioasensiogranados\/files\/2025\/12\/Foto-de-Isabel-Andreo-Leal.jpg 1600w, https:\/\/blogsaverroes.juntadeandalucia.es\/colegioasensiogranados\/files\/2025\/12\/Foto-de-Isabel-Andreo-Leal-300x169.jpg 300w, https:\/\/blogsaverroes.juntadeandalucia.es\/colegioasensiogranados\/files\/2025\/12\/Foto-de-Isabel-Andreo-Leal-1024x576.jpg 1024w, https:\/\/blogsaverroes.juntadeandalucia.es\/colegioasensiogranados\/files\/2025\/12\/Foto-de-Isabel-Andreo-Leal-768x432.jpg 768w, https:\/\/blogsaverroes.juntadeandalucia.es\/colegioasensiogranados\/files\/2025\/12\/Foto-de-Isabel-Andreo-Leal-1536x864.jpg 1536w\" sizes=\"(max-width: 1600px) 100vw, 1600px\" \/><img loading=\"lazy\" decoding=\"async\" class=\"alignnone wp-image-8842 size-full\" src=\"https:\/\/blogsaverroes.juntadeandalucia.es\/colegioasensiogranados\/files\/2025\/12\/Foto-de-Isabel-Andreo-Leal-2.jpg\" alt=\"\" width=\"1600\" height=\"900\" srcset=\"https:\/\/blogsaverroes.juntadeandalucia.es\/colegioasensiogranados\/files\/2025\/12\/Foto-de-Isabel-Andreo-Leal-2.jpg 1600w, https:\/\/blogsaverroes.juntadeandalucia.es\/colegioasensiogranados\/files\/2025\/12\/Foto-de-Isabel-Andreo-Leal-2-300x169.jpg 300w, https:\/\/blogsaverroes.juntadeandalucia.es\/colegioasensiogranados\/files\/2025\/12\/Foto-de-Isabel-Andreo-Leal-2-1024x576.jpg 1024w, https:\/\/blogsaverroes.juntadeandalucia.es\/colegioasensiogranados\/files\/2025\/12\/Foto-de-Isabel-Andreo-Leal-2-768x432.jpg 768w, https:\/\/blogsaverroes.juntadeandalucia.es\/colegioasensiogranados\/files\/2025\/12\/Foto-de-Isabel-Andreo-Leal-2-1536x864.jpg 1536w\" sizes=\"(max-width: 1600px) 100vw, 1600px\" \/> <img loading=\"lazy\" decoding=\"async\" class=\"alignnone wp-image-8843 size-full\" src=\"https:\/\/blogsaverroes.juntadeandalucia.es\/colegioasensiogranados\/files\/2025\/12\/Foto-de-Isabel-Andreo-Leal-1.jpg\" alt=\"\" width=\"1600\" height=\"900\" srcset=\"https:\/\/blogsaverroes.juntadeandalucia.es\/colegioasensiogranados\/files\/2025\/12\/Foto-de-Isabel-Andreo-Leal-1.jpg 1600w, https:\/\/blogsaverroes.juntadeandalucia.es\/colegioasensiogranados\/files\/2025\/12\/Foto-de-Isabel-Andreo-Leal-1-300x169.jpg 300w, https:\/\/blogsaverroes.juntadeandalucia.es\/colegioasensiogranados\/files\/2025\/12\/Foto-de-Isabel-Andreo-Leal-1-1024x576.jpg 1024w, https:\/\/blogsaverroes.juntadeandalucia.es\/colegioasensiogranados\/files\/2025\/12\/Foto-de-Isabel-Andreo-Leal-1-768x432.jpg 768w, https:\/\/blogsaverroes.juntadeandalucia.es\/colegioasensiogranados\/files\/2025\/12\/Foto-de-Isabel-Andreo-Leal-1-1536x864.jpg 1536w\" sizes=\"(max-width: 1600px) 100vw, 1600px\" \/><\/p>\n<p>&nbsp;<\/p>\n<p style=\"text-align: justify\">Toda esta programaci\u00f3n es mucho m\u00e1s que un espect\u00e1culo, es el conjunto de actividades organizadas y sobre todo es la celebraci\u00f3n del esfuerzo colectivo, la creatividad y los valores que deseamos inculcar en nuestro alumnado. Agradecemos a todos los padres, maestros y alumnos que hacen posible este evento tan especial, y esperamos que todos disfruten de las m\u00e1gicas actuaciones que hemos preparado con tanta ilusi\u00f3n.<\/p>\n<p>&nbsp;<\/p>\n<p style=\"text-align: center\"><span style=\"color: #ff0000\"><strong>\u00a1Felices fiestas y que la magia de la Navidad nos acompa\u00f1e a todos!<\/strong><\/span><\/p>\n<p>&nbsp;<\/p>\n<p style=\"text-align: right\">Isabel Andreo (tutora de 6\u00ba de primaria)<\/p>\n<p><img loading=\"lazy\" decoding=\"async\" class=\"wp-image-8850 size-full aligncenter\" src=\"https:\/\/blogsaverroes.juntadeandalucia.es\/colegioasensiogranados\/files\/2025\/12\/navi11-1.jpg\" alt=\"\" width=\"990\" height=\"148\" srcset=\"https:\/\/blogsaverroes.juntadeandalucia.es\/colegioasensiogranados\/files\/2025\/12\/navi11-1.jpg 990w, https:\/\/blogsaverroes.juntadeandalucia.es\/colegioasensiogranados\/files\/2025\/12\/navi11-1-300x45.jpg 300w, https:\/\/blogsaverroes.juntadeandalucia.es\/colegioasensiogranados\/files\/2025\/12\/navi11-1-768x115.jpg 768w, https:\/\/blogsaverroes.juntadeandalucia.es\/colegioasensiogranados\/files\/2025\/12\/navi11-1-980x148.jpg 980w\" sizes=\"(max-width: 990px) 100vw, 990px\" \/><\/p>\n","protected":false},"excerpt":{"rendered":"<p>&nbsp; &nbsp; &nbsp; Con la llegada de la Navidad, nuestro cole se viste de gala para celebrar una de las \u00e9pocas m\u00e1s m\u00e1gicas del a\u00f1o. Se llevan a cabo un sinf\u00edn de acciones para&#46;&#46;&#46;<\/p>\n","protected":false},"author":2414,"featured_media":8847,"comment_status":"open","ping_status":"open","sticky":false,"template":"","format":"standard","meta":{"ngg_post_thumbnail":0,"footnotes":""},"categories":[11909],"tags":[],"aioseo_notices":[],"_links":{"self":[{"href":"https:\/\/blogsaverroes.juntadeandalucia.es\/colegioasensiogranados\/wp-json\/wp\/v2\/posts\/8831"}],"collection":[{"href":"https:\/\/blogsaverroes.juntadeandalucia.es\/colegioasensiogranados\/wp-json\/wp\/v2\/posts"}],"about":[{"href":"https:\/\/blogsaverroes.juntadeandalucia.es\/colegioasensiogranados\/wp-json\/wp\/v2\/types\/post"}],"author":[{"embeddable":true,"href":"https:\/\/blogsaverroes.juntadeandalucia.es\/colegioasensiogranados\/wp-json\/wp\/v2\/users\/2414"}],"replies":[{"embeddable":true,"href":"https:\/\/blogsaverroes.juntadeandalucia.es\/colegioasensiogranados\/wp-json\/wp\/v2\/comments?post=8831"}],"version-history":[{"count":10,"href":"https:\/\/blogsaverroes.juntadeandalucia.es\/colegioasensiogranados\/wp-json\/wp\/v2\/posts\/8831\/revisions"}],"predecessor-version":[{"id":8859,"href":"https:\/\/blogsaverroes.juntadeandalucia.es\/colegioasensiogranados\/wp-json\/wp\/v2\/posts\/8831\/revisions\/8859"}],"wp:featuredmedia":[{"embeddable":true,"href":"https:\/\/blogsaverroes.juntadeandalucia.es\/colegioasensiogranados\/wp-json\/wp\/v2\/media\/8847"}],"wp:attachment":[{"href":"https:\/\/blogsaverroes.juntadeandalucia.es\/colegioasensiogranados\/wp-json\/wp\/v2\/media?parent=8831"}],"wp:term":[{"taxonomy":"category","embeddable":true,"href":"https:\/\/blogsaverroes.juntadeandalucia.es\/colegioasensiogranados\/wp-json\/wp\/v2\/categories?post=8831"},{"taxonomy":"post_tag","embeddable":true,"href":"https:\/\/blogsaverroes.juntadeandalucia.es\/colegioasensiogranados\/wp-json\/wp\/v2\/tags?post=8831"}],"curies":[{"name":"wp","href":"https:\/\/api.w.org\/{rel}","templated":true}]}}