{"id":8874,"date":"2026-01-30T07:00:32","date_gmt":"2026-01-30T07:00:32","guid":{"rendered":"https:\/\/blogsaverroes.juntadeandalucia.es\/colegioasensiogranados\/?p=8874"},"modified":"2026-02-02T14:41:57","modified_gmt":"2026-02-02T14:41:57","slug":"dia-de-la-paz-2026","status":"publish","type":"post","link":"https:\/\/blogsaverroes.juntadeandalucia.es\/colegioasensiogranados\/2026\/01\/30\/dia-de-la-paz-2026\/","title":{"rendered":"D\u00cdA DE LA PAZ 2026"},"content":{"rendered":"<p><img loading=\"lazy\" decoding=\"async\" class=\"alignnone wp-image-8875 size-full\" src=\"https:\/\/blogsaverroes.juntadeandalucia.es\/colegioasensiogranados\/files\/2026\/02\/paaz.jpg\" alt=\"\" width=\"787\" height=\"459\" srcset=\"https:\/\/blogsaverroes.juntadeandalucia.es\/colegioasensiogranados\/files\/2026\/02\/paaz.jpg 787w, https:\/\/blogsaverroes.juntadeandalucia.es\/colegioasensiogranados\/files\/2026\/02\/paaz-300x175.jpg 300w, https:\/\/blogsaverroes.juntadeandalucia.es\/colegioasensiogranados\/files\/2026\/02\/paaz-768x448.jpg 768w\" sizes=\"(max-width: 787px) 100vw, 787px\" \/><\/p>\n<p style=\"text-align: center\"><span style=\"color: #3366ff\"><strong>Celebramos el D\u00eda de la Paz: educar en valores para construir un mundo mejor<\/strong><\/span><\/p>\n<p style=\"text-align: justify\">&nbsp; <span style=\"color: #000000\">&nbsp; Cada 30 de enero, nuestro centro educativo conmemora el <strong>D\u00eda Escolar de la No Violencia y la Paz<\/strong>, una efem\u00e9ride muy especial que nos invita a reflexionar sobre valores fundamentales como el respeto, la solidaridad, la empat\u00eda, la igualdad y la resoluci\u00f3n pac\u00edfica de los conflictos. Sin embargo, en nuestro colegio entendemos que la educaci\u00f3n en la paz no se limita a un solo d\u00eda, sino que es un compromiso que se trabaja <strong>de manera transversal a lo largo de todo el curso<\/strong>.<\/span><\/p>\n<p style=\"text-align: justify\"><span style=\"color: #000000\">Desde las distintas \u00e1reas y etapas educativas, fomentamos actitudes y comportamientos que ayuden a nuestro alumnado a crecer como personas responsables, cr\u00edticas y comprometidas con su entorno. El trabajo cooperativo, el di\u00e1logo, la convivencia positiva y la ayuda mutua forman parte de nuestro d\u00eda a d\u00eda en las aulas.<\/span><\/p>\n<p style=\"text-align: justify\"><span style=\"color: #000000\"><strong>Actividades de centro: el \u00c1rbol de la Paz<\/strong><\/span><\/p>\n<p style=\"text-align: justify\"><span style=\"color: #000000\">Este curso, la celebraci\u00f3n del D\u00eda de la Paz ha tenido como eje central una actividad com\u00fan a todo el centro: <strong>el \u00c1rbol de la Paz<\/strong>. Para su elaboraci\u00f3n, el alumnado ha participado activamente en la <strong>recolecci\u00f3n de pi\u00f1as<\/strong>, que posteriormente han sido decoradas en las clases de Educaci\u00f3n Art\u00edstica.<\/span><br \/>\n<span style=\"color: #000000\">Cada grupo ha pintado sus pi\u00f1as de un color diferente, simbolizando la diversidad que nos enriquece y la importancia de convivir desde el respeto a las diferencias.<\/span><\/p>\n<p style=\"text-align: justify\"><span style=\"color: #000000\">El resultado ha sido una creaci\u00f3n colectiva cargada de significado, que representa el compromiso de toda la comunidad educativa con la paz y los valores que esta conlleva. Nuestro \u00e1rbol de la Paz estar\u00e1 en el pasillo de la planta baja para que todos podamos disfrutar de \u00e9l.<\/span><\/p>\n<p><span style=\"color: #000000\"><img loading=\"lazy\" decoding=\"async\" class=\"alignnone wp-image-8881 size-large\" src=\"https:\/\/blogsaverroes.juntadeandalucia.es\/colegioasensiogranados\/files\/2026\/02\/IMG-20260130-WA0011-768x1024.jpg\" alt=\"\" width=\"768\" height=\"1024\" srcset=\"https:\/\/blogsaverroes.juntadeandalucia.es\/colegioasensiogranados\/files\/2026\/02\/IMG-20260130-WA0011-768x1024.jpg 768w, https:\/\/blogsaverroes.juntadeandalucia.es\/colegioasensiogranados\/files\/2026\/02\/IMG-20260130-WA0011-225x300.jpg 225w, https:\/\/blogsaverroes.juntadeandalucia.es\/colegioasensiogranados\/files\/2026\/02\/IMG-20260130-WA0011-1152x1536.jpg 1152w, https:\/\/blogsaverroes.juntadeandalucia.es\/colegioasensiogranados\/files\/2026\/02\/IMG-20260130-WA0011.jpg 1200w\" sizes=\"(max-width: 768px) 100vw, 768px\" \/><img loading=\"lazy\" decoding=\"async\" class=\"alignnone wp-image-8880 size-large\" src=\"https:\/\/blogsaverroes.juntadeandalucia.es\/colegioasensiogranados\/files\/2026\/02\/IMG-20260130-WA0026-1-1024x768.jpg\" alt=\"\" width=\"1024\" height=\"768\" srcset=\"https:\/\/blogsaverroes.juntadeandalucia.es\/colegioasensiogranados\/files\/2026\/02\/IMG-20260130-WA0026-1-1024x768.jpg 1024w, https:\/\/blogsaverroes.juntadeandalucia.es\/colegioasensiogranados\/files\/2026\/02\/IMG-20260130-WA0026-1-300x225.jpg 300w, https:\/\/blogsaverroes.juntadeandalucia.es\/colegioasensiogranados\/files\/2026\/02\/IMG-20260130-WA0026-1-768x576.jpg 768w, https:\/\/blogsaverroes.juntadeandalucia.es\/colegioasensiogranados\/files\/2026\/02\/IMG-20260130-WA0026-1-1536x1152.jpg 1536w, https:\/\/blogsaverroes.juntadeandalucia.es\/colegioasensiogranados\/files\/2026\/02\/IMG-20260130-WA0026-1.jpg 1600w\" sizes=\"(max-width: 1024px) 100vw, 1024px\" \/> <img loading=\"lazy\" decoding=\"async\" class=\"alignnone wp-image-8882 size-full\" src=\"https:\/\/blogsaverroes.juntadeandalucia.es\/colegioasensiogranados\/files\/2026\/02\/storage_emulated_0_Android_media_com.whatsapp_WhatsApp_Media_WhatsApp-Images_IMG-20260130-WA0032.jpg\" alt=\"\" width=\"1024\" height=\"1536\" srcset=\"https:\/\/blogsaverroes.juntadeandalucia.es\/colegioasensiogranados\/files\/2026\/02\/storage_emulated_0_Android_media_com.whatsapp_WhatsApp_Media_WhatsApp-Images_IMG-20260130-WA0032.jpg 1024w, https:\/\/blogsaverroes.juntadeandalucia.es\/colegioasensiogranados\/files\/2026\/02\/storage_emulated_0_Android_media_com.whatsapp_WhatsApp_Media_WhatsApp-Images_IMG-20260130-WA0032-200x300.jpg 200w, https:\/\/blogsaverroes.juntadeandalucia.es\/colegioasensiogranados\/files\/2026\/02\/storage_emulated_0_Android_media_com.whatsapp_WhatsApp_Media_WhatsApp-Images_IMG-20260130-WA0032-683x1024.jpg 683w, https:\/\/blogsaverroes.juntadeandalucia.es\/colegioasensiogranados\/files\/2026\/02\/storage_emulated_0_Android_media_com.whatsapp_WhatsApp_Media_WhatsApp-Images_IMG-20260130-WA0032-768x1152.jpg 768w\" sizes=\"(max-width: 1024px) 100vw, 1024px\" \/><\/span><\/p>\n<p style=\"text-align: justify\"><span style=\"color: #000000\"><strong>Aprendizaje-servicio y tutor\u00eda entre iguales<\/strong><\/span><\/p>\n<p style=\"text-align: justify\"><span style=\"color: #000000\">Esta actividad ha permitido, adem\u00e1s, reforzar metodolog\u00edas como el <strong>aprendizaje-servicio<\/strong> y la <strong>tutor\u00eda entre iguales<\/strong>. El alumnado del tercer ciclo ha asumido un papel protagonista ayudando y acompa\u00f1ando al alumnado de Educaci\u00f3n Infantil durante el desarrollo de la actividad, favoreciendo as\u00ed la cooperaci\u00f3n, la responsabilidad y el aprendizaje mutuo.<\/span><\/p>\n<p style=\"text-align: justify\"><span style=\"color: #000000\">Este tipo de experiencias no solo fortalecen los lazos entre etapas, sino que tambi\u00e9n contribuyen al desarrollo emocional y social del alumnado, promoviendo modelos positivos de convivencia y apoyo.<\/span><\/p>\n<p><span style=\"color: #000000\"><img loading=\"lazy\" decoding=\"async\" class=\"alignnone wp-image-8883 size-full\" src=\"https:\/\/blogsaverroes.juntadeandalucia.es\/colegioasensiogranados\/files\/2026\/02\/IMG-20260129-WA0012.jpg\" alt=\"\" width=\"2040\" height=\"1536\" srcset=\"https:\/\/blogsaverroes.juntadeandalucia.es\/colegioasensiogranados\/files\/2026\/02\/IMG-20260129-WA0012.jpg 1600w, https:\/\/blogsaverroes.juntadeandalucia.es\/colegioasensiogranados\/files\/2026\/02\/IMG-20260129-WA0012-300x226.jpg 300w, https:\/\/blogsaverroes.juntadeandalucia.es\/colegioasensiogranados\/files\/2026\/02\/IMG-20260129-WA0012-1024x771.jpg 1024w, https:\/\/blogsaverroes.juntadeandalucia.es\/colegioasensiogranados\/files\/2026\/02\/IMG-20260129-WA0012-768x578.jpg 768w, https:\/\/blogsaverroes.juntadeandalucia.es\/colegioasensiogranados\/files\/2026\/02\/IMG-20260129-WA0012-1536x1157.jpg 1536w\" sizes=\"(max-width: 2040px) 100vw, 2040px\" \/> <img loading=\"lazy\" decoding=\"async\" class=\"alignnone wp-image-8884 size-full\" src=\"https:\/\/blogsaverroes.juntadeandalucia.es\/colegioasensiogranados\/files\/2026\/02\/IMG-20260129-WA0011.jpg\" alt=\"\" width=\"2040\" height=\"1536\" srcset=\"https:\/\/blogsaverroes.juntadeandalucia.es\/colegioasensiogranados\/files\/2026\/02\/IMG-20260129-WA0011.jpg 1600w, https:\/\/blogsaverroes.juntadeandalucia.es\/colegioasensiogranados\/files\/2026\/02\/IMG-20260129-WA0011-300x226.jpg 300w, https:\/\/blogsaverroes.juntadeandalucia.es\/colegioasensiogranados\/files\/2026\/02\/IMG-20260129-WA0011-1024x771.jpg 1024w, https:\/\/blogsaverroes.juntadeandalucia.es\/colegioasensiogranados\/files\/2026\/02\/IMG-20260129-WA0011-768x578.jpg 768w, https:\/\/blogsaverroes.juntadeandalucia.es\/colegioasensiogranados\/files\/2026\/02\/IMG-20260129-WA0011-1536x1157.jpg 1536w\" sizes=\"(max-width: 2040px) 100vw, 2040px\" \/> <img loading=\"lazy\" decoding=\"async\" class=\"alignnone wp-image-8885 size-full\" src=\"https:\/\/blogsaverroes.juntadeandalucia.es\/colegioasensiogranados\/files\/2026\/02\/IMG-20260129-WA0010.jpg\" alt=\"\" width=\"2040\" height=\"1536\" srcset=\"https:\/\/blogsaverroes.juntadeandalucia.es\/colegioasensiogranados\/files\/2026\/02\/IMG-20260129-WA0010.jpg 1600w, https:\/\/blogsaverroes.juntadeandalucia.es\/colegioasensiogranados\/files\/2026\/02\/IMG-20260129-WA0010-300x226.jpg 300w, https:\/\/blogsaverroes.juntadeandalucia.es\/colegioasensiogranados\/files\/2026\/02\/IMG-20260129-WA0010-1024x771.jpg 1024w, https:\/\/blogsaverroes.juntadeandalucia.es\/colegioasensiogranados\/files\/2026\/02\/IMG-20260129-WA0010-768x578.jpg 768w, https:\/\/blogsaverroes.juntadeandalucia.es\/colegioasensiogranados\/files\/2026\/02\/IMG-20260129-WA0010-1536x1157.jpg 1536w\" sizes=\"(max-width: 2040px) 100vw, 2040px\" \/> <img loading=\"lazy\" decoding=\"async\" class=\"alignnone wp-image-8886 size-full\" src=\"https:\/\/blogsaverroes.juntadeandalucia.es\/colegioasensiogranados\/files\/2026\/02\/IMG-20260129-WA0009.jpg\" alt=\"\" width=\"2040\" height=\"1536\" srcset=\"https:\/\/blogsaverroes.juntadeandalucia.es\/colegioasensiogranados\/files\/2026\/02\/IMG-20260129-WA0009.jpg 1600w, https:\/\/blogsaverroes.juntadeandalucia.es\/colegioasensiogranados\/files\/2026\/02\/IMG-20260129-WA0009-300x226.jpg 300w, https:\/\/blogsaverroes.juntadeandalucia.es\/colegioasensiogranados\/files\/2026\/02\/IMG-20260129-WA0009-1024x771.jpg 1024w, https:\/\/blogsaverroes.juntadeandalucia.es\/colegioasensiogranados\/files\/2026\/02\/IMG-20260129-WA0009-768x578.jpg 768w, https:\/\/blogsaverroes.juntadeandalucia.es\/colegioasensiogranados\/files\/2026\/02\/IMG-20260129-WA0009-1536x1157.jpg 1536w\" sizes=\"(max-width: 2040px) 100vw, 2040px\" \/> <img loading=\"lazy\" decoding=\"async\" class=\"alignnone wp-image-8887 size-full\" src=\"https:\/\/blogsaverroes.juntadeandalucia.es\/colegioasensiogranados\/files\/2026\/02\/IMG-20260129-WA0008.jpg\" alt=\"\" width=\"2040\" height=\"1536\" srcset=\"https:\/\/blogsaverroes.juntadeandalucia.es\/colegioasensiogranados\/files\/2026\/02\/IMG-20260129-WA0008.jpg 1600w, https:\/\/blogsaverroes.juntadeandalucia.es\/colegioasensiogranados\/files\/2026\/02\/IMG-20260129-WA0008-300x226.jpg 300w, https:\/\/blogsaverroes.juntadeandalucia.es\/colegioasensiogranados\/files\/2026\/02\/IMG-20260129-WA0008-1024x771.jpg 1024w, https:\/\/blogsaverroes.juntadeandalucia.es\/colegioasensiogranados\/files\/2026\/02\/IMG-20260129-WA0008-768x578.jpg 768w, https:\/\/blogsaverroes.juntadeandalucia.es\/colegioasensiogranados\/files\/2026\/02\/IMG-20260129-WA0008-1536x1157.jpg 1536w\" sizes=\"(max-width: 2040px) 100vw, 2040px\" \/> <img loading=\"lazy\" decoding=\"async\" class=\"alignnone wp-image-8888 size-full\" src=\"https:\/\/blogsaverroes.juntadeandalucia.es\/colegioasensiogranados\/files\/2026\/02\/IMG-20260129-WA0007.jpg\" alt=\"\" width=\"2040\" height=\"1536\" srcset=\"https:\/\/blogsaverroes.juntadeandalucia.es\/colegioasensiogranados\/files\/2026\/02\/IMG-20260129-WA0007.jpg 1600w, https:\/\/blogsaverroes.juntadeandalucia.es\/colegioasensiogranados\/files\/2026\/02\/IMG-20260129-WA0007-300x226.jpg 300w, https:\/\/blogsaverroes.juntadeandalucia.es\/colegioasensiogranados\/files\/2026\/02\/IMG-20260129-WA0007-1024x771.jpg 1024w, https:\/\/blogsaverroes.juntadeandalucia.es\/colegioasensiogranados\/files\/2026\/02\/IMG-20260129-WA0007-768x578.jpg 768w, https:\/\/blogsaverroes.juntadeandalucia.es\/colegioasensiogranados\/files\/2026\/02\/IMG-20260129-WA0007-1536x1157.jpg 1536w\" sizes=\"(max-width: 2040px) 100vw, 2040px\" \/> <img loading=\"lazy\" decoding=\"async\" class=\"alignnone wp-image-8889 size-full\" src=\"https:\/\/blogsaverroes.juntadeandalucia.es\/colegioasensiogranados\/files\/2026\/02\/IMG-20260129-WA0006.jpg\" alt=\"\" width=\"2040\" height=\"1536\" srcset=\"https:\/\/blogsaverroes.juntadeandalucia.es\/colegioasensiogranados\/files\/2026\/02\/IMG-20260129-WA0006.jpg 1600w, https:\/\/blogsaverroes.juntadeandalucia.es\/colegioasensiogranados\/files\/2026\/02\/IMG-20260129-WA0006-300x226.jpg 300w, https:\/\/blogsaverroes.juntadeandalucia.es\/colegioasensiogranados\/files\/2026\/02\/IMG-20260129-WA0006-1024x771.jpg 1024w, https:\/\/blogsaverroes.juntadeandalucia.es\/colegioasensiogranados\/files\/2026\/02\/IMG-20260129-WA0006-768x578.jpg 768w, https:\/\/blogsaverroes.juntadeandalucia.es\/colegioasensiogranados\/files\/2026\/02\/IMG-20260129-WA0006-1536x1157.jpg 1536w\" sizes=\"(max-width: 2040px) 100vw, 2040px\" \/> <img loading=\"lazy\" decoding=\"async\" class=\"alignnone wp-image-8890 size-full\" src=\"https:\/\/blogsaverroes.juntadeandalucia.es\/colegioasensiogranados\/files\/2026\/02\/IMG-20260129-WA0005.jpg\" alt=\"\" width=\"2040\" height=\"1536\" srcset=\"https:\/\/blogsaverroes.juntadeandalucia.es\/colegioasensiogranados\/files\/2026\/02\/IMG-20260129-WA0005.jpg 1600w, https:\/\/blogsaverroes.juntadeandalucia.es\/colegioasensiogranados\/files\/2026\/02\/IMG-20260129-WA0005-300x226.jpg 300w, https:\/\/blogsaverroes.juntadeandalucia.es\/colegioasensiogranados\/files\/2026\/02\/IMG-20260129-WA0005-1024x771.jpg 1024w, https:\/\/blogsaverroes.juntadeandalucia.es\/colegioasensiogranados\/files\/2026\/02\/IMG-20260129-WA0005-768x578.jpg 768w, https:\/\/blogsaverroes.juntadeandalucia.es\/colegioasensiogranados\/files\/2026\/02\/IMG-20260129-WA0005-1536x1157.jpg 1536w\" sizes=\"(max-width: 2040px) 100vw, 2040px\" \/> <img loading=\"lazy\" decoding=\"async\" class=\"alignnone wp-image-8891 size-full\" src=\"https:\/\/blogsaverroes.juntadeandalucia.es\/colegioasensiogranados\/files\/2026\/02\/IMG-20260129-WA0004.jpg\" alt=\"\" width=\"2040\" height=\"1536\" srcset=\"https:\/\/blogsaverroes.juntadeandalucia.es\/colegioasensiogranados\/files\/2026\/02\/IMG-20260129-WA0004.jpg 1600w, https:\/\/blogsaverroes.juntadeandalucia.es\/colegioasensiogranados\/files\/2026\/02\/IMG-20260129-WA0004-300x226.jpg 300w, https:\/\/blogsaverroes.juntadeandalucia.es\/colegioasensiogranados\/files\/2026\/02\/IMG-20260129-WA0004-1024x771.jpg 1024w, https:\/\/blogsaverroes.juntadeandalucia.es\/colegioasensiogranados\/files\/2026\/02\/IMG-20260129-WA0004-768x578.jpg 768w, https:\/\/blogsaverroes.juntadeandalucia.es\/colegioasensiogranados\/files\/2026\/02\/IMG-20260129-WA0004-1536x1157.jpg 1536w\" sizes=\"(max-width: 2040px) 100vw, 2040px\" \/> <img loading=\"lazy\" decoding=\"async\" class=\"alignnone wp-image-8892 size-full\" src=\"https:\/\/blogsaverroes.juntadeandalucia.es\/colegioasensiogranados\/files\/2026\/02\/IMG-20260129-WA0003.jpg\" alt=\"\" width=\"2040\" height=\"1536\" srcset=\"https:\/\/blogsaverroes.juntadeandalucia.es\/colegioasensiogranados\/files\/2026\/02\/IMG-20260129-WA0003.jpg 1600w, https:\/\/blogsaverroes.juntadeandalucia.es\/colegioasensiogranados\/files\/2026\/02\/IMG-20260129-WA0003-300x226.jpg 300w, https:\/\/blogsaverroes.juntadeandalucia.es\/colegioasensiogranados\/files\/2026\/02\/IMG-20260129-WA0003-1024x771.jpg 1024w, https:\/\/blogsaverroes.juntadeandalucia.es\/colegioasensiogranados\/files\/2026\/02\/IMG-20260129-WA0003-768x578.jpg 768w, https:\/\/blogsaverroes.juntadeandalucia.es\/colegioasensiogranados\/files\/2026\/02\/IMG-20260129-WA0003-1536x1157.jpg 1536w\" sizes=\"(max-width: 2040px) 100vw, 2040px\" \/> <img loading=\"lazy\" decoding=\"async\" class=\"alignnone wp-image-8893 size-full\" src=\"https:\/\/blogsaverroes.juntadeandalucia.es\/colegioasensiogranados\/files\/2026\/02\/IMG-20260129-WA0002.jpg\" alt=\"\" width=\"2040\" height=\"1536\" srcset=\"https:\/\/blogsaverroes.juntadeandalucia.es\/colegioasensiogranados\/files\/2026\/02\/IMG-20260129-WA0002.jpg 1600w, https:\/\/blogsaverroes.juntadeandalucia.es\/colegioasensiogranados\/files\/2026\/02\/IMG-20260129-WA0002-300x226.jpg 300w, https:\/\/blogsaverroes.juntadeandalucia.es\/colegioasensiogranados\/files\/2026\/02\/IMG-20260129-WA0002-1024x771.jpg 1024w, https:\/\/blogsaverroes.juntadeandalucia.es\/colegioasensiogranados\/files\/2026\/02\/IMG-20260129-WA0002-768x578.jpg 768w, https:\/\/blogsaverroes.juntadeandalucia.es\/colegioasensiogranados\/files\/2026\/02\/IMG-20260129-WA0002-1536x1157.jpg 1536w\" sizes=\"(max-width: 2040px) 100vw, 2040px\" \/><\/span><\/p>\n<p style=\"text-align: justify\"><span style=\"color: #000000\"><strong>La m\u00fasica como veh\u00edculo de valores<\/strong><\/span><\/p>\n<p style=\"text-align: justify\"><span style=\"color: #000000\">La celebraci\u00f3n se ha completado con el trabajo musical en torno a la canci\u00f3n <strong>\u201cAma, ama, ensancha el alma\u201d<\/strong> de Extremoduro, que se ha trabajado tanto en su versi\u00f3n original como en versi\u00f3n coral. A trav\u00e9s de la m\u00fasica, el alumnado ha reflexionado sobre mensajes relacionados con el amor, la libertad y la humanidad, utilizando el arte como una poderosa herramienta de expresi\u00f3n y educaci\u00f3n en valores.<\/span><\/p>\n<p><span style=\"color: #000000\"><img loading=\"lazy\" decoding=\"async\" class=\"alignnone wp-image-8895 size-full\" src=\"https:\/\/blogsaverroes.juntadeandalucia.es\/colegioasensiogranados\/files\/2026\/02\/IMG-20260130-WA0029.jpg\" alt=\"\" width=\"2040\" height=\"1144\" srcset=\"https:\/\/blogsaverroes.juntadeandalucia.es\/colegioasensiogranados\/files\/2026\/02\/IMG-20260130-WA0029.jpg 1600w, https:\/\/blogsaverroes.juntadeandalucia.es\/colegioasensiogranados\/files\/2026\/02\/IMG-20260130-WA0029-300x168.jpg 300w, https:\/\/blogsaverroes.juntadeandalucia.es\/colegioasensiogranados\/files\/2026\/02\/IMG-20260130-WA0029-1024x574.jpg 1024w, https:\/\/blogsaverroes.juntadeandalucia.es\/colegioasensiogranados\/files\/2026\/02\/IMG-20260130-WA0029-768x431.jpg 768w, https:\/\/blogsaverroes.juntadeandalucia.es\/colegioasensiogranados\/files\/2026\/02\/IMG-20260130-WA0029-1536x861.jpg 1536w\" sizes=\"(max-width: 2040px) 100vw, 2040px\" \/> <img loading=\"lazy\" decoding=\"async\" class=\"alignnone wp-image-8896 size-full\" src=\"https:\/\/blogsaverroes.juntadeandalucia.es\/colegioasensiogranados\/files\/2026\/02\/IMG-20260130-WA0028.jpg\" alt=\"\" width=\"2040\" height=\"1144\" srcset=\"https:\/\/blogsaverroes.juntadeandalucia.es\/colegioasensiogranados\/files\/2026\/02\/IMG-20260130-WA0028.jpg 1600w, https:\/\/blogsaverroes.juntadeandalucia.es\/colegioasensiogranados\/files\/2026\/02\/IMG-20260130-WA0028-300x168.jpg 300w, https:\/\/blogsaverroes.juntadeandalucia.es\/colegioasensiogranados\/files\/2026\/02\/IMG-20260130-WA0028-1024x574.jpg 1024w, https:\/\/blogsaverroes.juntadeandalucia.es\/colegioasensiogranados\/files\/2026\/02\/IMG-20260130-WA0028-768x431.jpg 768w, https:\/\/blogsaverroes.juntadeandalucia.es\/colegioasensiogranados\/files\/2026\/02\/IMG-20260130-WA0028-1536x861.jpg 1536w\" sizes=\"(max-width: 2040px) 100vw, 2040px\" \/><\/span><\/p>\n<p style=\"text-align: justify\"><span style=\"color: #000000\">Adem\u00e1s, el alumnado de quinto ha elaborado poes\u00edas con la tem\u00e1tica de la Paz y han ido ley\u00e9ndolas por la radio del cole a lo largo de la ma\u00f1ana para que todos pudi\u00e9semos enriquecernos de sus versos.<\/span><\/p>\n<p><span style=\"color: #000000\"><img loading=\"lazy\" decoding=\"async\" class=\"alignnone wp-image-8905 size-full\" src=\"https:\/\/blogsaverroes.juntadeandalucia.es\/colegioasensiogranados\/files\/2026\/02\/IMG-20260130-WA0005.jpg\" alt=\"\" width=\"1600\" height=\"1200\" srcset=\"https:\/\/blogsaverroes.juntadeandalucia.es\/colegioasensiogranados\/files\/2026\/02\/IMG-20260130-WA0005.jpg 1600w, https:\/\/blogsaverroes.juntadeandalucia.es\/colegioasensiogranados\/files\/2026\/02\/IMG-20260130-WA0005-300x225.jpg 300w, https:\/\/blogsaverroes.juntadeandalucia.es\/colegioasensiogranados\/files\/2026\/02\/IMG-20260130-WA0005-1024x768.jpg 1024w, https:\/\/blogsaverroes.juntadeandalucia.es\/colegioasensiogranados\/files\/2026\/02\/IMG-20260130-WA0005-768x576.jpg 768w, https:\/\/blogsaverroes.juntadeandalucia.es\/colegioasensiogranados\/files\/2026\/02\/IMG-20260130-WA0005-1536x1152.jpg 1536w\" sizes=\"(max-width: 1600px) 100vw, 1600px\" \/><\/span><\/p>\n<p><span style=\"color: #000000\"><img loading=\"lazy\" decoding=\"async\" class=\"alignnone wp-image-8899 size-full\" src=\"https:\/\/blogsaverroes.juntadeandalucia.es\/colegioasensiogranados\/files\/2026\/02\/IMG-20260130-WA0031.jpg\" alt=\"\" width=\"2040\" height=\"1144\" srcset=\"https:\/\/blogsaverroes.juntadeandalucia.es\/colegioasensiogranados\/files\/2026\/02\/IMG-20260130-WA0031.jpg 1600w, https:\/\/blogsaverroes.juntadeandalucia.es\/colegioasensiogranados\/files\/2026\/02\/IMG-20260130-WA0031-300x168.jpg 300w, https:\/\/blogsaverroes.juntadeandalucia.es\/colegioasensiogranados\/files\/2026\/02\/IMG-20260130-WA0031-1024x574.jpg 1024w, https:\/\/blogsaverroes.juntadeandalucia.es\/colegioasensiogranados\/files\/2026\/02\/IMG-20260130-WA0031-768x431.jpg 768w, https:\/\/blogsaverroes.juntadeandalucia.es\/colegioasensiogranados\/files\/2026\/02\/IMG-20260130-WA0031-1536x861.jpg 1536w\" sizes=\"(max-width: 2040px) 100vw, 2040px\" \/> <img loading=\"lazy\" decoding=\"async\" class=\"alignnone wp-image-8900 size-full\" src=\"https:\/\/blogsaverroes.juntadeandalucia.es\/colegioasensiogranados\/files\/2026\/02\/IMG-20260130-WA0009.jpg\" alt=\"\" width=\"2048\" height=\"1536\" srcset=\"https:\/\/blogsaverroes.juntadeandalucia.es\/colegioasensiogranados\/files\/2026\/02\/IMG-20260130-WA0009.jpg 1600w, https:\/\/blogsaverroes.juntadeandalucia.es\/colegioasensiogranados\/files\/2026\/02\/IMG-20260130-WA0009-300x225.jpg 300w, https:\/\/blogsaverroes.juntadeandalucia.es\/colegioasensiogranados\/files\/2026\/02\/IMG-20260130-WA0009-1024x768.jpg 1024w, https:\/\/blogsaverroes.juntadeandalucia.es\/colegioasensiogranados\/files\/2026\/02\/IMG-20260130-WA0009-768x576.jpg 768w, https:\/\/blogsaverroes.juntadeandalucia.es\/colegioasensiogranados\/files\/2026\/02\/IMG-20260130-WA0009-1536x1152.jpg 1536w\" sizes=\"(max-width: 2048px) 100vw, 2048px\" \/> <img loading=\"lazy\" decoding=\"async\" class=\"alignnone wp-image-8901 size-full\" src=\"https:\/\/blogsaverroes.juntadeandalucia.es\/colegioasensiogranados\/files\/2026\/02\/IMG-20260130-WA0008.jpg\" alt=\"\" width=\"2048\" height=\"1536\" srcset=\"https:\/\/blogsaverroes.juntadeandalucia.es\/colegioasensiogranados\/files\/2026\/02\/IMG-20260130-WA0008.jpg 1600w, https:\/\/blogsaverroes.juntadeandalucia.es\/colegioasensiogranados\/files\/2026\/02\/IMG-20260130-WA0008-300x225.jpg 300w, https:\/\/blogsaverroes.juntadeandalucia.es\/colegioasensiogranados\/files\/2026\/02\/IMG-20260130-WA0008-1024x768.jpg 1024w, https:\/\/blogsaverroes.juntadeandalucia.es\/colegioasensiogranados\/files\/2026\/02\/IMG-20260130-WA0008-768x576.jpg 768w, https:\/\/blogsaverroes.juntadeandalucia.es\/colegioasensiogranados\/files\/2026\/02\/IMG-20260130-WA0008-1536x1152.jpg 1536w\" sizes=\"(max-width: 2048px) 100vw, 2048px\" \/> <img loading=\"lazy\" decoding=\"async\" class=\"alignnone wp-image-8902 size-full\" src=\"https:\/\/blogsaverroes.juntadeandalucia.es\/colegioasensiogranados\/files\/2026\/02\/IMG-20260130-WA0007.jpg\" alt=\"\" width=\"2048\" height=\"1536\" srcset=\"https:\/\/blogsaverroes.juntadeandalucia.es\/colegioasensiogranados\/files\/2026\/02\/IMG-20260130-WA0007.jpg 1600w, https:\/\/blogsaverroes.juntadeandalucia.es\/colegioasensiogranados\/files\/2026\/02\/IMG-20260130-WA0007-300x225.jpg 300w, https:\/\/blogsaverroes.juntadeandalucia.es\/colegioasensiogranados\/files\/2026\/02\/IMG-20260130-WA0007-1024x768.jpg 1024w, https:\/\/blogsaverroes.juntadeandalucia.es\/colegioasensiogranados\/files\/2026\/02\/IMG-20260130-WA0007-768x576.jpg 768w, https:\/\/blogsaverroes.juntadeandalucia.es\/colegioasensiogranados\/files\/2026\/02\/IMG-20260130-WA0007-1536x1152.jpg 1536w\" sizes=\"(max-width: 2048px) 100vw, 2048px\" \/> <img loading=\"lazy\" decoding=\"async\" class=\"alignnone wp-image-8903 size-full\" src=\"https:\/\/blogsaverroes.juntadeandalucia.es\/colegioasensiogranados\/files\/2026\/02\/IMG-20260130-WA0004.jpg\" alt=\"\" width=\"1600\" height=\"1200\" srcset=\"https:\/\/blogsaverroes.juntadeandalucia.es\/colegioasensiogranados\/files\/2026\/02\/IMG-20260130-WA0004.jpg 1600w, https:\/\/blogsaverroes.juntadeandalucia.es\/colegioasensiogranados\/files\/2026\/02\/IMG-20260130-WA0004-300x225.jpg 300w, https:\/\/blogsaverroes.juntadeandalucia.es\/colegioasensiogranados\/files\/2026\/02\/IMG-20260130-WA0004-1024x768.jpg 1024w, https:\/\/blogsaverroes.juntadeandalucia.es\/colegioasensiogranados\/files\/2026\/02\/IMG-20260130-WA0004-768x576.jpg 768w, https:\/\/blogsaverroes.juntadeandalucia.es\/colegioasensiogranados\/files\/2026\/02\/IMG-20260130-WA0004-1536x1152.jpg 1536w\" sizes=\"(max-width: 1600px) 100vw, 1600px\" \/><\/span><\/p>\n<p style=\"text-align: justify\">Asimismo, durante el trimestre se han realizado actividades de \u00abc\u00edrculo de di\u00e1logo\u00bb para fomentar valores relacionados con la paz.<\/p>\n<p><img loading=\"lazy\" decoding=\"async\" class=\"alignnone wp-image-8910 size-full\" src=\"https:\/\/blogsaverroes.juntadeandalucia.es\/colegioasensiogranados\/files\/2026\/01\/WhatsApp-Image-2026-02-02-at-10.16.16-2.jpeg\" alt=\"\" width=\"2000\" height=\"1500\" srcset=\"https:\/\/blogsaverroes.juntadeandalucia.es\/colegioasensiogranados\/files\/2026\/01\/WhatsApp-Image-2026-02-02-at-10.16.16-2.jpeg 1600w, https:\/\/blogsaverroes.juntadeandalucia.es\/colegioasensiogranados\/files\/2026\/01\/WhatsApp-Image-2026-02-02-at-10.16.16-2-300x225.jpeg 300w, https:\/\/blogsaverroes.juntadeandalucia.es\/colegioasensiogranados\/files\/2026\/01\/WhatsApp-Image-2026-02-02-at-10.16.16-2-1024x768.jpeg 1024w, https:\/\/blogsaverroes.juntadeandalucia.es\/colegioasensiogranados\/files\/2026\/01\/WhatsApp-Image-2026-02-02-at-10.16.16-2-768x576.jpeg 768w, https:\/\/blogsaverroes.juntadeandalucia.es\/colegioasensiogranados\/files\/2026\/01\/WhatsApp-Image-2026-02-02-at-10.16.16-2-1536x1152.jpeg 1536w\" sizes=\"(max-width: 2000px) 100vw, 2000px\" \/> <img loading=\"lazy\" decoding=\"async\" class=\"alignnone wp-image-8911 size-full\" src=\"https:\/\/blogsaverroes.juntadeandalucia.es\/colegioasensiogranados\/files\/2026\/01\/WhatsApp-Image-2026-02-02-at-10.16.16-1.jpeg\" alt=\"\" width=\"2000\" height=\"1500\" srcset=\"https:\/\/blogsaverroes.juntadeandalucia.es\/colegioasensiogranados\/files\/2026\/01\/WhatsApp-Image-2026-02-02-at-10.16.16-1.jpeg 1600w, https:\/\/blogsaverroes.juntadeandalucia.es\/colegioasensiogranados\/files\/2026\/01\/WhatsApp-Image-2026-02-02-at-10.16.16-1-300x225.jpeg 300w, https:\/\/blogsaverroes.juntadeandalucia.es\/colegioasensiogranados\/files\/2026\/01\/WhatsApp-Image-2026-02-02-at-10.16.16-1-1024x768.jpeg 1024w, https:\/\/blogsaverroes.juntadeandalucia.es\/colegioasensiogranados\/files\/2026\/01\/WhatsApp-Image-2026-02-02-at-10.16.16-1-768x576.jpeg 768w, https:\/\/blogsaverroes.juntadeandalucia.es\/colegioasensiogranados\/files\/2026\/01\/WhatsApp-Image-2026-02-02-at-10.16.16-1-1536x1152.jpeg 1536w\" sizes=\"(max-width: 2000px) 100vw, 2000px\" \/><\/p>\n<p style=\"text-align: justify\"><span style=\"color: #000000\"><strong>Un compromiso que va m\u00e1s all\u00e1 de un d\u00eda<\/strong><\/span><\/p>\n<p style=\"text-align: justify\"><span style=\"color: #000000\">Con iniciativas como esta, nuestro centro reafirma su apuesta por una educaci\u00f3n integral, donde la paz, la solidaridad y el respeto sean pilares fundamentales. Celebrar el D\u00eda de la Paz es, para nosotros, una oportunidad para visibilizar todo el trabajo que se realiza durante el curso y para seguir sembrando, d\u00eda a d\u00eda, las semillas de un futuro m\u00e1s justo y pac\u00edfico.<\/span><\/p>\n<p style=\"text-align: center\"><iframe loading=\"lazy\" src=\"https:\/\/www.youtube.com\/embed\/98etdLDihiA?si=xrNZLHIbV7Ll0RhG\" width=\"560\" height=\"315\" frameborder=\"0\"><\/iframe>&nbsp;<\/p>\n<p style=\"text-align: right\"><span style=\"color: #000000\">Isabel Andreo (coordinadora del Programa Escuela Espacio de Paz)<\/span><\/p>\n","protected":false},"excerpt":{"rendered":"<p>Celebramos el D\u00eda de la Paz: educar en valores para construir un mundo mejor &nbsp; &nbsp; Cada 30 de enero, nuestro centro educativo conmemora el D\u00eda Escolar de la No Violencia y la Paz,&#46;&#46;&#46;<\/p>\n","protected":false},"author":2414,"featured_media":8879,"comment_status":"open","ping_status":"open","sticky":false,"template":"","format":"standard","meta":{"ngg_post_thumbnail":0,"footnotes":""},"categories":[11909],"tags":[],"aioseo_notices":[],"_links":{"self":[{"href":"https:\/\/blogsaverroes.juntadeandalucia.es\/colegioasensiogranados\/wp-json\/wp\/v2\/posts\/8874"}],"collection":[{"href":"https:\/\/blogsaverroes.juntadeandalucia.es\/colegioasensiogranados\/wp-json\/wp\/v2\/posts"}],"about":[{"href":"https:\/\/blogsaverroes.juntadeandalucia.es\/colegioasensiogranados\/wp-json\/wp\/v2\/types\/post"}],"author":[{"embeddable":true,"href":"https:\/\/blogsaverroes.juntadeandalucia.es\/colegioasensiogranados\/wp-json\/wp\/v2\/users\/2414"}],"replies":[{"embeddable":true,"href":"https:\/\/blogsaverroes.juntadeandalucia.es\/colegioasensiogranados\/wp-json\/wp\/v2\/comments?post=8874"}],"version-history":[{"count":11,"href":"https:\/\/blogsaverroes.juntadeandalucia.es\/colegioasensiogranados\/wp-json\/wp\/v2\/posts\/8874\/revisions"}],"predecessor-version":[{"id":8914,"href":"https:\/\/blogsaverroes.juntadeandalucia.es\/colegioasensiogranados\/wp-json\/wp\/v2\/posts\/8874\/revisions\/8914"}],"wp:featuredmedia":[{"embeddable":true,"href":"https:\/\/blogsaverroes.juntadeandalucia.es\/colegioasensiogranados\/wp-json\/wp\/v2\/media\/8879"}],"wp:attachment":[{"href":"https:\/\/blogsaverroes.juntadeandalucia.es\/colegioasensiogranados\/wp-json\/wp\/v2\/media?parent=8874"}],"wp:term":[{"taxonomy":"category","embeddable":true,"href":"https:\/\/blogsaverroes.juntadeandalucia.es\/colegioasensiogranados\/wp-json\/wp\/v2\/categories?post=8874"},{"taxonomy":"post_tag","embeddable":true,"href":"https:\/\/blogsaverroes.juntadeandalucia.es\/colegioasensiogranados\/wp-json\/wp\/v2\/tags?post=8874"}],"curies":[{"name":"wp","href":"https:\/\/api.w.org\/{rel}","templated":true}]}}