{"id":8941,"date":"2026-02-23T07:29:01","date_gmt":"2026-02-23T07:29:01","guid":{"rendered":"https:\/\/blogsaverroes.juntadeandalucia.es\/colegioasensiogranados\/?p=8941"},"modified":"2026-03-03T18:44:58","modified_gmt":"2026-03-03T18:44:58","slug":"carnaval-2026","status":"publish","type":"post","link":"https:\/\/blogsaverroes.juntadeandalucia.es\/colegioasensiogranados\/2026\/02\/23\/carnaval-2026\/","title":{"rendered":"CARNAVAL 2026"},"content":{"rendered":"<p><img loading=\"lazy\" decoding=\"async\" class=\"wp-image-8942 size-full aligncenter\" src=\"https:\/\/blogsaverroes.juntadeandalucia.es\/colegioasensiogranados\/files\/2026\/02\/BANDERAS.jpg\" alt=\"\" width=\"640\" height=\"194\" srcset=\"https:\/\/blogsaverroes.juntadeandalucia.es\/colegioasensiogranados\/files\/2026\/02\/BANDERAS.jpg 640w, https:\/\/blogsaverroes.juntadeandalucia.es\/colegioasensiogranados\/files\/2026\/02\/BANDERAS-300x91.jpg 300w\" sizes=\"(max-width: 640px) 100vw, 640px\" \/><\/p>\n<p style=\"text-align: center\"><span style=\"color: #ff6600\"><strong>Celebramos el Carnaval en el CEIP Encarnaci\u00f3n Asensio Granados: Color, Creatividad y Comunidad en Cuevas del Almanzora.<\/strong><\/span><\/p>\n<p style=\"text-align: justify\">&nbsp; &nbsp; El CEIP Encarnaci\u00f3n Asensio Granados se ha llenado de color, m\u00fasica y alegr\u00eda para celebrar una de las festividades m\u00e1s esperadas por nuestro alumnado: el Carnaval.<\/p>\n<p style=\"text-align: justify\">Desde primera hora de la ma\u00f1ana, nuestro centro ha vivido una jornada muy especial. Los ni\u00f1os y ni\u00f1as han acudido con originales y variados disfraces, demostrando una vez m\u00e1s su creatividad e ilusi\u00f3n. Los pasillos, decorados con m\u00e1scaras, globos y dibujos elaborados por el propio alumnado, han reflejado el ambiente festivo que caracteriza estos d\u00edas.<\/p>\n<p style=\"text-align: justify\">El claustro tambi\u00e9n se ha sumado con entusiasmo a la celebraci\u00f3n. Este a\u00f1o, la tem\u00e1tica elegida ha sido el mundo de las abejas: los maestros caracterizados como apicultores y las maestras como abejas, aportando un toque divertido y simp\u00e1tico que ha sorprendido y encantado a nuestros estudiantes.<\/p>\n<p><img loading=\"lazy\" decoding=\"async\" class=\"alignnone wp-image-8943 size-full\" src=\"https:\/\/blogsaverroes.juntadeandalucia.es\/colegioasensiogranados\/files\/2026\/02\/WhatsApp-Image-2026-02-20-at-21.17.05.jpeg\" alt=\"\" width=\"2048\" height=\"1536\" srcset=\"https:\/\/blogsaverroes.juntadeandalucia.es\/colegioasensiogranados\/files\/2026\/02\/WhatsApp-Image-2026-02-20-at-21.17.05.jpeg 1600w, https:\/\/blogsaverroes.juntadeandalucia.es\/colegioasensiogranados\/files\/2026\/02\/WhatsApp-Image-2026-02-20-at-21.17.05-300x225.jpeg 300w, https:\/\/blogsaverroes.juntadeandalucia.es\/colegioasensiogranados\/files\/2026\/02\/WhatsApp-Image-2026-02-20-at-21.17.05-1024x768.jpeg 1024w, https:\/\/blogsaverroes.juntadeandalucia.es\/colegioasensiogranados\/files\/2026\/02\/WhatsApp-Image-2026-02-20-at-21.17.05-768x576.jpeg 768w, https:\/\/blogsaverroes.juntadeandalucia.es\/colegioasensiogranados\/files\/2026\/02\/WhatsApp-Image-2026-02-20-at-21.17.05-1536x1152.jpeg 1536w\" sizes=\"(max-width: 2048px) 100vw, 2048px\" \/><\/p>\n<p style=\"text-align: justify\">Como bienvenida a esta jornada carnavalera, el profesorado ha acudido a las filas bailando al ritmo de m\u00fasica festiva, llenando el patio de sonrisas y marcando el inicio de un d\u00eda diferente. A lo largo de la ma\u00f1ana, en las aulas se han desarrollado distintas actividades relacionadas con esta efem\u00e9ride, trabajando no solo la creatividad, sino tambi\u00e9n valores como el respeto, la convivencia y la aceptaci\u00f3n de la diversidad.<\/p>\n<p style=\"text-align: justify\">Tras el recreo, todo el centro se ha concentrado para celebrar el esperado gran desfile. Clase por clase, el alumnado ha mostrado con orgullo sus disfraces, compartiendo un momento de convivencia en el que el compa\u00f1erismo y la alegr\u00eda han sido protagonistas.<\/p>\n<p><img loading=\"lazy\" decoding=\"async\" class=\"alignnone wp-image-8944 size-full\" src=\"https:\/\/blogsaverroes.juntadeandalucia.es\/colegioasensiogranados\/files\/2026\/02\/WhatsApp-Image-2026-02-20-at-21.17.09.jpeg\" alt=\"\" width=\"2048\" height=\"1536\" srcset=\"https:\/\/blogsaverroes.juntadeandalucia.es\/colegioasensiogranados\/files\/2026\/02\/WhatsApp-Image-2026-02-20-at-21.17.09.jpeg 1600w, https:\/\/blogsaverroes.juntadeandalucia.es\/colegioasensiogranados\/files\/2026\/02\/WhatsApp-Image-2026-02-20-at-21.17.09-300x225.jpeg 300w, https:\/\/blogsaverroes.juntadeandalucia.es\/colegioasensiogranados\/files\/2026\/02\/WhatsApp-Image-2026-02-20-at-21.17.09-1024x768.jpeg 1024w, https:\/\/blogsaverroes.juntadeandalucia.es\/colegioasensiogranados\/files\/2026\/02\/WhatsApp-Image-2026-02-20-at-21.17.09-768x576.jpeg 768w, https:\/\/blogsaverroes.juntadeandalucia.es\/colegioasensiogranados\/files\/2026\/02\/WhatsApp-Image-2026-02-20-at-21.17.09-1536x1152.jpeg 1536w\" sizes=\"(max-width: 2048px) 100vw, 2048px\" \/> <img loading=\"lazy\" decoding=\"async\" class=\"alignnone wp-image-8945 size-full\" src=\"https:\/\/blogsaverroes.juntadeandalucia.es\/colegioasensiogranados\/files\/2026\/02\/WhatsApp-Image-2026-02-20-at-21.17.08.jpeg\" alt=\"\" width=\"2048\" height=\"1536\" srcset=\"https:\/\/blogsaverroes.juntadeandalucia.es\/colegioasensiogranados\/files\/2026\/02\/WhatsApp-Image-2026-02-20-at-21.17.08.jpeg 2048w, https:\/\/blogsaverroes.juntadeandalucia.es\/colegioasensiogranados\/files\/2026\/02\/WhatsApp-Image-2026-02-20-at-21.17.08-300x225.jpeg 300w, https:\/\/blogsaverroes.juntadeandalucia.es\/colegioasensiogranados\/files\/2026\/02\/WhatsApp-Image-2026-02-20-at-21.17.08-1024x768.jpeg 1024w, https:\/\/blogsaverroes.juntadeandalucia.es\/colegioasensiogranados\/files\/2026\/02\/WhatsApp-Image-2026-02-20-at-21.17.08-768x576.jpeg 768w, https:\/\/blogsaverroes.juntadeandalucia.es\/colegioasensiogranados\/files\/2026\/02\/WhatsApp-Image-2026-02-20-at-21.17.08-1536x1152.jpeg 1536w\" sizes=\"(max-width: 2048px) 100vw, 2048px\" \/> <img loading=\"lazy\" decoding=\"async\" class=\"alignnone wp-image-8946 size-full\" src=\"https:\/\/blogsaverroes.juntadeandalucia.es\/colegioasensiogranados\/files\/2026\/02\/WhatsApp-Image-2026-02-20-at-21.17.08-.jpeg\" alt=\"\" width=\"2048\" height=\"1536\" srcset=\"https:\/\/blogsaverroes.juntadeandalucia.es\/colegioasensiogranados\/files\/2026\/02\/WhatsApp-Image-2026-02-20-at-21.17.08-.jpeg 2048w, https:\/\/blogsaverroes.juntadeandalucia.es\/colegioasensiogranados\/files\/2026\/02\/WhatsApp-Image-2026-02-20-at-21.17.08--300x225.jpeg 300w, https:\/\/blogsaverroes.juntadeandalucia.es\/colegioasensiogranados\/files\/2026\/02\/WhatsApp-Image-2026-02-20-at-21.17.08--1024x768.jpeg 1024w, https:\/\/blogsaverroes.juntadeandalucia.es\/colegioasensiogranados\/files\/2026\/02\/WhatsApp-Image-2026-02-20-at-21.17.08--768x576.jpeg 768w, https:\/\/blogsaverroes.juntadeandalucia.es\/colegioasensiogranados\/files\/2026\/02\/WhatsApp-Image-2026-02-20-at-21.17.08--1536x1152.jpeg 1536w\" sizes=\"(max-width: 2048px) 100vw, 2048px\" \/> <img loading=\"lazy\" decoding=\"async\" class=\"alignnone wp-image-8947 size-full\" src=\"https:\/\/blogsaverroes.juntadeandalucia.es\/colegioasensiogranados\/files\/2026\/02\/WhatsApp-Image-2026-02-20-at-21.17.08-1-1.jpeg\" alt=\"\" width=\"2048\" height=\"1536\" srcset=\"https:\/\/blogsaverroes.juntadeandalucia.es\/colegioasensiogranados\/files\/2026\/02\/WhatsApp-Image-2026-02-20-at-21.17.08-1-1.jpeg 1600w, https:\/\/blogsaverroes.juntadeandalucia.es\/colegioasensiogranados\/files\/2026\/02\/WhatsApp-Image-2026-02-20-at-21.17.08-1-1-300x225.jpeg 300w, https:\/\/blogsaverroes.juntadeandalucia.es\/colegioasensiogranados\/files\/2026\/02\/WhatsApp-Image-2026-02-20-at-21.17.08-1-1-1024x768.jpeg 1024w, https:\/\/blogsaverroes.juntadeandalucia.es\/colegioasensiogranados\/files\/2026\/02\/WhatsApp-Image-2026-02-20-at-21.17.08-1-1-768x576.jpeg 768w, https:\/\/blogsaverroes.juntadeandalucia.es\/colegioasensiogranados\/files\/2026\/02\/WhatsApp-Image-2026-02-20-at-21.17.08-1-1-1536x1152.jpeg 1536w\" sizes=\"(max-width: 2048px) 100vw, 2048px\" \/> <img loading=\"lazy\" decoding=\"async\" class=\"alignnone wp-image-8948 size-full\" src=\"https:\/\/blogsaverroes.juntadeandalucia.es\/colegioasensiogranados\/files\/2026\/02\/WhatsApp-Image-2026-02-20-at-21.17.08-1-2.jpeg\" alt=\"\" width=\"2048\" height=\"1536\" srcset=\"https:\/\/blogsaverroes.juntadeandalucia.es\/colegioasensiogranados\/files\/2026\/02\/WhatsApp-Image-2026-02-20-at-21.17.08-1-2.jpeg 1600w, https:\/\/blogsaverroes.juntadeandalucia.es\/colegioasensiogranados\/files\/2026\/02\/WhatsApp-Image-2026-02-20-at-21.17.08-1-2-300x225.jpeg 300w, https:\/\/blogsaverroes.juntadeandalucia.es\/colegioasensiogranados\/files\/2026\/02\/WhatsApp-Image-2026-02-20-at-21.17.08-1-2-1024x768.jpeg 1024w, https:\/\/blogsaverroes.juntadeandalucia.es\/colegioasensiogranados\/files\/2026\/02\/WhatsApp-Image-2026-02-20-at-21.17.08-1-2-768x576.jpeg 768w, https:\/\/blogsaverroes.juntadeandalucia.es\/colegioasensiogranados\/files\/2026\/02\/WhatsApp-Image-2026-02-20-at-21.17.08-1-2-1536x1152.jpeg 1536w\" sizes=\"(max-width: 2048px) 100vw, 2048px\" \/> <img loading=\"lazy\" decoding=\"async\" class=\"alignnone wp-image-8949 size-full\" src=\"https:\/\/blogsaverroes.juntadeandalucia.es\/colegioasensiogranados\/files\/2026\/02\/WhatsApp-Image-2026-02-20-at-21.17.07.jpeg\" alt=\"\" width=\"2048\" height=\"1536\" srcset=\"https:\/\/blogsaverroes.juntadeandalucia.es\/colegioasensiogranados\/files\/2026\/02\/WhatsApp-Image-2026-02-20-at-21.17.07.jpeg 1600w, https:\/\/blogsaverroes.juntadeandalucia.es\/colegioasensiogranados\/files\/2026\/02\/WhatsApp-Image-2026-02-20-at-21.17.07-300x225.jpeg 300w, https:\/\/blogsaverroes.juntadeandalucia.es\/colegioasensiogranados\/files\/2026\/02\/WhatsApp-Image-2026-02-20-at-21.17.07-1024x768.jpeg 1024w, https:\/\/blogsaverroes.juntadeandalucia.es\/colegioasensiogranados\/files\/2026\/02\/WhatsApp-Image-2026-02-20-at-21.17.07-768x576.jpeg 768w, https:\/\/blogsaverroes.juntadeandalucia.es\/colegioasensiogranados\/files\/2026\/02\/WhatsApp-Image-2026-02-20-at-21.17.07-1536x1152.jpeg 1536w\" sizes=\"(max-width: 2048px) 100vw, 2048px\" \/> &nbsp;<img loading=\"lazy\" decoding=\"async\" class=\"alignnone wp-image-8951 size-full\" src=\"https:\/\/blogsaverroes.juntadeandalucia.es\/colegioasensiogranados\/files\/2026\/02\/WhatsApp-Image-2026-02-20-at-21.17.07-1-1.jpeg\" alt=\"\" width=\"2048\" height=\"1536\" srcset=\"https:\/\/blogsaverroes.juntadeandalucia.es\/colegioasensiogranados\/files\/2026\/02\/WhatsApp-Image-2026-02-20-at-21.17.07-1-1.jpeg 1600w, https:\/\/blogsaverroes.juntadeandalucia.es\/colegioasensiogranados\/files\/2026\/02\/WhatsApp-Image-2026-02-20-at-21.17.07-1-1-300x225.jpeg 300w, https:\/\/blogsaverroes.juntadeandalucia.es\/colegioasensiogranados\/files\/2026\/02\/WhatsApp-Image-2026-02-20-at-21.17.07-1-1-1024x768.jpeg 1024w, https:\/\/blogsaverroes.juntadeandalucia.es\/colegioasensiogranados\/files\/2026\/02\/WhatsApp-Image-2026-02-20-at-21.17.07-1-1-768x576.jpeg 768w, https:\/\/blogsaverroes.juntadeandalucia.es\/colegioasensiogranados\/files\/2026\/02\/WhatsApp-Image-2026-02-20-at-21.17.07-1-1-1536x1152.jpeg 1536w\" sizes=\"(max-width: 2048px) 100vw, 2048px\" \/> <img loading=\"lazy\" decoding=\"async\" class=\"alignnone wp-image-8952 size-full\" src=\"https:\/\/blogsaverroes.juntadeandalucia.es\/colegioasensiogranados\/files\/2026\/02\/WhatsApp-Image-2026-02-20-at-21.17.06.jpeg\" alt=\"\" width=\"2048\" height=\"1536\" srcset=\"https:\/\/blogsaverroes.juntadeandalucia.es\/colegioasensiogranados\/files\/2026\/02\/WhatsApp-Image-2026-02-20-at-21.17.06.jpeg 1600w, https:\/\/blogsaverroes.juntadeandalucia.es\/colegioasensiogranados\/files\/2026\/02\/WhatsApp-Image-2026-02-20-at-21.17.06-300x225.jpeg 300w, https:\/\/blogsaverroes.juntadeandalucia.es\/colegioasensiogranados\/files\/2026\/02\/WhatsApp-Image-2026-02-20-at-21.17.06-1024x768.jpeg 1024w, https:\/\/blogsaverroes.juntadeandalucia.es\/colegioasensiogranados\/files\/2026\/02\/WhatsApp-Image-2026-02-20-at-21.17.06-768x576.jpeg 768w, https:\/\/blogsaverroes.juntadeandalucia.es\/colegioasensiogranados\/files\/2026\/02\/WhatsApp-Image-2026-02-20-at-21.17.06-1536x1152.jpeg 1536w\" sizes=\"(max-width: 2048px) 100vw, 2048px\" \/> <img loading=\"lazy\" decoding=\"async\" class=\"alignnone wp-image-8953 size-full\" src=\"https:\/\/blogsaverroes.juntadeandalucia.es\/colegioasensiogranados\/files\/2026\/02\/WhatsApp-Image-2026-02-20-at-21.17.06-.jpeg\" alt=\"\" width=\"2048\" height=\"1536\" srcset=\"https:\/\/blogsaverroes.juntadeandalucia.es\/colegioasensiogranados\/files\/2026\/02\/WhatsApp-Image-2026-02-20-at-21.17.06-.jpeg 1600w, https:\/\/blogsaverroes.juntadeandalucia.es\/colegioasensiogranados\/files\/2026\/02\/WhatsApp-Image-2026-02-20-at-21.17.06--300x225.jpeg 300w, https:\/\/blogsaverroes.juntadeandalucia.es\/colegioasensiogranados\/files\/2026\/02\/WhatsApp-Image-2026-02-20-at-21.17.06--1024x768.jpeg 1024w, https:\/\/blogsaverroes.juntadeandalucia.es\/colegioasensiogranados\/files\/2026\/02\/WhatsApp-Image-2026-02-20-at-21.17.06--768x576.jpeg 768w, https:\/\/blogsaverroes.juntadeandalucia.es\/colegioasensiogranados\/files\/2026\/02\/WhatsApp-Image-2026-02-20-at-21.17.06--1536x1152.jpeg 1536w\" sizes=\"(max-width: 2048px) 100vw, 2048px\" \/><\/p>\n<p style=\"text-align: justify\">El Carnaval es mucho m\u00e1s que disfraces y m\u00fasica; es una oportunidad para fortalecer los lazos que nos unen como comunidad educativa y para seguir manteniendo vivas las tradiciones de nuestro pueblo, Cuevas del Almanzora. En nuestro colegio, celebramos esta festividad como una experiencia compartida que fomenta valores, emociones y recuerdos que perdurar\u00e1n en el tiempo.<\/p>\n<p style=\"text-align: center\">Ha sido, sin duda, un d\u00eda lleno de risas, color y felicidad.<\/p>\n<p style=\"text-align: center\">\u00a1Feliz Carnaval a todos! \ud83c\udfad\u2728<\/p>\n<p><img loading=\"lazy\" decoding=\"async\" class=\"wp-image-8954 size-full aligncenter\" src=\"https:\/\/blogsaverroes.juntadeandalucia.es\/colegioasensiogranados\/files\/2026\/02\/BANDERAS2.jpg\" alt=\"\" width=\"640\" height=\"264\" srcset=\"https:\/\/blogsaverroes.juntadeandalucia.es\/colegioasensiogranados\/files\/2026\/02\/BANDERAS2.jpg 640w, https:\/\/blogsaverroes.juntadeandalucia.es\/colegioasensiogranados\/files\/2026\/02\/BANDERAS2-300x124.jpg 300w\" sizes=\"(max-width: 640px) 100vw, 640px\" \/><\/p>\n<p style=\"text-align: right\">Mar\u00eda del Carmen Garrido (especialista en educaci\u00f3n f\u00edsica)<\/p>\n","protected":false},"excerpt":{"rendered":"<p>Celebramos el Carnaval en el CEIP Encarnaci\u00f3n Asensio Granados: Color, Creatividad y Comunidad en Cuevas del Almanzora. &nbsp; &nbsp; El CEIP Encarnaci\u00f3n Asensio Granados se ha llenado de color, m\u00fasica y alegr\u00eda para celebrar&#46;&#46;&#46;<\/p>\n","protected":false},"author":2414,"featured_media":8955,"comment_status":"open","ping_status":"open","sticky":false,"template":"","format":"standard","meta":{"ngg_post_thumbnail":0,"footnotes":""},"categories":[11909],"tags":[],"aioseo_notices":[],"_links":{"self":[{"href":"https:\/\/blogsaverroes.juntadeandalucia.es\/colegioasensiogranados\/wp-json\/wp\/v2\/posts\/8941"}],"collection":[{"href":"https:\/\/blogsaverroes.juntadeandalucia.es\/colegioasensiogranados\/wp-json\/wp\/v2\/posts"}],"about":[{"href":"https:\/\/blogsaverroes.juntadeandalucia.es\/colegioasensiogranados\/wp-json\/wp\/v2\/types\/post"}],"author":[{"embeddable":true,"href":"https:\/\/blogsaverroes.juntadeandalucia.es\/colegioasensiogranados\/wp-json\/wp\/v2\/users\/2414"}],"replies":[{"embeddable":true,"href":"https:\/\/blogsaverroes.juntadeandalucia.es\/colegioasensiogranados\/wp-json\/wp\/v2\/comments?post=8941"}],"version-history":[{"count":2,"href":"https:\/\/blogsaverroes.juntadeandalucia.es\/colegioasensiogranados\/wp-json\/wp\/v2\/posts\/8941\/revisions"}],"predecessor-version":[{"id":8975,"href":"https:\/\/blogsaverroes.juntadeandalucia.es\/colegioasensiogranados\/wp-json\/wp\/v2\/posts\/8941\/revisions\/8975"}],"wp:featuredmedia":[{"embeddable":true,"href":"https:\/\/blogsaverroes.juntadeandalucia.es\/colegioasensiogranados\/wp-json\/wp\/v2\/media\/8955"}],"wp:attachment":[{"href":"https:\/\/blogsaverroes.juntadeandalucia.es\/colegioasensiogranados\/wp-json\/wp\/v2\/media?parent=8941"}],"wp:term":[{"taxonomy":"category","embeddable":true,"href":"https:\/\/blogsaverroes.juntadeandalucia.es\/colegioasensiogranados\/wp-json\/wp\/v2\/categories?post=8941"},{"taxonomy":"post_tag","embeddable":true,"href":"https:\/\/blogsaverroes.juntadeandalucia.es\/colegioasensiogranados\/wp-json\/wp\/v2\/tags?post=8941"}],"curies":[{"name":"wp","href":"https:\/\/api.w.org\/{rel}","templated":true}]}}