{"id":92,"date":"2009-02-02T10:24:01","date_gmt":"2009-02-02T10:24:01","guid":{"rendered":"http:\/\/localhost\/wordpress\/colegioasensiogranados\/2009\/02\/02\/con-vista-al-pasado\/"},"modified":"2015-12-10T13:23:55","modified_gmt":"2015-12-10T13:23:55","slug":"con-vista-al-pasado","status":"publish","type":"post","link":"https:\/\/blogsaverroes.juntadeandalucia.es\/colegioasensiogranados\/2009\/02\/02\/con-vista-al-pasado\/","title":{"rendered":"\u201cCON VISTA AL PASADO\u201d"},"content":{"rendered":"<p>Nuestro centro comienza su andadura all\u00e1 por el a\u00f1o 1983 como desglose del antiguo centro \u201cUrbina Carrera\u201d actualmente el CEIP \u201d\u00c1lvarez de Sotomayor\u201d con el nombre de Encarnaci\u00f3n Asensio Granados, \u00e9ste se debe a la Sra. que fue maestra y directora del centro \u00a8UrbinaCarrera\u201d-\u201c\u00c1lvarez de Sotomayor\u201d, Do\u00f1a Encarnaci\u00f3n Asensio Granados\u201d.<\/p>\n<p><a href=\"http:\/\/blogsaverroes.juntadeandalucia.es\/colegioasensiogranados\/files\/2009\/02\/CEIP_Encar_Asensio_Granados-e1449753787854.jpg\"><img loading=\"lazy\" decoding=\"async\" class=\"aligncenter size-medium wp-image-2269\" src=\"http:\/\/blogsaverroes.juntadeandalucia.es\/colegioasensiogranados\/files\/2009\/02\/CEIP_Encar_Asensio_Granados-e1449753787854-272x300.jpg\" alt=\"My beautiful picture\" width=\"272\" height=\"300\" srcset=\"https:\/\/blogsaverroes.juntadeandalucia.es\/colegioasensiogranados\/files\/2009\/02\/CEIP_Encar_Asensio_Granados-e1449753787854-272x300.jpg 272w, https:\/\/blogsaverroes.juntadeandalucia.es\/colegioasensiogranados\/files\/2009\/02\/CEIP_Encar_Asensio_Granados-e1449753787854.jpg 520w\" sizes=\"(max-width: 272px) 100vw, 272px\" \/><\/a>Naci\u00f3, como un centro de EGB, con una sola l\u00ednea; de cinco a catorce a\u00f1os, una unidad de P\u00e1rvulos de cinco a\u00f1os y una l\u00ednea de primero a octavo de EGB. A mediados de los ochenta se cre\u00f3 la unidad de cuatro a\u00f1os. Fue uno de los centros pioneros, a nivel provincial, en la aplicaci\u00f3n de la LODE-LOGSE debido a que en el municipio de Cuevas del Almanzora se adelant\u00f3 experimentalmente la implementaci\u00f3n de esta nueva ley de Educaci\u00f3n, en 1996. Comenz\u00f3 siendo un centro de Infantil y Primaria de cuatro a doce a\u00f1os; dispon\u00eda de seis unidades de E. Primaria , dos de E. Infantil y las especialidades de Ingl\u00e9s, E. F\u00edsica y Religi\u00f3n. En 1998 se crea la especialidad de M\u00fasica y en 2001 la unidad de Infantil tres a\u00f1os quedando as\u00ed un Centro completo de una l\u00ednea . Actualmente somos un centro de una l\u00ednea.<\/p>\n","protected":false},"excerpt":{"rendered":"<p>Nuestro centro comienza su andadura all\u00e1 por el a\u00f1o 1983 como desglose del antiguo centro \u201cUrbina Carrera\u201d actualmente el CEIP \u201d\u00c1lvarez de Sotomayor\u201d con el nombre de Encarnaci\u00f3n Asensio Granados, \u00e9ste se debe a&#46;&#46;&#46;<\/p>\n","protected":false},"author":2414,"featured_media":0,"comment_status":"open","ping_status":"closed","sticky":false,"template":"","format":"standard","meta":{"ngg_post_thumbnail":0,"footnotes":""},"categories":[11909],"tags":[],"aioseo_notices":[],"_links":{"self":[{"href":"https:\/\/blogsaverroes.juntadeandalucia.es\/colegioasensiogranados\/wp-json\/wp\/v2\/posts\/92"}],"collection":[{"href":"https:\/\/blogsaverroes.juntadeandalucia.es\/colegioasensiogranados\/wp-json\/wp\/v2\/posts"}],"about":[{"href":"https:\/\/blogsaverroes.juntadeandalucia.es\/colegioasensiogranados\/wp-json\/wp\/v2\/types\/post"}],"author":[{"embeddable":true,"href":"https:\/\/blogsaverroes.juntadeandalucia.es\/colegioasensiogranados\/wp-json\/wp\/v2\/users\/2414"}],"replies":[{"embeddable":true,"href":"https:\/\/blogsaverroes.juntadeandalucia.es\/colegioasensiogranados\/wp-json\/wp\/v2\/comments?post=92"}],"version-history":[{"count":2,"href":"https:\/\/blogsaverroes.juntadeandalucia.es\/colegioasensiogranados\/wp-json\/wp\/v2\/posts\/92\/revisions"}],"predecessor-version":[{"id":2270,"href":"https:\/\/blogsaverroes.juntadeandalucia.es\/colegioasensiogranados\/wp-json\/wp\/v2\/posts\/92\/revisions\/2270"}],"wp:attachment":[{"href":"https:\/\/blogsaverroes.juntadeandalucia.es\/colegioasensiogranados\/wp-json\/wp\/v2\/media?parent=92"}],"wp:term":[{"taxonomy":"category","embeddable":true,"href":"https:\/\/blogsaverroes.juntadeandalucia.es\/colegioasensiogranados\/wp-json\/wp\/v2\/categories?post=92"},{"taxonomy":"post_tag","embeddable":true,"href":"https:\/\/blogsaverroes.juntadeandalucia.es\/colegioasensiogranados\/wp-json\/wp\/v2\/tags?post=92"}],"curies":[{"name":"wp","href":"https:\/\/api.w.org\/{rel}","templated":true}]}}