{"id":5031,"date":"2023-09-06T08:39:09","date_gmt":"2023-09-06T08:39:09","guid":{"rendered":"https:\/\/blogsaverroes.juntadeandalucia.es\/colegiocorrales\/?p=5031"},"modified":"2023-09-06T08:47:52","modified_gmt":"2023-09-06T08:47:52","slug":"inicio-de-clases","status":"publish","type":"post","link":"https:\/\/blogsaverroes.juntadeandalucia.es\/colegiocorrales\/inicio-de-clases\/","title":{"rendered":"Inicio de clases"},"content":{"rendered":"<p>El pr\u00f3ximo d\u00eda <strong>11 de septiembre comenzar\u00e1 el curso lectivo<\/strong> para todo el alumnado del centro.<\/p>\n<p>El <strong>primer d\u00eda<\/strong>, tal y como se establece anualmente en el Consejo Escolar Municipal, tendremos un <strong>horario m\u00e1s reducido, de 11 a 14 horas<\/strong> para todos los cursos desde 4 a\u00f1os a 6\u00ba de Primaria.<\/p>\n<p>El primer d\u00eda el alumnado de Primaria solamente debe traer un <strong>estuche con sus utensilios habituales.<\/strong><\/p>\n<p>Las entradas y salidas se realizar\u00e1n de la misma manera que el a\u00f1o pasado y para que est\u00e9n al tanto pueden ver el gr\u00e1fico con las entradas y salidas habituales del alumnado. <strong>La salvedad del primer d\u00eda es que los alumnos\/as desde 2\u00ba a 6\u00ba de Primaria har\u00e1n filas en el patio de Primaria<\/strong> antes de subir a las aulas. El resto de d\u00edas del curso subir\u00e1n directamente una vez hayan entrado en el centro tal y como se ha hecho en los dos a\u00f1os anteriores.<\/p>\n<p>Este a\u00f1os los <strong>grupos de 4 a\u00f1os de INF y 5 a\u00f1os de INF invierten sus accesos y salidas.<\/strong> 4 a\u00f1os entrar\u00e1 y saldr\u00e1 por la Biblioteca y 5 a\u00f1os lo har\u00e1 por el porche principal.<\/p>\n<p>Los <strong>alumnos nuevos de Primaria<\/strong>, el primer d\u00eda, ser\u00e1n recibidos todos en la entrada principal del centro y acompa\u00f1ados a sus filas por un docente.<\/p>\n<p>Los <strong>alumnos de Infantil y 1\u00ba de Primaria<\/strong> har\u00e1n sus filas en su porche o entrada correspondiente con su tutor\/a antes de acceder a sus aulas.<\/p>\n<p>Recuerden que las <strong>salidas del alumnado<\/strong> son por sus mismos accesos desde 3 a\u00f1os a 1\u00ba de Primaria y por el patio de INFANITL desde 2\u00ba a 6\u00ba de Primaria.<\/p>\n<div id=\"attachment_5011\" style=\"width: 1610px\" class=\"wp-caption alignnone\"><a href=\"https:\/\/blogsaverroes.juntadeandalucia.es\/colegiocorrales\/files\/2023\/08\/Accesos-y-salidas-23-24-1-scaled.jpg\"><img fetchpriority=\"high\" decoding=\"async\" aria-describedby=\"caption-attachment-5011\" class=\"size-full wp-image-5011\" src=\"https:\/\/blogsaverroes.juntadeandalucia.es\/colegiocorrales\/files\/2023\/08\/Accesos-y-salidas-23-24-1-scaled.jpg\" alt=\"\" width=\"1600\" height=\"747\" srcset=\"https:\/\/blogsaverroes.juntadeandalucia.es\/colegiocorrales\/files\/2023\/08\/Accesos-y-salidas-23-24-1-scaled.jpg 1600w, https:\/\/blogsaverroes.juntadeandalucia.es\/colegiocorrales\/files\/2023\/08\/Accesos-y-salidas-23-24-1-300x140.jpg 300w, https:\/\/blogsaverroes.juntadeandalucia.es\/colegiocorrales\/files\/2023\/08\/Accesos-y-salidas-23-24-1-1024x478.jpg 1024w, https:\/\/blogsaverroes.juntadeandalucia.es\/colegiocorrales\/files\/2023\/08\/Accesos-y-salidas-23-24-1-768x358.jpg 768w, https:\/\/blogsaverroes.juntadeandalucia.es\/colegiocorrales\/files\/2023\/08\/Accesos-y-salidas-23-24-1-1536x717.jpg 1536w, https:\/\/blogsaverroes.juntadeandalucia.es\/colegiocorrales\/files\/2023\/08\/Accesos-y-salidas-23-24-1-2048x956.jpg 2048w\" sizes=\"(max-width: 1600px) 100vw, 1600px\" \/><\/a><p id=\"caption-attachment-5011\" class=\"wp-caption-text\">Accesos y salidas<\/p><\/div>\n<p>&nbsp;<\/p>\n<p>&nbsp;<\/p>\n<p>&nbsp;<\/p>\n","protected":false},"excerpt":{"rendered":"<p>El pr\u00f3ximo d\u00eda 11 de septiembre comenzar\u00e1 el curso lectivo para todo el alumnado del centro. El primer d\u00eda, tal y como se establece anualmente en el Consejo Escolar Municipal, tendremos un horario m\u00e1s&#46;&#46;&#46;<\/p>\n","protected":false},"author":1955,"featured_media":3045,"comment_status":"open","ping_status":"open","sticky":false,"template":"","format":"standard","meta":{"ngg_post_thumbnail":0,"footnotes":""},"categories":[2351658],"tags":[],"aioseo_notices":[],"_links":{"self":[{"href":"https:\/\/blogsaverroes.juntadeandalucia.es\/colegiocorrales\/wp-json\/wp\/v2\/posts\/5031"}],"collection":[{"href":"https:\/\/blogsaverroes.juntadeandalucia.es\/colegiocorrales\/wp-json\/wp\/v2\/posts"}],"about":[{"href":"https:\/\/blogsaverroes.juntadeandalucia.es\/colegiocorrales\/wp-json\/wp\/v2\/types\/post"}],"author":[{"embeddable":true,"href":"https:\/\/blogsaverroes.juntadeandalucia.es\/colegiocorrales\/wp-json\/wp\/v2\/users\/1955"}],"replies":[{"embeddable":true,"href":"https:\/\/blogsaverroes.juntadeandalucia.es\/colegiocorrales\/wp-json\/wp\/v2\/comments?post=5031"}],"version-history":[{"count":2,"href":"https:\/\/blogsaverroes.juntadeandalucia.es\/colegiocorrales\/wp-json\/wp\/v2\/posts\/5031\/revisions"}],"predecessor-version":[{"id":5033,"href":"https:\/\/blogsaverroes.juntadeandalucia.es\/colegiocorrales\/wp-json\/wp\/v2\/posts\/5031\/revisions\/5033"}],"wp:featuredmedia":[{"embeddable":true,"href":"https:\/\/blogsaverroes.juntadeandalucia.es\/colegiocorrales\/wp-json\/wp\/v2\/media\/3045"}],"wp:attachment":[{"href":"https:\/\/blogsaverroes.juntadeandalucia.es\/colegiocorrales\/wp-json\/wp\/v2\/media?parent=5031"}],"wp:term":[{"taxonomy":"category","embeddable":true,"href":"https:\/\/blogsaverroes.juntadeandalucia.es\/colegiocorrales\/wp-json\/wp\/v2\/categories?post=5031"},{"taxonomy":"post_tag","embeddable":true,"href":"https:\/\/blogsaverroes.juntadeandalucia.es\/colegiocorrales\/wp-json\/wp\/v2\/tags?post=5031"}],"curies":[{"name":"wp","href":"https:\/\/api.w.org\/{rel}","templated":true}]}}