{"id":2244,"date":"2016-04-12T07:39:39","date_gmt":"2016-04-12T07:39:39","guid":{"rendered":"http:\/\/blogsaverroes.juntadeandalucia.es\/colegiodepruna\/?p=28"},"modified":"2016-04-12T07:39:39","modified_gmt":"2016-04-12T07:39:39","slug":"programa-de-absentismo-escolar","status":"publish","type":"post","link":"https:\/\/blogsaverroes.juntadeandalucia.es\/colegiodepruna\/2016\/04\/12\/programa-de-absentismo-escolar\/","title":{"rendered":"PROGRAMA DE ABSENTISMO ESCOLAR"},"content":{"rendered":"<p>El Ayuntamiento ha puesto en marcha un programa de absentismo escolar, poniendo a disposici\u00f3n del alumnado de Primaria una t\u00e9cnico en absentismo escolar, con el objetivo de concienciar al alumnado sobre la importancia de la vida escolar a trav\u00e9s de actividades cooperativas y din\u00e1micas de grupo.<\/p>\n<p>Tales tareas dar\u00e1n comienzo el lunes 11 de abril en el colegio y en horario lectivo (lunes y mi\u00e9rcoles de 9 a 11 horas)<br \/>\nDe la misma manera tendr\u00e1 cabida otras actividades l\u00fadicas en horario no lectivo, los lunes y mi\u00e9rcoles de 17.30 a 19 .00 horas.<\/p>\n","protected":false},"excerpt":{"rendered":"<p>El Ayuntamiento ha puesto en marcha un programa de absentismo escolar, poniendo a disposici\u00f3n del alumnado de Primaria una t\u00e9cnico en absentismo escolar, con el objetivo de concienciar al alumnado sobre la importancia de&#46;&#46;&#46;<\/p>\n","protected":false},"author":3853,"featured_media":2250,"comment_status":"closed","ping_status":"open","sticky":false,"template":"","format":"standard","meta":{"ngg_post_thumbnail":0,"footnotes":""},"categories":[19],"tags":[],"aioseo_notices":[],"post_mailing_queue_ids":[],"_links":{"self":[{"href":"https:\/\/blogsaverroes.juntadeandalucia.es\/colegiodepruna\/wp-json\/wp\/v2\/posts\/2244"}],"collection":[{"href":"https:\/\/blogsaverroes.juntadeandalucia.es\/colegiodepruna\/wp-json\/wp\/v2\/posts"}],"about":[{"href":"https:\/\/blogsaverroes.juntadeandalucia.es\/colegiodepruna\/wp-json\/wp\/v2\/types\/post"}],"author":[{"embeddable":true,"href":"https:\/\/blogsaverroes.juntadeandalucia.es\/colegiodepruna\/wp-json\/wp\/v2\/users\/3853"}],"replies":[{"embeddable":true,"href":"https:\/\/blogsaverroes.juntadeandalucia.es\/colegiodepruna\/wp-json\/wp\/v2\/comments?post=2244"}],"version-history":[{"count":0,"href":"https:\/\/blogsaverroes.juntadeandalucia.es\/colegiodepruna\/wp-json\/wp\/v2\/posts\/2244\/revisions"}],"wp:featuredmedia":[{"embeddable":true,"href":"https:\/\/blogsaverroes.juntadeandalucia.es\/colegiodepruna\/wp-json\/wp\/v2\/media\/2250"}],"wp:attachment":[{"href":"https:\/\/blogsaverroes.juntadeandalucia.es\/colegiodepruna\/wp-json\/wp\/v2\/media?parent=2244"}],"wp:term":[{"taxonomy":"category","embeddable":true,"href":"https:\/\/blogsaverroes.juntadeandalucia.es\/colegiodepruna\/wp-json\/wp\/v2\/categories?post=2244"},{"taxonomy":"post_tag","embeddable":true,"href":"https:\/\/blogsaverroes.juntadeandalucia.es\/colegiodepruna\/wp-json\/wp\/v2\/tags?post=2244"}],"curies":[{"name":"wp","href":"https:\/\/api.w.org\/{rel}","templated":true}]}}