{"id":4505,"date":"2022-03-14T18:07:57","date_gmt":"2022-03-14T18:07:57","guid":{"rendered":"https:\/\/blogsaverroes.juntadeandalucia.es\/colegiodepruna\/?p=4505"},"modified":"2023-04-14T16:39:33","modified_gmt":"2023-04-14T16:39:33","slug":"educar-con-3-ces","status":"publish","type":"post","link":"https:\/\/blogsaverroes.juntadeandalucia.es\/colegiodepruna\/2022\/03\/14\/educar-con-3-ces\/","title":{"rendered":"EDUCAR CON 3 CES"},"content":{"rendered":"<p><a href=\"https:\/\/blogsaverroes.juntadeandalucia.es\/colegiodepruna\/2023\/04\/14\/el-universo-de-las-palabras\/\"><img loading=\"lazy\" decoding=\"async\" class=\"alignnone wp-image-5699 size-medium\" src=\"https:\/\/blogsaverroes.juntadeandalucia.es\/colegiodepruna\/files\/2023\/04\/dc3fc552-530b-4828-8d5d-dbdc01d032fe-300x170.jpg\" alt=\"\" width=\"300\" height=\"170\" srcset=\"https:\/\/blogsaverroes.juntadeandalucia.es\/colegiodepruna\/files\/2023\/04\/dc3fc552-530b-4828-8d5d-dbdc01d032fe-300x170.jpg 300w, https:\/\/blogsaverroes.juntadeandalucia.es\/colegiodepruna\/files\/2023\/04\/dc3fc552-530b-4828-8d5d-dbdc01d032fe-768x436.jpg 768w, https:\/\/blogsaverroes.juntadeandalucia.es\/colegiodepruna\/files\/2023\/04\/dc3fc552-530b-4828-8d5d-dbdc01d032fe-700x397.jpg 700w, https:\/\/blogsaverroes.juntadeandalucia.es\/colegiodepruna\/files\/2023\/04\/dc3fc552-530b-4828-8d5d-dbdc01d032fe.jpg 1019w\" sizes=\"(max-width: 300px) 100vw, 300px\" \/><\/a><\/p>\n<p>&nbsp;<\/p>\n<p>NOS VISITA CLIN (pincha en la imagen)<\/p>\n<p><a href=\"https:\/\/blogsaverroes.juntadeandalucia.es\/colegiodepruna\/2023\/04\/14\/nos-visita-clin\/\"><img loading=\"lazy\" decoding=\"async\" class=\"alignnone wp-image-5693 size-medium\" src=\"https:\/\/blogsaverroes.juntadeandalucia.es\/colegiodepruna\/files\/2023\/04\/8281ef50-c702-4353-ad76-b42ed2e409aa-225x300.jpg\" alt=\"\" width=\"225\" height=\"300\" srcset=\"https:\/\/blogsaverroes.juntadeandalucia.es\/colegiodepruna\/files\/2023\/04\/8281ef50-c702-4353-ad76-b42ed2e409aa-225x300.jpg 225w, https:\/\/blogsaverroes.juntadeandalucia.es\/colegiodepruna\/files\/2023\/04\/8281ef50-c702-4353-ad76-b42ed2e409aa-768x1024.jpg 768w, https:\/\/blogsaverroes.juntadeandalucia.es\/colegiodepruna\/files\/2023\/04\/8281ef50-c702-4353-ad76-b42ed2e409aa-1152x1536.jpg 1152w, https:\/\/blogsaverroes.juntadeandalucia.es\/colegiodepruna\/files\/2023\/04\/8281ef50-c702-4353-ad76-b42ed2e409aa-700x933.jpg 700w, https:\/\/blogsaverroes.juntadeandalucia.es\/colegiodepruna\/files\/2023\/04\/8281ef50-c702-4353-ad76-b42ed2e409aa.jpg 1200w\" sizes=\"(max-width: 225px) 100vw, 225px\" \/><\/a><\/p>\n<p>&nbsp;<\/p>\n<p>Este curso hemos comenzado como centro piloto de un proyecto de innovaci\u00f3n llamado \u201cEducar con 3 Ces\u201d: CAPACIDADES, COMPETENCIAS y CORAZ\u00d3N.<\/p>\n<p>Hablar de capacidades es hablar de potencialidad (porque PUEDES), hablar de competencias es apostar por la acci\u00f3n (porque HACES), y en \u00faltimo lugar, pero no por ello menos importante, hablar de coraz\u00f3n es hablar de una educaci\u00f3n afectiva y del afecto (porque QUIERES).<\/p>\n<p>Educar con 3 Ces&nbsp;se presenta como un proyecto experimental que pretende visibilizar y empoderar estos elementos como elementos b\u00e1sicos curriculares en nuestro sistema educativo, trabajados y potenciados en alumnado, profesorado y familia.<\/p>\n<p>Este Proyecto se nutre y fundamenta de las teor\u00edas cl\u00e1sicas de educaci\u00f3n, as\u00ed como de los \u00faltimos descubrimientos de la neurociencia. De lo establecido por los y las te\u00f3ricos de la educaci\u00f3n, as\u00ed como de las pr\u00e1cticas de \u00e9xito de aula. De lo establecido en la normativa vigente, as\u00ed como lo que tanto familias, profesorado y alumnado entienden que deber\u00eda estudiarse. Y del peso de la tradici\u00f3n, as\u00ed como de lo que se espera en los ciudadanos y ciudadanas del Siglo XXI.<\/p>\n<p>Desde nuestro blog, trataremos de hacer visible todo lo que vaya aconteciendo en esta \u201candadura 3 Ces\u201d.<\/p>\n<p>He aqu\u00ed el resultado de uno de los \u00faltimos proyectos llevados a cabo.<\/p>\n<p><a href=\"https:\/\/blogsaverroes.juntadeandalucia.es\/colegiodepruna\/files\/2022\/03\/1ee3452a-3864-4780-ae4a-91c3f260398c.jpg\"><img loading=\"lazy\" decoding=\"async\" class=\"alignnone size-medium wp-image-4506\" src=\"https:\/\/blogsaverroes.juntadeandalucia.es\/colegiodepruna\/files\/2022\/03\/1ee3452a-3864-4780-ae4a-91c3f260398c-300x238.jpg\" alt=\"\" width=\"300\" height=\"238\" srcset=\"https:\/\/blogsaverroes.juntadeandalucia.es\/colegiodepruna\/files\/2022\/03\/1ee3452a-3864-4780-ae4a-91c3f260398c-300x238.jpg 300w, https:\/\/blogsaverroes.juntadeandalucia.es\/colegiodepruna\/files\/2022\/03\/1ee3452a-3864-4780-ae4a-91c3f260398c-768x611.jpg 768w, https:\/\/blogsaverroes.juntadeandalucia.es\/colegiodepruna\/files\/2022\/03\/1ee3452a-3864-4780-ae4a-91c3f260398c-700x556.jpg 700w, https:\/\/blogsaverroes.juntadeandalucia.es\/colegiodepruna\/files\/2022\/03\/1ee3452a-3864-4780-ae4a-91c3f260398c.jpg 995w\" sizes=\"(max-width: 300px) 100vw, 300px\" \/><\/a><a href=\"https:\/\/blogsaverroes.juntadeandalucia.es\/colegiodepruna\/files\/2022\/03\/9644f9b2-166f-4550-90d3-576deb669689.jpg\"><img loading=\"lazy\" decoding=\"async\" class=\"alignnone size-medium wp-image-4507\" src=\"https:\/\/blogsaverroes.juntadeandalucia.es\/colegiodepruna\/files\/2022\/03\/9644f9b2-166f-4550-90d3-576deb669689-300x237.jpg\" alt=\"\" width=\"300\" height=\"237\" srcset=\"https:\/\/blogsaverroes.juntadeandalucia.es\/colegiodepruna\/files\/2022\/03\/9644f9b2-166f-4550-90d3-576deb669689-300x237.jpg 300w, https:\/\/blogsaverroes.juntadeandalucia.es\/colegiodepruna\/files\/2022\/03\/9644f9b2-166f-4550-90d3-576deb669689-1024x810.jpg 1024w, https:\/\/blogsaverroes.juntadeandalucia.es\/colegiodepruna\/files\/2022\/03\/9644f9b2-166f-4550-90d3-576deb669689-768x607.jpg 768w, https:\/\/blogsaverroes.juntadeandalucia.es\/colegiodepruna\/files\/2022\/03\/9644f9b2-166f-4550-90d3-576deb669689-700x554.jpg 700w, https:\/\/blogsaverroes.juntadeandalucia.es\/colegiodepruna\/files\/2022\/03\/9644f9b2-166f-4550-90d3-576deb669689.jpg 1229w\" sizes=\"(max-width: 300px) 100vw, 300px\" \/><\/a><a href=\"https:\/\/blogsaverroes.juntadeandalucia.es\/colegiodepruna\/files\/2022\/03\/42483e06-2447-41c5-92d9-fc62603b9f93.jpg\"><img loading=\"lazy\" decoding=\"async\" class=\"alignnone size-medium wp-image-4508\" src=\"https:\/\/blogsaverroes.juntadeandalucia.es\/colegiodepruna\/files\/2022\/03\/42483e06-2447-41c5-92d9-fc62603b9f93-300x236.jpg\" alt=\"\" width=\"300\" height=\"236\" srcset=\"https:\/\/blogsaverroes.juntadeandalucia.es\/colegiodepruna\/files\/2022\/03\/42483e06-2447-41c5-92d9-fc62603b9f93-300x236.jpg 300w, https:\/\/blogsaverroes.juntadeandalucia.es\/colegiodepruna\/files\/2022\/03\/42483e06-2447-41c5-92d9-fc62603b9f93-768x603.jpg 768w, https:\/\/blogsaverroes.juntadeandalucia.es\/colegiodepruna\/files\/2022\/03\/42483e06-2447-41c5-92d9-fc62603b9f93-700x550.jpg 700w, https:\/\/blogsaverroes.juntadeandalucia.es\/colegiodepruna\/files\/2022\/03\/42483e06-2447-41c5-92d9-fc62603b9f93.jpg 1003w\" sizes=\"(max-width: 300px) 100vw, 300px\" \/><\/a><a href=\"https:\/\/blogsaverroes.juntadeandalucia.es\/colegiodepruna\/files\/2022\/03\/c383eb0b-6b86-4d30-a658-4af695194d4e.jpg\"><img loading=\"lazy\" decoding=\"async\" class=\"alignnone size-medium wp-image-4509\" src=\"https:\/\/blogsaverroes.juntadeandalucia.es\/colegiodepruna\/files\/2022\/03\/c383eb0b-6b86-4d30-a658-4af695194d4e-300x241.jpg\" alt=\"\" width=\"300\" height=\"241\" srcset=\"https:\/\/blogsaverroes.juntadeandalucia.es\/colegiodepruna\/files\/2022\/03\/c383eb0b-6b86-4d30-a658-4af695194d4e-300x241.jpg 300w, https:\/\/blogsaverroes.juntadeandalucia.es\/colegiodepruna\/files\/2022\/03\/c383eb0b-6b86-4d30-a658-4af695194d4e-768x617.jpg 768w, https:\/\/blogsaverroes.juntadeandalucia.es\/colegiodepruna\/files\/2022\/03\/c383eb0b-6b86-4d30-a658-4af695194d4e-700x562.jpg 700w, https:\/\/blogsaverroes.juntadeandalucia.es\/colegiodepruna\/files\/2022\/03\/c383eb0b-6b86-4d30-a658-4af695194d4e.jpg 985w\" sizes=\"(max-width: 300px) 100vw, 300px\" \/><\/a><a href=\"https:\/\/blogsaverroes.juntadeandalucia.es\/colegiodepruna\/files\/2022\/03\/f7db31e9-1121-4184-8168-09ff9d5c187c.jpg\"><img loading=\"lazy\" decoding=\"async\" class=\"alignnone size-medium wp-image-4510\" src=\"https:\/\/blogsaverroes.juntadeandalucia.es\/colegiodepruna\/files\/2022\/03\/f7db31e9-1121-4184-8168-09ff9d5c187c-300x239.jpg\" alt=\"\" width=\"300\" height=\"239\" srcset=\"https:\/\/blogsaverroes.juntadeandalucia.es\/colegiodepruna\/files\/2022\/03\/f7db31e9-1121-4184-8168-09ff9d5c187c-300x239.jpg 300w, https:\/\/blogsaverroes.juntadeandalucia.es\/colegiodepruna\/files\/2022\/03\/f7db31e9-1121-4184-8168-09ff9d5c187c-768x611.jpg 768w, https:\/\/blogsaverroes.juntadeandalucia.es\/colegiodepruna\/files\/2022\/03\/f7db31e9-1121-4184-8168-09ff9d5c187c-700x557.jpg 700w, https:\/\/blogsaverroes.juntadeandalucia.es\/colegiodepruna\/files\/2022\/03\/f7db31e9-1121-4184-8168-09ff9d5c187c.jpg 1004w\" sizes=\"(max-width: 300px) 100vw, 300px\" \/><\/a><\/p>\n<p>&nbsp;<\/p>\n<p><a href=\"https:\/\/blogsaverroes.juntadeandalucia.es\/colegiodepruna\/files\/2022\/03\/ARTICULO-3-CES.pdf\">ARTICULO 3 CES<\/a><\/p>\n<p>&nbsp;<\/p>\n<p>VIDEO MAR ROMERA<\/p>\n<p><a href=\"https:\/\/youtu.be\/WZHQxlkHVtQ\"><img loading=\"lazy\" decoding=\"async\" class=\"alignnone wp-image-5374 size-medium\" src=\"https:\/\/blogsaverroes.juntadeandalucia.es\/colegiodepruna\/files\/2022\/03\/1678640489833-300x163.jpg\" alt=\"\" width=\"300\" height=\"163\" srcset=\"https:\/\/blogsaverroes.juntadeandalucia.es\/colegiodepruna\/files\/2022\/03\/1678640489833-300x163.jpg 300w, https:\/\/blogsaverroes.juntadeandalucia.es\/colegiodepruna\/files\/2022\/03\/1678640489833-1024x557.jpg 1024w, https:\/\/blogsaverroes.juntadeandalucia.es\/colegiodepruna\/files\/2022\/03\/1678640489833-768x418.jpg 768w, https:\/\/blogsaverroes.juntadeandalucia.es\/colegiodepruna\/files\/2022\/03\/1678640489833-1536x836.jpg 1536w, https:\/\/blogsaverroes.juntadeandalucia.es\/colegiodepruna\/files\/2022\/03\/1678640489833-700x381.jpg 700w, https:\/\/blogsaverroes.juntadeandalucia.es\/colegiodepruna\/files\/2022\/03\/1678640489833.jpg 1600w\" sizes=\"(max-width: 300px) 100vw, 300px\" \/><\/a><\/p>\n","protected":false},"excerpt":{"rendered":"<p>&nbsp; NOS VISITA CLIN (pincha en la imagen) &nbsp; Este curso hemos comenzado como centro piloto de un proyecto de innovaci\u00f3n llamado \u201cEducar con 3 Ces\u201d: CAPACIDADES, COMPETENCIAS y CORAZ\u00d3N. Hablar de capacidades es&#46;&#46;&#46;<\/p>\n","protected":false},"author":3853,"featured_media":4511,"comment_status":"closed","ping_status":"open","sticky":false,"template":"","format":"standard","meta":{"ngg_post_thumbnail":0,"footnotes":""},"categories":[816807],"tags":[],"aioseo_notices":[],"post_mailing_queue_ids":[],"_links":{"self":[{"href":"https:\/\/blogsaverroes.juntadeandalucia.es\/colegiodepruna\/wp-json\/wp\/v2\/posts\/4505"}],"collection":[{"href":"https:\/\/blogsaverroes.juntadeandalucia.es\/colegiodepruna\/wp-json\/wp\/v2\/posts"}],"about":[{"href":"https:\/\/blogsaverroes.juntadeandalucia.es\/colegiodepruna\/wp-json\/wp\/v2\/types\/post"}],"author":[{"embeddable":true,"href":"https:\/\/blogsaverroes.juntadeandalucia.es\/colegiodepruna\/wp-json\/wp\/v2\/users\/3853"}],"replies":[{"embeddable":true,"href":"https:\/\/blogsaverroes.juntadeandalucia.es\/colegiodepruna\/wp-json\/wp\/v2\/comments?post=4505"}],"version-history":[{"count":7,"href":"https:\/\/blogsaverroes.juntadeandalucia.es\/colegiodepruna\/wp-json\/wp\/v2\/posts\/4505\/revisions"}],"predecessor-version":[{"id":5704,"href":"https:\/\/blogsaverroes.juntadeandalucia.es\/colegiodepruna\/wp-json\/wp\/v2\/posts\/4505\/revisions\/5704"}],"wp:featuredmedia":[{"embeddable":true,"href":"https:\/\/blogsaverroes.juntadeandalucia.es\/colegiodepruna\/wp-json\/wp\/v2\/media\/4511"}],"wp:attachment":[{"href":"https:\/\/blogsaverroes.juntadeandalucia.es\/colegiodepruna\/wp-json\/wp\/v2\/media?parent=4505"}],"wp:term":[{"taxonomy":"category","embeddable":true,"href":"https:\/\/blogsaverroes.juntadeandalucia.es\/colegiodepruna\/wp-json\/wp\/v2\/categories?post=4505"},{"taxonomy":"post_tag","embeddable":true,"href":"https:\/\/blogsaverroes.juntadeandalucia.es\/colegiodepruna\/wp-json\/wp\/v2\/tags?post=4505"}],"curies":[{"name":"wp","href":"https:\/\/api.w.org\/{rel}","templated":true}]}}