{"id":6338,"date":"2025-01-29T12:22:37","date_gmt":"2025-01-29T12:22:37","guid":{"rendered":"https:\/\/blogsaverroes.juntadeandalucia.es\/colegiodepruna\/?p=6338"},"modified":"2025-01-29T18:29:54","modified_gmt":"2025-01-29T18:29:54","slug":"excursion-a-estepa","status":"publish","type":"post","link":"https:\/\/blogsaverroes.juntadeandalucia.es\/colegiodepruna\/2025\/01\/29\/excursion-a-estepa\/","title":{"rendered":"Excursi\u00f3n a Estepa"},"content":{"rendered":"<p>En el mes de diciembre los cursos de 3\u00ba y 4\u00ba visitaron la ciudad de Estepa, concretamente la f\u00e1brica de mantecados \u00abLa Estepe\u00f1a\u00bb donde pudieron observar todo el proceso de elaboraci\u00f3n de mantecados; y adem\u00e1s participaron en&nbsp; un taller de elaboraci\u00f3n de mantecados en la f\u00e1brica de mantecados \u00abEl Gamo\u00bb.<\/p>\nngg_shortcode_0_placeholder\n","protected":false},"excerpt":{"rendered":"<p>En el mes de diciembre los cursos de 3\u00ba y 4\u00ba visitaron la ciudad de Estepa, concretamente la f\u00e1brica de mantecados \u00abLa Estepe\u00f1a\u00bb donde pudieron observar todo el proceso de elaboraci\u00f3n de mantecados; y&#46;&#46;&#46;<\/p>\n","protected":false},"author":3853,"featured_media":6340,"comment_status":"closed","ping_status":"open","sticky":false,"template":"","format":"standard","meta":{"ngg_post_thumbnail":0,"footnotes":""},"categories":[11909],"tags":[],"aioseo_notices":[],"post_mailing_queue_ids":[],"_links":{"self":[{"href":"https:\/\/blogsaverroes.juntadeandalucia.es\/colegiodepruna\/wp-json\/wp\/v2\/posts\/6338"}],"collection":[{"href":"https:\/\/blogsaverroes.juntadeandalucia.es\/colegiodepruna\/wp-json\/wp\/v2\/posts"}],"about":[{"href":"https:\/\/blogsaverroes.juntadeandalucia.es\/colegiodepruna\/wp-json\/wp\/v2\/types\/post"}],"author":[{"embeddable":true,"href":"https:\/\/blogsaverroes.juntadeandalucia.es\/colegiodepruna\/wp-json\/wp\/v2\/users\/3853"}],"replies":[{"embeddable":true,"href":"https:\/\/blogsaverroes.juntadeandalucia.es\/colegiodepruna\/wp-json\/wp\/v2\/comments?post=6338"}],"version-history":[{"count":4,"href":"https:\/\/blogsaverroes.juntadeandalucia.es\/colegiodepruna\/wp-json\/wp\/v2\/posts\/6338\/revisions"}],"predecessor-version":[{"id":6347,"href":"https:\/\/blogsaverroes.juntadeandalucia.es\/colegiodepruna\/wp-json\/wp\/v2\/posts\/6338\/revisions\/6347"}],"wp:featuredmedia":[{"embeddable":true,"href":"https:\/\/blogsaverroes.juntadeandalucia.es\/colegiodepruna\/wp-json\/wp\/v2\/media\/6340"}],"wp:attachment":[{"href":"https:\/\/blogsaverroes.juntadeandalucia.es\/colegiodepruna\/wp-json\/wp\/v2\/media?parent=6338"}],"wp:term":[{"taxonomy":"category","embeddable":true,"href":"https:\/\/blogsaverroes.juntadeandalucia.es\/colegiodepruna\/wp-json\/wp\/v2\/categories?post=6338"},{"taxonomy":"post_tag","embeddable":true,"href":"https:\/\/blogsaverroes.juntadeandalucia.es\/colegiodepruna\/wp-json\/wp\/v2\/tags?post=6338"}],"curies":[{"name":"wp","href":"https:\/\/api.w.org\/{rel}","templated":true}]}}