{"id":1799,"date":"2021-06-24T17:19:21","date_gmt":"2021-06-24T16:19:21","guid":{"rendered":"https:\/\/blogsaverroes.juntadeandalucia.es\/colegioesperanza\/?p=1799"},"modified":"2021-09-01T09:29:38","modified_gmt":"2021-09-01T08:29:38","slug":"nuestra-mayor-recompensa-carta-de-la-mama-de-moises","status":"publish","type":"post","link":"https:\/\/blogsaverroes.juntadeandalucia.es\/colegioesperanza\/nuestra-mayor-recompensa-carta-de-la-mama-de-moises\/","title":{"rendered":"Nuestra mayor recompensa: &#8220;Carta de la mam\u00e1 de Mois\u00e9s&#8221;"},"content":{"rendered":"<p>Hoy nos&nbsp; hemos&nbsp; tomado la peque\u00f1a licencia de publicar &#8220;integra y literalmente&#8221; una carta de agradecimiento de la mam\u00e1 de Mois\u00e9s, un alumno que este a\u00f1o finaliza su etapa con nosotr@s, ya que nos ha parecido una manera preciosa de poner punto y final a este curso escolar.<\/p>\n<p><a href=\"https:\/\/blogsaverroes.juntadeandalucia.es\/colegioesperanza\/files\/2021\/06\/Carta-de-la-mam\u00e1-de-Mois\u00e9s.pdf\"><span style=\"color: #0000ff\">Carta de la mam\u00e1 de Mois\u00e9s<\/span><\/a><\/p>\n","protected":false},"excerpt":{"rendered":"<p>Hoy nos&nbsp; hemos&nbsp; tomado la peque\u00f1a licencia de publicar &#8220;integra y literalmente&#8221; una carta de agradecimiento de la mam\u00e1 de Mois\u00e9s, un alumno que este a\u00f1o finaliza su etapa con nosotr@s, ya que nos ha parecido una manera preciosa de poner punto y final a este curso escolar. Carta de la mam\u00e1 de Mois\u00e9s<\/p>\n","protected":false},"author":11863,"featured_media":1803,"comment_status":"closed","ping_status":"open","sticky":false,"template":"","format":"standard","meta":{"_et_pb_use_builder":"","_et_pb_old_content":"","_et_gb_content_width":"","ngg_post_thumbnail":0,"footnotes":""},"categories":[23],"tags":[34],"aioseo_notices":[],"_links":{"self":[{"href":"https:\/\/blogsaverroes.juntadeandalucia.es\/colegioesperanza\/wp-json\/wp\/v2\/posts\/1799"}],"collection":[{"href":"https:\/\/blogsaverroes.juntadeandalucia.es\/colegioesperanza\/wp-json\/wp\/v2\/posts"}],"about":[{"href":"https:\/\/blogsaverroes.juntadeandalucia.es\/colegioesperanza\/wp-json\/wp\/v2\/types\/post"}],"author":[{"embeddable":true,"href":"https:\/\/blogsaverroes.juntadeandalucia.es\/colegioesperanza\/wp-json\/wp\/v2\/users\/11863"}],"replies":[{"embeddable":true,"href":"https:\/\/blogsaverroes.juntadeandalucia.es\/colegioesperanza\/wp-json\/wp\/v2\/comments?post=1799"}],"version-history":[{"count":2,"href":"https:\/\/blogsaverroes.juntadeandalucia.es\/colegioesperanza\/wp-json\/wp\/v2\/posts\/1799\/revisions"}],"predecessor-version":[{"id":1808,"href":"https:\/\/blogsaverroes.juntadeandalucia.es\/colegioesperanza\/wp-json\/wp\/v2\/posts\/1799\/revisions\/1808"}],"wp:featuredmedia":[{"embeddable":true,"href":"https:\/\/blogsaverroes.juntadeandalucia.es\/colegioesperanza\/wp-json\/wp\/v2\/media\/1803"}],"wp:attachment":[{"href":"https:\/\/blogsaverroes.juntadeandalucia.es\/colegioesperanza\/wp-json\/wp\/v2\/media?parent=1799"}],"wp:term":[{"taxonomy":"category","embeddable":true,"href":"https:\/\/blogsaverroes.juntadeandalucia.es\/colegioesperanza\/wp-json\/wp\/v2\/categories?post=1799"},{"taxonomy":"post_tag","embeddable":true,"href":"https:\/\/blogsaverroes.juntadeandalucia.es\/colegioesperanza\/wp-json\/wp\/v2\/tags?post=1799"}],"curies":[{"name":"wp","href":"https:\/\/api.w.org\/{rel}","templated":true}]}}