{"id":8731,"date":"2025-09-19T11:45:38","date_gmt":"2025-09-19T10:45:38","guid":{"rendered":"https:\/\/blogsaverroes.juntadeandalucia.es\/colegioesperanza\/?p=8731"},"modified":"2025-09-19T11:45:38","modified_gmt":"2025-09-19T10:45:38","slug":"comenzamos-formandonos","status":"publish","type":"post","link":"https:\/\/blogsaverroes.juntadeandalucia.es\/colegioesperanza\/comenzamos-formandonos\/","title":{"rendered":"Comenzamos form\u00e1ndonos"},"content":{"rendered":"<p>Comenzamos un nuevo curso con ganas de conocer m\u00e1s. Realizamos nuestra primera formaci\u00f3n:<strong>&#8220;Curso Herramientas pr\u00e1cticas intervenci\u00f3n alumnado TEA&#8221;<\/strong> (dentro del Plan de Formaci\u00f3n del profesorado y convocado por el CEP de Guadix).<br \/>\nEst\u00e1 impartido por Carolina Velasco, maestra y experta en TEA y cuyos contenidos van desde comunicaci\u00f3n, estimulaci\u00f3n sensorial, apoyo conductual positivo, proyectos y actividades de inclusi\u00f3n a<br \/>\nMetodolog\u00edas de intervenci\u00f3n.<\/p>\n<p><img loading=\"lazy\" decoding=\"async\" class=\"alignnone size-medium wp-image-8733\" src=\"https:\/\/blogsaverroes.juntadeandalucia.es\/colegioesperanza\/files\/2025\/09\/WhatsApp-Image-2025-09-18-at-11.02.52-1-300x225.jpeg\" alt=\"\" width=\"300\" height=\"225\"> <img loading=\"lazy\" decoding=\"async\" class=\"alignnone size-medium wp-image-8734\" src=\"https:\/\/blogsaverroes.juntadeandalucia.es\/colegioesperanza\/files\/2025\/09\/WhatsApp-Image-2025-09-18-at-11.02.52-2-300x225.jpeg\" alt=\"\" width=\"300\" height=\"225\"> <img loading=\"lazy\" decoding=\"async\" class=\"alignnone size-medium wp-image-8735\" src=\"https:\/\/blogsaverroes.juntadeandalucia.es\/colegioesperanza\/files\/2025\/09\/WhatsApp-Image-2025-09-18-at-11.02.52-300x225.jpeg\" alt=\"\" width=\"300\" height=\"225\"> <img loading=\"lazy\" decoding=\"async\" class=\"alignnone size-medium wp-image-8736\" src=\"https:\/\/blogsaverroes.juntadeandalucia.es\/colegioesperanza\/files\/2025\/09\/WhatsApp-Image-2025-09-18-at-11.02.53-2-300x225.jpeg\" alt=\"\" width=\"300\" height=\"225\"> <img loading=\"lazy\" decoding=\"async\" class=\"alignnone size-medium wp-image-8737\" src=\"https:\/\/blogsaverroes.juntadeandalucia.es\/colegioesperanza\/files\/2025\/09\/WhatsApp-Image-2025-09-18-at-11.02.53-3-300x225.jpeg\" alt=\"\" width=\"300\" height=\"225\"><\/p>\n","protected":false},"excerpt":{"rendered":"<p>Comenzamos un nuevo curso con ganas de conocer m\u00e1s. Realizamos nuestra primera formaci\u00f3n:&#8220;Curso Herramientas pr\u00e1cticas intervenci\u00f3n alumnado TEA&#8221; (dentro del Plan de Formaci\u00f3n del profesorado y convocado por el CEP de Guadix). Est\u00e1 impartido por Carolina Velasco, maestra y experta en TEA y cuyos contenidos van desde comunicaci\u00f3n, estimulaci\u00f3n sensorial, apoyo conductual positivo, proyectos y [&hellip;]<\/p>\n","protected":false},"author":12096,"featured_media":8738,"comment_status":"closed","ping_status":"open","sticky":false,"template":"","format":"standard","meta":{"_et_pb_use_builder":"","_et_pb_old_content":"","_et_gb_content_width":"","ngg_post_thumbnail":0,"footnotes":""},"categories":[3,4],"tags":[],"aioseo_notices":[],"_links":{"self":[{"href":"https:\/\/blogsaverroes.juntadeandalucia.es\/colegioesperanza\/wp-json\/wp\/v2\/posts\/8731"}],"collection":[{"href":"https:\/\/blogsaverroes.juntadeandalucia.es\/colegioesperanza\/wp-json\/wp\/v2\/posts"}],"about":[{"href":"https:\/\/blogsaverroes.juntadeandalucia.es\/colegioesperanza\/wp-json\/wp\/v2\/types\/post"}],"author":[{"embeddable":true,"href":"https:\/\/blogsaverroes.juntadeandalucia.es\/colegioesperanza\/wp-json\/wp\/v2\/users\/12096"}],"replies":[{"embeddable":true,"href":"https:\/\/blogsaverroes.juntadeandalucia.es\/colegioesperanza\/wp-json\/wp\/v2\/comments?post=8731"}],"version-history":[{"count":2,"href":"https:\/\/blogsaverroes.juntadeandalucia.es\/colegioesperanza\/wp-json\/wp\/v2\/posts\/8731\/revisions"}],"predecessor-version":[{"id":8739,"href":"https:\/\/blogsaverroes.juntadeandalucia.es\/colegioesperanza\/wp-json\/wp\/v2\/posts\/8731\/revisions\/8739"}],"wp:featuredmedia":[{"embeddable":true,"href":"https:\/\/blogsaverroes.juntadeandalucia.es\/colegioesperanza\/wp-json\/wp\/v2\/media\/8738"}],"wp:attachment":[{"href":"https:\/\/blogsaverroes.juntadeandalucia.es\/colegioesperanza\/wp-json\/wp\/v2\/media?parent=8731"}],"wp:term":[{"taxonomy":"category","embeddable":true,"href":"https:\/\/blogsaverroes.juntadeandalucia.es\/colegioesperanza\/wp-json\/wp\/v2\/categories?post=8731"},{"taxonomy":"post_tag","embeddable":true,"href":"https:\/\/blogsaverroes.juntadeandalucia.es\/colegioesperanza\/wp-json\/wp\/v2\/tags?post=8731"}],"curies":[{"name":"wp","href":"https:\/\/api.w.org\/{rel}","templated":true}]}}