{"id":9027,"date":"2026-01-22T13:26:41","date_gmt":"2026-01-22T12:26:41","guid":{"rendered":"https:\/\/blogsaverroes.juntadeandalucia.es\/colegioesperanza\/?p=9027"},"modified":"2026-01-22T13:26:41","modified_gmt":"2026-01-22T12:26:41","slug":"nos-vamos-de-marcha","status":"publish","type":"post","link":"https:\/\/blogsaverroes.juntadeandalucia.es\/colegioesperanza\/nos-vamos-de-marcha\/","title":{"rendered":"Nos vamos de &#8220;marcha&#8221;"},"content":{"rendered":"<p>Con motivo del 38 aniversario del gran premio Marcha Atl\u00e9tica y XIX Memorial Manuel Alcalde se ha programado una jornada deportiva en las que participa 400 alumnos de todos los centros educativos de Guadix, acompa\u00f1ados de la gran atleta y campeona mundial Mar\u00eda P\u00e9rez y&nbsp; su entrenador Jacinto Garz\u00f3n<\/p>\n<p><a href=\"https:\/\/blogsaverroes.juntadeandalucia.es\/colegioesperanza\/files\/2026\/01\/Video-con-Maria-Perez.mp4\"><span style=\"color: #0000ff\">Video 1 (Entrenando con Mar\u00eda P\u00e9rez, campeona mundial de marcha). Clicar para ver<\/span><\/a><\/p>\n<p><a href=\"https:\/\/blogsaverroes.juntadeandalucia.es\/colegioesperanza\/files\/2026\/01\/Video-2.mp4\"><span style=\"color: #0000ff\">Video 2 (clicar para ver)<\/span><\/a><\/p>\n<p><img loading=\"lazy\" decoding=\"async\" class=\"alignnone size-medium wp-image-9028\" src=\"https:\/\/blogsaverroes.juntadeandalucia.es\/colegioesperanza\/files\/2026\/01\/WhatsApp-Image-2026-01-22-at-10.57.47-300x226.jpeg\" alt=\"\" width=\"300\" height=\"226\"> <img loading=\"lazy\" decoding=\"async\" class=\"alignnone size-medium wp-image-9029\" src=\"https:\/\/blogsaverroes.juntadeandalucia.es\/colegioesperanza\/files\/2026\/01\/WhatsApp-Image-2026-01-22-at-10.57.48-1-300x226.jpeg\" alt=\"\" width=\"300\" height=\"226\"> <img loading=\"lazy\" decoding=\"async\" class=\"alignnone size-medium wp-image-9030\" src=\"https:\/\/blogsaverroes.juntadeandalucia.es\/colegioesperanza\/files\/2026\/01\/WhatsApp-Image-2026-01-22-at-10.57.48-300x226.jpeg\" alt=\"\" width=\"300\" height=\"226\"> <img loading=\"lazy\" decoding=\"async\" class=\"alignnone size-medium wp-image-9031\" src=\"https:\/\/blogsaverroes.juntadeandalucia.es\/colegioesperanza\/files\/2026\/01\/WhatsApp-Image-2026-01-22-at-10.57.49-300x226.jpeg\" alt=\"\" width=\"300\" height=\"226\"> <img loading=\"lazy\" decoding=\"async\" class=\"alignnone size-medium wp-image-9032\" src=\"https:\/\/blogsaverroes.juntadeandalucia.es\/colegioesperanza\/files\/2026\/01\/WhatsApp-Image-2026-01-22-at-10.57.50-300x226.jpeg\" alt=\"\" width=\"300\" height=\"226\"> <img loading=\"lazy\" decoding=\"async\" class=\"alignnone size-medium wp-image-9033\" src=\"https:\/\/blogsaverroes.juntadeandalucia.es\/colegioesperanza\/files\/2026\/01\/WhatsApp-Image-2026-01-22-at-10.57.51-1-300x226.jpeg\" alt=\"\" width=\"300\" height=\"226\"> <img loading=\"lazy\" decoding=\"async\" class=\"alignnone size-medium wp-image-9034\" src=\"https:\/\/blogsaverroes.juntadeandalucia.es\/colegioesperanza\/files\/2026\/01\/WhatsApp-Image-2026-01-22-at-10.57.51-300x226.jpeg\" alt=\"\" width=\"300\" height=\"226\"> <img loading=\"lazy\" decoding=\"async\" class=\"alignnone size-medium wp-image-9035\" src=\"https:\/\/blogsaverroes.juntadeandalucia.es\/colegioesperanza\/files\/2026\/01\/WhatsApp-Image-2026-01-22-at-10.57.52-1-300x226.jpeg\" alt=\"\" width=\"300\" height=\"226\"> <img loading=\"lazy\" decoding=\"async\" class=\"alignnone size-medium wp-image-9036\" src=\"https:\/\/blogsaverroes.juntadeandalucia.es\/colegioesperanza\/files\/2026\/01\/WhatsApp-Image-2026-01-22-at-10.57.52-300x226.jpeg\" alt=\"\" width=\"300\" height=\"226\"> <img loading=\"lazy\" decoding=\"async\" class=\"alignnone size-medium wp-image-9037\" src=\"https:\/\/blogsaverroes.juntadeandalucia.es\/colegioesperanza\/files\/2026\/01\/WhatsApp-Image-2026-01-22-at-10.57.54-300x226.jpeg\" alt=\"\" width=\"300\" height=\"226\"> <img loading=\"lazy\" decoding=\"async\" class=\"alignnone size-medium wp-image-9038\" src=\"https:\/\/blogsaverroes.juntadeandalucia.es\/colegioesperanza\/files\/2026\/01\/WhatsApp-Image-2026-01-22-at-10.57.55-1-300x226.jpeg\" alt=\"\" width=\"300\" height=\"226\"> <img loading=\"lazy\" decoding=\"async\" class=\"alignnone size-medium wp-image-9039\" src=\"https:\/\/blogsaverroes.juntadeandalucia.es\/colegioesperanza\/files\/2026\/01\/WhatsApp-Image-2026-01-22-at-10.57.55-300x226.jpeg\" alt=\"\" width=\"300\" height=\"226\"> <img loading=\"lazy\" decoding=\"async\" class=\"alignnone size-medium wp-image-9040\" src=\"https:\/\/blogsaverroes.juntadeandalucia.es\/colegioesperanza\/files\/2026\/01\/WhatsApp-Image-2026-01-22-at-10.57.56-300x226.jpeg\" alt=\"\" width=\"300\" height=\"226\"> <img loading=\"lazy\" decoding=\"async\" class=\"alignnone size-medium wp-image-9041\" src=\"https:\/\/blogsaverroes.juntadeandalucia.es\/colegioesperanza\/files\/2026\/01\/WhatsApp-Image-2026-01-22-at-10.57.57-300x226.jpeg\" alt=\"\" width=\"300\" height=\"226\"> <img loading=\"lazy\" decoding=\"async\" class=\"alignnone size-medium wp-image-9042\" src=\"https:\/\/blogsaverroes.juntadeandalucia.es\/colegioesperanza\/files\/2026\/01\/WhatsApp-Image-2026-01-22-at-10.57.58-300x226.jpeg\" alt=\"\" width=\"300\" height=\"226\"><\/p>\n<p>&nbsp;<\/p>\n","protected":false},"excerpt":{"rendered":"<p>Con motivo del 38 aniversario del gran premio Marcha Atl\u00e9tica y XIX Memorial Manuel Alcalde se ha programado una jornada deportiva en las que participa 400 alumnos de todos los centros educativos de Guadix, acompa\u00f1ados de la gran atleta y campeona mundial Mar\u00eda P\u00e9rez y&nbsp; su entrenador Jacinto Garz\u00f3n Video 1 (Entrenando con Mar\u00eda P\u00e9rez, [&hellip;]<\/p>\n","protected":false},"author":12096,"featured_media":9035,"comment_status":"closed","ping_status":"open","sticky":false,"template":"","format":"standard","meta":{"_et_pb_use_builder":"","_et_pb_old_content":"","_et_gb_content_width":"","ngg_post_thumbnail":0,"footnotes":""},"categories":[3,4],"tags":[],"aioseo_notices":[],"_links":{"self":[{"href":"https:\/\/blogsaverroes.juntadeandalucia.es\/colegioesperanza\/wp-json\/wp\/v2\/posts\/9027"}],"collection":[{"href":"https:\/\/blogsaverroes.juntadeandalucia.es\/colegioesperanza\/wp-json\/wp\/v2\/posts"}],"about":[{"href":"https:\/\/blogsaverroes.juntadeandalucia.es\/colegioesperanza\/wp-json\/wp\/v2\/types\/post"}],"author":[{"embeddable":true,"href":"https:\/\/blogsaverroes.juntadeandalucia.es\/colegioesperanza\/wp-json\/wp\/v2\/users\/12096"}],"replies":[{"embeddable":true,"href":"https:\/\/blogsaverroes.juntadeandalucia.es\/colegioesperanza\/wp-json\/wp\/v2\/comments?post=9027"}],"version-history":[{"count":1,"href":"https:\/\/blogsaverroes.juntadeandalucia.es\/colegioesperanza\/wp-json\/wp\/v2\/posts\/9027\/revisions"}],"predecessor-version":[{"id":9045,"href":"https:\/\/blogsaverroes.juntadeandalucia.es\/colegioesperanza\/wp-json\/wp\/v2\/posts\/9027\/revisions\/9045"}],"wp:featuredmedia":[{"embeddable":true,"href":"https:\/\/blogsaverroes.juntadeandalucia.es\/colegioesperanza\/wp-json\/wp\/v2\/media\/9035"}],"wp:attachment":[{"href":"https:\/\/blogsaverroes.juntadeandalucia.es\/colegioesperanza\/wp-json\/wp\/v2\/media?parent=9027"}],"wp:term":[{"taxonomy":"category","embeddable":true,"href":"https:\/\/blogsaverroes.juntadeandalucia.es\/colegioesperanza\/wp-json\/wp\/v2\/categories?post=9027"},{"taxonomy":"post_tag","embeddable":true,"href":"https:\/\/blogsaverroes.juntadeandalucia.es\/colegioesperanza\/wp-json\/wp\/v2\/tags?post=9027"}],"curies":[{"name":"wp","href":"https:\/\/api.w.org\/{rel}","templated":true}]}}