{"id":994,"date":"2024-12-03T13:21:32","date_gmt":"2024-12-03T12:21:32","guid":{"rendered":"https:\/\/blogsaverroes.juntadeandalucia.es\/colegiofernandovillalon\/?p=994"},"modified":"2024-12-03T13:21:32","modified_gmt":"2024-12-03T12:21:32","slug":"el-3-de-diciembre-es-el-dia-internacional-de-la-diversidad-funcional-%e2%9d%a4%ef%b8%8f","status":"publish","type":"post","link":"https:\/\/blogsaverroes.juntadeandalucia.es\/colegiofernandovillalon\/el-3-de-diciembre-es-el-dia-internacional-de-la-diversidad-funcional-%e2%9d%a4%ef%b8%8f\/","title":{"rendered":"El 3 de diciembre es el D\u00eda Internacional de la DIVERSIDAD FUNCIONAL  \u2764\ufe0f"},"content":{"rendered":"<p style=\"text-align: left\"><strong>&nbsp; &nbsp; &nbsp; \u00abUn d\u00eda para todos y todas\u00bb<\/strong><\/p>\n<p><img loading=\"lazy\" decoding=\"async\" class=\"alignnone size-medium wp-image-995\" src=\"https:\/\/blogsaverroes.juntadeandalucia.es\/colegiofernandovillalon\/files\/2024\/12\/WhatsApp-Image-2024-12-03-at-13.08.58-225x300.jpeg\" alt=\"El 3 de diciembre, celebramos el D\u00eda Internacional de la Diversidad Funcional, con el objetivo de sensibilizar a la poblaci\u00f3n la importancia de generar desde la infancia a la edad adulta una concienciaci\u00f3n de la importancia de la inclusi\u00f3n como actitud igualitaria en la sociedad.\" width=\"225\" height=\"300\"><\/p>\n<p>&nbsp;<\/p>\n","protected":false},"excerpt":{"rendered":"<p>&nbsp; &nbsp; &nbsp; \u00abUn d\u00eda para todos y todas\u00bb &nbsp;<\/p>\n","protected":false},"author":13645,"featured_media":0,"comment_status":"closed","ping_status":"open","sticky":false,"template":"","format":"standard","meta":{"_et_pb_use_builder":"","_et_pb_old_content":"","_et_gb_content_width":"","ngg_post_thumbnail":0,"footnotes":""},"categories":[1],"tags":[],"aioseo_notices":[],"_links":{"self":[{"href":"https:\/\/blogsaverroes.juntadeandalucia.es\/colegiofernandovillalon\/wp-json\/wp\/v2\/posts\/994"}],"collection":[{"href":"https:\/\/blogsaverroes.juntadeandalucia.es\/colegiofernandovillalon\/wp-json\/wp\/v2\/posts"}],"about":[{"href":"https:\/\/blogsaverroes.juntadeandalucia.es\/colegiofernandovillalon\/wp-json\/wp\/v2\/types\/post"}],"author":[{"embeddable":true,"href":"https:\/\/blogsaverroes.juntadeandalucia.es\/colegiofernandovillalon\/wp-json\/wp\/v2\/users\/13645"}],"replies":[{"embeddable":true,"href":"https:\/\/blogsaverroes.juntadeandalucia.es\/colegiofernandovillalon\/wp-json\/wp\/v2\/comments?post=994"}],"version-history":[{"count":3,"href":"https:\/\/blogsaverroes.juntadeandalucia.es\/colegiofernandovillalon\/wp-json\/wp\/v2\/posts\/994\/revisions"}],"predecessor-version":[{"id":998,"href":"https:\/\/blogsaverroes.juntadeandalucia.es\/colegiofernandovillalon\/wp-json\/wp\/v2\/posts\/994\/revisions\/998"}],"wp:attachment":[{"href":"https:\/\/blogsaverroes.juntadeandalucia.es\/colegiofernandovillalon\/wp-json\/wp\/v2\/media?parent=994"}],"wp:term":[{"taxonomy":"category","embeddable":true,"href":"https:\/\/blogsaverroes.juntadeandalucia.es\/colegiofernandovillalon\/wp-json\/wp\/v2\/categories?post=994"},{"taxonomy":"post_tag","embeddable":true,"href":"https:\/\/blogsaverroes.juntadeandalucia.es\/colegiofernandovillalon\/wp-json\/wp\/v2\/tags?post=994"}],"curies":[{"name":"wp","href":"https:\/\/api.w.org\/{rel}","templated":true}]}}