{"id":8529,"date":"2017-03-21T13:53:49","date_gmt":"2017-03-21T13:53:49","guid":{"rendered":"http:\/\/blogsaverroes.juntadeandalucia.es\/colegiohermanospinzon\/?p=8529"},"modified":"2017-03-21T13:54:46","modified_gmt":"2017-03-21T13:54:46","slug":"saint-patricks-day","status":"publish","type":"post","link":"https:\/\/blogsaverroes.juntadeandalucia.es\/colegiohermanospinzon\/2017\/03\/21\/saint-patricks-day\/","title":{"rendered":"Saint Patrick&#8217;s day"},"content":{"rendered":"<p><a class=\"ngg-fancybox\" title=\" \" href=\"http:\/\/blogsaverroes.juntadeandalucia.es\/colegiohermanospinzon\/wp-content\/uploads\/sites\/1110\/nggallery\/saint-patricks-day-2017\/DSC01549-HDTV-1080.JPG\" rel=\"\"><img decoding=\"async\" class=\"ngg-singlepic ngg-none\" src=\"http:\/\/blogsaverroes.juntadeandalucia.es\/colegiohermanospinzon\/wp-content\/uploads\/sites\/1110\/nggallery\/saint-patricks-day-2017\/thumbs\/thumbs_DSC01549-HDTV-1080.JPG\" alt=\"DSC01549 [HDTV (1080)]\" width=\"232\" height=\"179\"\/><b>E<\/b><\/a><b>l D\u00eda de San Patricio<\/b> , o la <b>Fiesta de San Patricio<\/b> ( irland\u00e9s : <span lang=\"ga\"><i>L\u00e1 Fh\u00e9ile P\u00e1draig<\/i><\/span> , \u00abD\u00eda del Festival de Patricio\u00bb), es una celebraci\u00f3n cultural y religiosa celebrada el 17 de marzo, fecha tradicional de la muerte de San Patricio 385-461), el principal santo patr\u00f3n de Irlanda.<\/p>\nngg_shortcode_0_placeholder\n<blockquote><p>Enlaces a montajes fotogr\u00e1ficos en video:<\/p>\n<p><a href=\"https:\/\/photopeach.com\/album\/v9xl4h\" target=\"_blank\">EDUCACI\u00d3N INFANTIL&nbsp;<\/a><\/p>\n<p><a href=\"https:\/\/photopeach.com\/album\/yjo2r6\" target=\"_blank\">EDUCACI\u00d3N INFANTIL Y PRIMER CICLO<\/a><\/p>\n<p><a href=\"https:\/\/photopeach.com\/album\/t005sw\" target=\"_blank\">SEGUNDO Y TERCER CICLO PRIMARIA<\/a><\/p><\/blockquote>\n<p>&nbsp;<\/p>\n","protected":false},"excerpt":{"rendered":"<p>El D\u00eda de San Patricio , o la Fiesta de San Patricio ( irland\u00e9s : L\u00e1 Fh\u00e9ile P\u00e1draig , \u00abD\u00eda del Festival de Patricio\u00bb), es&hellip;<\/p>\n","protected":false},"author":2166,"featured_media":8530,"comment_status":"closed","ping_status":"open","sticky":true,"template":"","format":"standard","meta":{"ngg_post_thumbnail":0,"footnotes":""},"categories":[5991],"tags":[],"aioseo_notices":[],"_links":{"self":[{"href":"https:\/\/blogsaverroes.juntadeandalucia.es\/colegiohermanospinzon\/wp-json\/wp\/v2\/posts\/8529"}],"collection":[{"href":"https:\/\/blogsaverroes.juntadeandalucia.es\/colegiohermanospinzon\/wp-json\/wp\/v2\/posts"}],"about":[{"href":"https:\/\/blogsaverroes.juntadeandalucia.es\/colegiohermanospinzon\/wp-json\/wp\/v2\/types\/post"}],"author":[{"embeddable":true,"href":"https:\/\/blogsaverroes.juntadeandalucia.es\/colegiohermanospinzon\/wp-json\/wp\/v2\/users\/2166"}],"replies":[{"embeddable":true,"href":"https:\/\/blogsaverroes.juntadeandalucia.es\/colegiohermanospinzon\/wp-json\/wp\/v2\/comments?post=8529"}],"version-history":[{"count":5,"href":"https:\/\/blogsaverroes.juntadeandalucia.es\/colegiohermanospinzon\/wp-json\/wp\/v2\/posts\/8529\/revisions"}],"predecessor-version":[{"id":8535,"href":"https:\/\/blogsaverroes.juntadeandalucia.es\/colegiohermanospinzon\/wp-json\/wp\/v2\/posts\/8529\/revisions\/8535"}],"wp:featuredmedia":[{"embeddable":true,"href":"https:\/\/blogsaverroes.juntadeandalucia.es\/colegiohermanospinzon\/wp-json\/wp\/v2\/media\/8530"}],"wp:attachment":[{"href":"https:\/\/blogsaverroes.juntadeandalucia.es\/colegiohermanospinzon\/wp-json\/wp\/v2\/media?parent=8529"}],"wp:term":[{"taxonomy":"category","embeddable":true,"href":"https:\/\/blogsaverroes.juntadeandalucia.es\/colegiohermanospinzon\/wp-json\/wp\/v2\/categories?post=8529"},{"taxonomy":"post_tag","embeddable":true,"href":"https:\/\/blogsaverroes.juntadeandalucia.es\/colegiohermanospinzon\/wp-json\/wp\/v2\/tags?post=8529"}],"curies":[{"name":"wp","href":"https:\/\/api.w.org\/{rel}","templated":true}]}}