{"id":1681,"date":"2022-05-28T07:50:51","date_gmt":"2022-05-28T06:50:51","guid":{"rendered":"https:\/\/blogsaverroes.juntadeandalucia.es\/colegiojuventudjerez\/?p=1681"},"modified":"2022-05-29T11:55:01","modified_gmt":"2022-05-29T10:55:01","slug":"celebramos-el-dia-del-libro","status":"publish","type":"post","link":"https:\/\/blogsaverroes.juntadeandalucia.es\/colegiojuventudjerez\/celebramos-el-dia-del-libro\/","title":{"rendered":"Celebramos el d\u00eda del libro"},"content":{"rendered":"<p>[et_pb_section][et_pb_row][et_pb_column type=&#8221;4_4&#8243;][et_pb_text]<\/p>\n<p><span style=\"font-size: 14pt\">Celebramos el d\u00eda del libro, este a\u00f1o dedicado a nuestro compa\u00f1ero Pedro Moya &#8220;Peter Cuentacuentos&#8221;<\/span><\/p>\n<p><span style=\"font-size: 14pt\"><a href='https:\/\/youtu.be\/8tB0nID7dIg' class='icon-button download-icon' target=\"_blank\">Para ver el v\u00eddeo pulsa aqu\u00ed<span class='et-icon'><\/span><\/a> <\/span><\/p>\n<p>[\/et_pb_text][\/et_pb_column][\/et_pb_row][\/et_pb_section]<\/p>\n","protected":false},"excerpt":{"rendered":"<p><div class=\"et_pb_section et_pb_section_0 et_section_regular\" >\n\t\t\t\t\n\t\t\t\t\n\t\t\t\t\n\t\t\t\t\n\t\t\t\t\n\t\t\t\t\n\t\t\t\t\n\t\t\t\t\n\t\t\t\t\n\t\t\t<\/div><div class=\"et_pb_row et_pb_row_0 et_pb_row_empty\">\n\t\t\t\t\n\t\t\t\t\n\t\t\t\t\n\t\t\t\t\n\t\t\t\t\n\t\t\t<\/div><div class=\"et_pb_module et_pb_text et_pb_text_0  et_pb_text_align_left et_pb_bg_layout_light\">\n\t\t\t\t\n\t\t\t\t\n\t\t\t\t\n\t\t\t\t\n\t\t\t\t\n\t\t\t<\/div> Celebramos el d\u00eda del libro, este a\u00f1o dedicado a nuestro compa\u00f1ero Pedro Moya &#8220;Peter Cuentacuentos&#8221; <a href='https:\/\/youtu.be\/8tB0nID7dIg' class='icon-button download-icon' target=\"_blank\">Para ver el v\u00eddeo pulsa aqu\u00ed<span class='et-icon'><\/span><\/a><\/p>\n","protected":false},"author":12730,"featured_media":1682,"comment_status":"closed","ping_status":"open","sticky":false,"template":"","format":"standard","meta":{"_et_pb_use_builder":"on","_et_pb_old_content":"<p><span style=\"font-size: 14pt;\">Celebramos el d\u00eda del libro, este a\u00f1o dedicado a nuestro compa\u00f1ero Pedro Moya \"Peter Cuentacuentos\"<\/span><\/p><p><span style=\"font-size: 14pt;\">[button link=\"https:\/\/youtu.be\/8tB0nID7dIg\" type=\"icon\" color=\"lightblue\" newwindow=\"yes\"] Para ver el v\u00eddeo pulsa aqu\u00ed[\/button] <\/span><\/p>","_et_gb_content_width":"","ngg_post_thumbnail":0,"footnotes":""},"categories":[4],"tags":[],"aioseo_notices":[],"_links":{"self":[{"href":"https:\/\/blogsaverroes.juntadeandalucia.es\/colegiojuventudjerez\/wp-json\/wp\/v2\/posts\/1681"}],"collection":[{"href":"https:\/\/blogsaverroes.juntadeandalucia.es\/colegiojuventudjerez\/wp-json\/wp\/v2\/posts"}],"about":[{"href":"https:\/\/blogsaverroes.juntadeandalucia.es\/colegiojuventudjerez\/wp-json\/wp\/v2\/types\/post"}],"author":[{"embeddable":true,"href":"https:\/\/blogsaverroes.juntadeandalucia.es\/colegiojuventudjerez\/wp-json\/wp\/v2\/users\/12730"}],"replies":[{"embeddable":true,"href":"https:\/\/blogsaverroes.juntadeandalucia.es\/colegiojuventudjerez\/wp-json\/wp\/v2\/comments?post=1681"}],"version-history":[{"count":3,"href":"https:\/\/blogsaverroes.juntadeandalucia.es\/colegiojuventudjerez\/wp-json\/wp\/v2\/posts\/1681\/revisions"}],"predecessor-version":[{"id":1690,"href":"https:\/\/blogsaverroes.juntadeandalucia.es\/colegiojuventudjerez\/wp-json\/wp\/v2\/posts\/1681\/revisions\/1690"}],"wp:featuredmedia":[{"embeddable":true,"href":"https:\/\/blogsaverroes.juntadeandalucia.es\/colegiojuventudjerez\/wp-json\/wp\/v2\/media\/1682"}],"wp:attachment":[{"href":"https:\/\/blogsaverroes.juntadeandalucia.es\/colegiojuventudjerez\/wp-json\/wp\/v2\/media?parent=1681"}],"wp:term":[{"taxonomy":"category","embeddable":true,"href":"https:\/\/blogsaverroes.juntadeandalucia.es\/colegiojuventudjerez\/wp-json\/wp\/v2\/categories?post=1681"},{"taxonomy":"post_tag","embeddable":true,"href":"https:\/\/blogsaverroes.juntadeandalucia.es\/colegiojuventudjerez\/wp-json\/wp\/v2\/tags?post=1681"}],"curies":[{"name":"wp","href":"https:\/\/api.w.org\/{rel}","templated":true}]}}