{"id":911,"date":"2021-04-20T10:25:06","date_gmt":"2021-04-20T09:25:06","guid":{"rendered":"https:\/\/blogsaverroes.juntadeandalucia.es\/colegiojuventudjerez\/?p=911"},"modified":"2021-09-02T06:44:28","modified_gmt":"2021-09-02T05:44:28","slug":"conectando-con-el-sur","status":"publish","type":"post","link":"https:\/\/blogsaverroes.juntadeandalucia.es\/colegiojuventudjerez\/conectando-con-el-sur\/","title":{"rendered":"Conectando con el Sur"},"content":{"rendered":"<p><span style=\"font-size: 18pt\">Cartel sobre una actividad que se est\u00e1 haciendo en la zona Sur para favorecer la realizaci\u00f3n de diferentes tr\u00e1mites digitales.<\/span><\/p>\n<p><span style=\"font-size: 18pt\">Tambi\u00e9n est\u00e1 disponible un espacio comunitario virtual donde se pueden consultar videos tutoriales y acceder a un formulario donde realizar consultas y resolver dudas.&nbsp;<\/span><\/p>\n<p><span style=\"font-size: 18pt\">Os facilitamos el enlace donde poder consultar informaci\u00f3n:&nbsp;<\/span><\/p>\n<p><a href=\"https:\/\/www.yosoyzonasur.com\/conectando-al-sur\/\" target=\"_blank\" rel=\"noopener noreferrer\"><span style=\"font-size: 18pt\">Conectando al Sur- Yo soy Zona Sur<\/span><\/a><\/p>\n","protected":false},"excerpt":{"rendered":"<p>Cartel sobre una actividad que se est\u00e1 haciendo en la zona Sur para favorecer la realizaci\u00f3n de diferentes tr\u00e1mites digitales. Tambi\u00e9n est\u00e1 disponible un espacio comunitario virtual donde se pueden consultar videos tutoriales y acceder a un formulario donde realizar consultas y resolver dudas.&nbsp; Os facilitamos el enlace donde poder consultar informaci\u00f3n:&nbsp; Conectando al Sur- [&hellip;]<\/p>\n","protected":false},"author":12730,"featured_media":917,"comment_status":"closed","ping_status":"open","sticky":false,"template":"","format":"standard","meta":{"_et_pb_use_builder":"","_et_pb_old_content":"","_et_gb_content_width":"","ngg_post_thumbnail":0,"footnotes":""},"categories":[4],"tags":[11,12],"aioseo_notices":[],"_links":{"self":[{"href":"https:\/\/blogsaverroes.juntadeandalucia.es\/colegiojuventudjerez\/wp-json\/wp\/v2\/posts\/911"}],"collection":[{"href":"https:\/\/blogsaverroes.juntadeandalucia.es\/colegiojuventudjerez\/wp-json\/wp\/v2\/posts"}],"about":[{"href":"https:\/\/blogsaverroes.juntadeandalucia.es\/colegiojuventudjerez\/wp-json\/wp\/v2\/types\/post"}],"author":[{"embeddable":true,"href":"https:\/\/blogsaverroes.juntadeandalucia.es\/colegiojuventudjerez\/wp-json\/wp\/v2\/users\/12730"}],"replies":[{"embeddable":true,"href":"https:\/\/blogsaverroes.juntadeandalucia.es\/colegiojuventudjerez\/wp-json\/wp\/v2\/comments?post=911"}],"version-history":[{"count":7,"href":"https:\/\/blogsaverroes.juntadeandalucia.es\/colegiojuventudjerez\/wp-json\/wp\/v2\/posts\/911\/revisions"}],"predecessor-version":[{"id":1160,"href":"https:\/\/blogsaverroes.juntadeandalucia.es\/colegiojuventudjerez\/wp-json\/wp\/v2\/posts\/911\/revisions\/1160"}],"wp:featuredmedia":[{"embeddable":true,"href":"https:\/\/blogsaverroes.juntadeandalucia.es\/colegiojuventudjerez\/wp-json\/wp\/v2\/media\/917"}],"wp:attachment":[{"href":"https:\/\/blogsaverroes.juntadeandalucia.es\/colegiojuventudjerez\/wp-json\/wp\/v2\/media?parent=911"}],"wp:term":[{"taxonomy":"category","embeddable":true,"href":"https:\/\/blogsaverroes.juntadeandalucia.es\/colegiojuventudjerez\/wp-json\/wp\/v2\/categories?post=911"},{"taxonomy":"post_tag","embeddable":true,"href":"https:\/\/blogsaverroes.juntadeandalucia.es\/colegiojuventudjerez\/wp-json\/wp\/v2\/tags?post=911"}],"curies":[{"name":"wp","href":"https:\/\/api.w.org\/{rel}","templated":true}]}}