{"id":842,"date":"2024-02-10T18:47:45","date_gmt":"2024-02-10T17:47:45","guid":{"rendered":"https:\/\/blogsaverroes.juntadeandalucia.es\/colegiopadremanjon\/?p=842"},"modified":"2024-02-10T18:49:53","modified_gmt":"2024-02-10T17:49:53","slug":"jorge-moreno","status":"publish","type":"post","link":"https:\/\/blogsaverroes.juntadeandalucia.es\/colegiopadremanjon\/jorge-moreno\/","title":{"rendered":"Jorge Moreno"},"content":{"rendered":"<p>Recordar a nuestro compa\u00f1ero Jorge Moreno C\u00e1ceres como miembro del Consejo Escolar del centro en representaci\u00f3n del Ayuntamiento de Hu\u00e9tor T\u00e1jar.<\/p>\n<p>En su centro de origen, el CEIP&nbsp; Elena Mart\u00edn Vivaldi de Loja, el pabell\u00f3n deportivo del centro ha pasado a denominarse Jorge Moreno C\u00e1ceres como muestra de reconocimiento a este maestro que dejo un vac\u00edo entre sus compa\u00f1eros y compa\u00f1eras,&nbsp; alumnado y como no entre los miembros que componemos el Consejo Escolar del CEIP&nbsp; Padre Manj\u00f3n y entre todos y todas los que lo conoc\u00edamos.<\/p>\n<p><img loading=\"lazy\" decoding=\"async\" class=\"alignnone size-medium wp-image-846\" src=\"https:\/\/blogsaverroes.juntadeandalucia.es\/colegiopadremanjon\/files\/2024\/02\/jorge-moreno-300x225.jpg\" alt=\"\" width=\"300\" height=\"225\"> Foto: C.M<\/p>\n<p>Accede a la informaci\u00f3n en el peri\u00f3dico El corto de Loja<\/p>\n<p><a href=\"https:\/\/www.elcortodigital.es\/noticia\/el-colegio-elena-martin-vivaldi-dedica-su-pabellon-deportivo-al-docente-jorge-moreno-caceres\"> https:\/\/www.elcortodigital.es\/noticia\/el-colegio-elena-martin-vivaldi-dedica-su-pabellon-deportivo-al-docente-jorge-moreno-caceres<\/a><\/p>\n<p>&nbsp;<\/p>\n","protected":false},"excerpt":{"rendered":"<p>Recordar a nuestro compa\u00f1ero Jorge Moreno C\u00e1ceres como miembro del Consejo Escolar del centro en representaci\u00f3n del Ayuntamiento de Hu\u00e9tor T\u00e1jar. En su centro de origen, el CEIP&nbsp; Elena Mart\u00edn Vivaldi de Loja, el pabell\u00f3n deportivo del centro ha pasado a denominarse Jorge Moreno C\u00e1ceres como muestra de reconocimiento a este maestro que dejo un [&hellip;]<\/p>\n","protected":false},"author":18504,"featured_media":843,"comment_status":"closed","ping_status":"open","sticky":false,"template":"","format":"standard","meta":{"_et_pb_use_builder":"","_et_pb_old_content":"","_et_gb_content_width":"","ngg_post_thumbnail":0,"footnotes":""},"categories":[4],"tags":[],"aioseo_notices":[],"_links":{"self":[{"href":"https:\/\/blogsaverroes.juntadeandalucia.es\/colegiopadremanjon\/wp-json\/wp\/v2\/posts\/842"}],"collection":[{"href":"https:\/\/blogsaverroes.juntadeandalucia.es\/colegiopadremanjon\/wp-json\/wp\/v2\/posts"}],"about":[{"href":"https:\/\/blogsaverroes.juntadeandalucia.es\/colegiopadremanjon\/wp-json\/wp\/v2\/types\/post"}],"author":[{"embeddable":true,"href":"https:\/\/blogsaverroes.juntadeandalucia.es\/colegiopadremanjon\/wp-json\/wp\/v2\/users\/18504"}],"replies":[{"embeddable":true,"href":"https:\/\/blogsaverroes.juntadeandalucia.es\/colegiopadremanjon\/wp-json\/wp\/v2\/comments?post=842"}],"version-history":[{"count":4,"href":"https:\/\/blogsaverroes.juntadeandalucia.es\/colegiopadremanjon\/wp-json\/wp\/v2\/posts\/842\/revisions"}],"predecessor-version":[{"id":848,"href":"https:\/\/blogsaverroes.juntadeandalucia.es\/colegiopadremanjon\/wp-json\/wp\/v2\/posts\/842\/revisions\/848"}],"wp:featuredmedia":[{"embeddable":true,"href":"https:\/\/blogsaverroes.juntadeandalucia.es\/colegiopadremanjon\/wp-json\/wp\/v2\/media\/843"}],"wp:attachment":[{"href":"https:\/\/blogsaverroes.juntadeandalucia.es\/colegiopadremanjon\/wp-json\/wp\/v2\/media?parent=842"}],"wp:term":[{"taxonomy":"category","embeddable":true,"href":"https:\/\/blogsaverroes.juntadeandalucia.es\/colegiopadremanjon\/wp-json\/wp\/v2\/categories?post=842"},{"taxonomy":"post_tag","embeddable":true,"href":"https:\/\/blogsaverroes.juntadeandalucia.es\/colegiopadremanjon\/wp-json\/wp\/v2\/tags?post=842"}],"curies":[{"name":"wp","href":"https:\/\/api.w.org\/{rel}","templated":true}]}}