{"id":1106,"date":"2023-11-29T09:14:44","date_gmt":"2023-11-29T09:14:44","guid":{"rendered":"https:\/\/blogsaverroes.juntadeandalucia.es\/colegiorafaelalberti\/?p=1106"},"modified":"2023-11-29T09:21:01","modified_gmt":"2023-11-29T09:21:01","slug":"excursion-al-torcal-de-antequera","status":"publish","type":"post","link":"https:\/\/blogsaverroes.juntadeandalucia.es\/colegiorafaelalberti\/2023\/11\/29\/excursion-al-torcal-de-antequera\/","title":{"rendered":"Excursi\u00f3n al Torcal de Antequera"},"content":{"rendered":"<p style=\"text-align: left\">Hemos&nbsp; llevamos a cabo una salida al Torcal de Antequera con nuestro alumnado de tercer ciclo (5\u00ba y 6\u00ba) , 1\u00ba y 2\u00ba de la E.S.O. Se trata de una actividad curricular de car\u00e1cter l\u00fadico-educativo e interdisciplinar en la que hemos podido disfrutar de un maravilloso d\u00eda en contacto con la naturaleza, en un marco natural incomparable. Concretamente, hemos realizado una ruta de senderismo interpretativo denominada la ruta de los Ammonites. Aunque el nombre se centra en los incre\u00edbles f\u00f3siles que podemos descubrir a lo largo de la ruta, tambi\u00e9n hemos podido disfrutar de otros tesoros extraordinarios que representan un s\u00edmbolo de este particular relieve k\u00e1rstico que conforma la formaci\u00f3n del Torcal, como son el Tornillo y el Sombrerillo entre otras formaciones rocosas. Paralelamente, y gracias a los estupendos gu\u00edas que nos acompa\u00f1aron durante el recorrido, hemos aprendido numerosas curiosidades e informaci\u00f3n referentes a la flora y fauna que habita en este maravilloso paraje, as\u00ed como otros aspectos relacionados con la formaci\u00f3n de este relieve y sus particularidades desde un punto de vista geol\u00f3gico. En definitiva, fue un d\u00eda en el que que el alumnado fue expuesto a una situaci\u00f3n de aprendizaje y ocio, donde las distintas \u00e1reas de nuestro curriculum se mezclaron para brindarnos un maravilloso d\u00eda de sol, naturaleza, cultura y diversi\u00f3n.<\/p>\n<p>&nbsp;<\/p>\nngg_shortcode_0_placeholder\n","protected":false},"excerpt":{"rendered":"<p>Hemos&nbsp; llevamos a cabo una salida al Torcal de Antequera con nuestro alumnado de tercer ciclo (5\u00ba y 6\u00ba) , 1\u00ba y 2\u00ba de la E.S.O. Se trata de una actividad curricular de car\u00e1cter&#46;&#46;&#46;<\/p>\n","protected":false},"author":3038,"featured_media":0,"comment_status":"open","ping_status":"open","sticky":false,"template":"","format":"standard","meta":{"ngg_post_thumbnail":0,"footnotes":""},"categories":[1705],"tags":[],"aioseo_notices":[],"_links":{"self":[{"href":"https:\/\/blogsaverroes.juntadeandalucia.es\/colegiorafaelalberti\/wp-json\/wp\/v2\/posts\/1106"}],"collection":[{"href":"https:\/\/blogsaverroes.juntadeandalucia.es\/colegiorafaelalberti\/wp-json\/wp\/v2\/posts"}],"about":[{"href":"https:\/\/blogsaverroes.juntadeandalucia.es\/colegiorafaelalberti\/wp-json\/wp\/v2\/types\/post"}],"author":[{"embeddable":true,"href":"https:\/\/blogsaverroes.juntadeandalucia.es\/colegiorafaelalberti\/wp-json\/wp\/v2\/users\/3038"}],"replies":[{"embeddable":true,"href":"https:\/\/blogsaverroes.juntadeandalucia.es\/colegiorafaelalberti\/wp-json\/wp\/v2\/comments?post=1106"}],"version-history":[{"count":3,"href":"https:\/\/blogsaverroes.juntadeandalucia.es\/colegiorafaelalberti\/wp-json\/wp\/v2\/posts\/1106\/revisions"}],"predecessor-version":[{"id":1130,"href":"https:\/\/blogsaverroes.juntadeandalucia.es\/colegiorafaelalberti\/wp-json\/wp\/v2\/posts\/1106\/revisions\/1130"}],"wp:attachment":[{"href":"https:\/\/blogsaverroes.juntadeandalucia.es\/colegiorafaelalberti\/wp-json\/wp\/v2\/media?parent=1106"}],"wp:term":[{"taxonomy":"category","embeddable":true,"href":"https:\/\/blogsaverroes.juntadeandalucia.es\/colegiorafaelalberti\/wp-json\/wp\/v2\/categories?post=1106"},{"taxonomy":"post_tag","embeddable":true,"href":"https:\/\/blogsaverroes.juntadeandalucia.es\/colegiorafaelalberti\/wp-json\/wp\/v2\/tags?post=1106"}],"curies":[{"name":"wp","href":"https:\/\/api.w.org\/{rel}","templated":true}]}}